{"id":521334,"date":"2021-09-22T00:04:53","date_gmt":"2021-09-22T05:04:53","guid":{"rendered":"https:\/\/www.diarioimagen.net\/?p=521334"},"modified":"2021-09-22T08:52:48","modified_gmt":"2021-09-22T13:52:48","slug":"sensibilizan-a-servidores-publicos-de-cuautitlan-sobre-violencia-de-genero","status":"publish","type":"post","link":"https:\/\/www.diarioimagen.net\/?p=521334","title":{"rendered":"Sensibilizan a servidores p\u00fablicos de Cuautitl\u00e1n sobre violencia de g\u00e9nero"},"content":{"rendered":"<p>&nbsp;<\/p>\n<ul>\n<li><strong><em>Fundamental, en la atenci\u00f3n a la poblaci\u00f3n<\/em><\/strong><\/li>\n<\/ul>\n<p>&nbsp;<\/p>\n<div id=\"attachment_521453\" style=\"width: 470px\" class=\"wp-caption aligncenter\"><a href=\"https:\/\/www.diarioimagen.net\/?attachment_id=521453\" rel=\"attachment wp-att-521453\"><img loading=\"lazy\" decoding=\"async\" aria-describedby=\"caption-attachment-521453\" class=\"size-full wp-image-521453\" src=\"https:\/\/www.diarioimagen.net\/wp-content\/uploads\/2021\/09\/cuautitlan-1-1.jpg\" alt=\"\" width=\"460\" height=\"270\" \/><\/a><p id=\"caption-attachment-521453\" class=\"wp-caption-text\">La Coordinaci\u00f3n de la Mujer e Igualdad de G\u00e9nero de Cuautitl\u00e1n sostuvo una pl\u00e1tica con empleados municipales para su sensibilizaci\u00f3n.<\/p><\/div>\n<p>&nbsp;<\/p>\n<p><strong>Cuautitl\u00e1n, Estado de M\u00e9xico.-<\/strong> Sensibilizar a los servidores p\u00fablicos en el tema de violencia de g\u00e9nero, es fundamental para mejorar la atenci\u00f3n a la ciudadan\u00eda estableciendo empat\u00eda entre compa\u00f1eros en el ambiente laboral, as\u00ed lo dio a conocer la Coordinaci\u00f3n de la Mujer e Igualdad de G\u00e9nero de Cuautitl\u00e1n, durante una pl\u00e1tica a los empleados municipales.<\/p>\n<p>Se vienen realizando las exposiciones sobre este tema, ante lo que hemos estado viviendo con la pandemia y hoy platicamos con el personal sindicalizado que tiene una parte fundamental en la dotaci\u00f3n de servicios a la poblaci\u00f3n, reconoci\u00f3 la dependencia.<\/p>\n<p>Se ampl\u00edan los temas de los cursos, como el de las nuevas masculinidades, desarrollando otras formas de acercarnos a todos los trabajadores del ayuntamiento, abarcando temas legales de manera general para que tengan los conocimientos b\u00e1sicos de los derechos de hombres y mujeres y de las leyes que los protegen.<\/p>\n<p>Adem\u00e1s, se les informa que dentro de la administraci\u00f3n municipal ya se cuenta con una unidad contra la violencia de g\u00e9nero que se encuentra dentro de la coordinaci\u00f3n de la mujer, donde pueden recibir orientaci\u00f3n y acompa\u00f1amiento sobre temas jur\u00eddicos y de atenci\u00f3n psicol\u00f3gica.<\/p>\n<p>Esta platicas tambi\u00e9n se llevan a las comunidades a trav\u00e9s de la presentaci\u00f3n de especialistas, dando a conocer el servicio que se otorgan de manera gratuita sobre los temas de violencia y trabajando de la mano con la Unidad de Prevenci\u00f3n del Delito de la Direcci\u00f3n de Seguridad P\u00fablica del municipio.<\/p>\n<p>Es importante que la poblaci\u00f3n solicite estas pl\u00e1ticas con el fin de acercar los servicios, por lo que estamos en contacto con los consejos de participaci\u00f3n (COPACI) de las comunidades, donde nos expresan sus necesidades, por lo que planeamos los temas con el fin de abordarlos con platicas de los especialistas.<\/p>\n","protected":false},"excerpt":{"rendered":"<p>Sensibilizar a los servidores p\u00fablicos en el tema de violencia de g\u00e9nero, es fundamental para mejorar la atenci\u00f3n a la ciudadan\u00eda estableciendo empat\u00eda entre compa\u00f1eros en el ambiente laboral, as\u00ed lo dio a conocer la Coordinaci\u00f3n de la Mujer e Igualdad de G\u00e9nero de Cuautitl\u00e1n, durante una pl\u00e1tica a los empleados municipales.<\/p>\n","protected":false},"author":3,"featured_media":521453,"comment_status":"open","ping_status":"open","sticky":false,"template":"","format":"standard","meta":{"_monsterinsights_skip_tracking":false,"_monsterinsights_sitenote_active":false,"_monsterinsights_sitenote_note":"","_monsterinsights_sitenote_category":0,"footnotes":""},"categories":[5],"tags":[681,43675,25269,5066],"class_list":["post-521334","post","type-post","status-publish","format-standard","has-post-thumbnail","hentry","category-estado-de-mexico","tag-cuautitlan","tag-estado-de-mexico","tag-genero","tag-violencia"],"_links":{"self":[{"href":"https:\/\/www.diarioimagen.net\/index.php?rest_route=\/wp\/v2\/posts\/521334","targetHints":{"allow":["GET"]}}],"collection":[{"href":"https:\/\/www.diarioimagen.net\/index.php?rest_route=\/wp\/v2\/posts"}],"about":[{"href":"https:\/\/www.diarioimagen.net\/index.php?rest_route=\/wp\/v2\/types\/post"}],"author":[{"embeddable":true,"href":"https:\/\/www.diarioimagen.net\/index.php?rest_route=\/wp\/v2\/users\/3"}],"replies":[{"embeddable":true,"href":"https:\/\/www.diarioimagen.net\/index.php?rest_route=%2Fwp%2Fv2%2Fcomments&post=521334"}],"version-history":[{"count":0,"href":"https:\/\/www.diarioimagen.net\/index.php?rest_route=\/wp\/v2\/posts\/521334\/revisions"}],"wp:featuredmedia":[{"embeddable":true,"href":"https:\/\/www.diarioimagen.net\/index.php?rest_route=\/wp\/v2\/media\/521453"}],"wp:attachment":[{"href":"https:\/\/www.diarioimagen.net\/index.php?rest_route=%2Fwp%2Fv2%2Fmedia&parent=521334"}],"wp:term":[{"taxonomy":"category","embeddable":true,"href":"https:\/\/www.diarioimagen.net\/index.php?rest_route=%2Fwp%2Fv2%2Fcategories&post=521334"},{"taxonomy":"post_tag","embeddable":true,"href":"https:\/\/www.diarioimagen.net\/index.php?rest_route=%2Fwp%2Fv2%2Ftags&post=521334"}],"curies":[{"name":"wp","href":"https:\/\/api.w.org\/{rel}","templated":true}]}}