{"id":521354,"date":"2021-09-22T00:13:11","date_gmt":"2021-09-22T05:13:11","guid":{"rendered":"https:\/\/www.diarioimagen.net\/?p=521354"},"modified":"2021-09-22T06:49:38","modified_gmt":"2021-09-22T11:49:38","slug":"mexico-suma-8-semanas-al-hilo-con-baja-en-contagios-reporta-ssa","status":"publish","type":"post","link":"https:\/\/www.diarioimagen.net\/?p=521354","title":{"rendered":"M\u00e9xico suma 8 semanas al hilo con baja en contagios, reporta Ssa"},"content":{"rendered":"<p>&nbsp;<\/p>\n<h3 style=\"text-align: center;\">Tendencia a la desocupaci\u00f3n de hospitales Covid<\/h3>\n<p>&nbsp;<\/p>\n<ul>\n<li><em><strong>El gobierno federal minimiza la circulaci\u00f3n de la variante Mu en el pa\u00eds<\/strong><\/em><\/li>\n<\/ul>\n<p>&nbsp;<\/p>\n<div id=\"attachment_521430\" style=\"width: 470px\" class=\"wp-caption aligncenter\"><a href=\"https:\/\/www.diarioimagen.net\/?attachment_id=521430\" rel=\"attachment wp-att-521430\"><img loading=\"lazy\" decoding=\"async\" aria-describedby=\"caption-attachment-521430\" class=\"size-full wp-image-521430\" src=\"https:\/\/www.diarioimagen.net\/wp-content\/uploads\/2021\/09\/PANDEMIA-A-LA-BAJA.jpg\" alt=\"\" width=\"460\" height=\"270\" \/><\/a><p id=\"caption-attachment-521430\" class=\"wp-caption-text\">Por octava semana consecutiva, se observa en M\u00e9xico una reducci\u00f3n de los contagios por Covid-19, asegura Salud federal.<\/p><\/div>\n<p>&nbsp;<\/p>\n<p>El subsecretario de Salud, Hugo L\u00f3pez-Gatell, inform\u00f3 que por octava semana consecutiva se observa en M\u00e9xico la reducci\u00f3n de los impactos de la pandemia por Covid-19. Subray\u00f3 que esta semana inici\u00f3 con una reducci\u00f3n de 25 por ciento en los contagios.<\/p>\n<p>Tambi\u00e9n anunci\u00f3 que se observa una tendencia a la desocupaci\u00f3n de hospitales Covid y la vacunaci\u00f3n, que cubre todo el territorio nacional, avanza en el sector de 30 a 39 a\u00f1os de edad y la mitad, en el grupo de 18 a\u00f1os.<\/p>\n<p>Destac\u00f3 el trabajo coordinado por el Instituto de Diagn\u00f3stico y Referencia Epidemiol\u00f3gica (InDRE) para identificar las variantes del SARS-CoV-2. Adujo que se han identificado en M\u00e9xico todas las letras de las variables, entre ellas la MU que es m\u00e1s virulenta, y en cualquier momento que se tenga informaci\u00f3n, se aportar\u00eda a la poblaci\u00f3n.<\/p>\n<p>Tambi\u00e9n dijo que a la fecha se han aplicado 96 millones de dosis aplicadas a 92.5 millones de personas y el 68 por ciento de ellos tienen el esquema completo. De esto \u00faltimo se ha inoculado al 70 por ciento de las personas adultas.<\/p>\n<p>El recuento de vacunas recibidas -mediante los esquemas adquisici\u00f3n y donaci\u00f3n- es de 109 millones y durante esta semana se habr\u00e1n de recibir casi cuatro millones de dosis, entre ellas un mill\u00f3n 750 mil de Moderna, donadas por Estados Unidos.<\/p>\n<p style=\"text-align: center;\"><strong>Minimiza Ssa la circulaci\u00f3n de la variante Mu en el pa\u00eds <\/strong><\/p>\n<p>El subsecretario de Salud confirm\u00f3 que la variante Mu de la Covid-19, as\u00ed como otras, ya \u201ccircula en M\u00e9xico\u201d.<\/p>\n<p>Se\u00f1al\u00f3 que a principios de a\u00f1o se registraron contagios por Covid-19 de la variante Mu, sin embargo, sostuvo que esta variante a\u00fan no implica un riesgo mayor en este momento.<\/p>\n<p>\u201cYa tenemos la variante Mu, que se identific\u00f3 en Sudam\u00e9rica y hasta el momento no est\u00e1 clasificada como variante de preocupaci\u00f3n, s\u00f3lo de inter\u00e9s, por lo tanto no existe evidencia que indique que sea m\u00e1s transmisible ni m\u00e1s virulenta ni que escape a inmunidad de vacunas\u201d, asegur\u00f3.<\/p>\n<p>L\u00f3pez-Gatell indic\u00f3 que en M\u00e9xico se han detectado a las variantes reconocidas como variables de preocupaci\u00f3n: Alfa, Beta, Gama y Delta; as\u00ed como las de inter\u00e9s: Theta, Iota, Kappa, Lambda y Mu.<\/p>\n<p>El funcionario federal, adem\u00e1s, destac\u00f3 una reducci\u00f3n de 25 por ciento en casos de Covid-19 en el pa\u00eds, as\u00ed como de un 63 por ciento menos en las hospitalizaciones.<\/p>\n<p>En torno a los avances de la vacunaci\u00f3n contra Covid-19, el subsecretario asegur\u00f3 que se han aplicado 96 millones 80 mil 633 dosis a 62 millones 466 mil 37 personas, de las cuales 68 por ciento ya tienen un esquema completo.<\/p>\n<p>El pasado 1 de septiembre la Organizaci\u00f3n Mundial de la Salud inform\u00f3 que la variante Mu de la Covid-19, registrada por primera vez en Colombia en enero pasado, hab\u00eda sido a\u00f1adida a la lista de vigilancia despu\u00e9s de detectarse en 39 pa\u00edses.<\/p>\n","protected":false},"excerpt":{"rendered":"<p>El subsecretario de Salud, Hugo L\u00f3pez-Gatell, inform\u00f3 que por octava semana consecutiva se observa en M\u00e9xico la reducci\u00f3n de los impactos de la pandemia por Covid-19. Subray\u00f3 que esta semana inici\u00f3 con una reducci\u00f3n de 25 por ciento en los contagios.<\/p>\n","protected":false},"author":3,"featured_media":521430,"comment_status":"open","ping_status":"open","sticky":false,"template":"","format":"standard","meta":{"_monsterinsights_skip_tracking":false,"_monsterinsights_sitenote_active":false,"_monsterinsights_sitenote_note":"","_monsterinsights_sitenote_category":0,"footnotes":""},"categories":[877],"tags":[19701,90716,82323,43692],"class_list":["post-521354","post","type-post","status-publish","format-standard","has-post-thumbnail","hentry","category-salud","tag-baja","tag-contagios","tag-hugo-lopez-gatell","tag-salud"],"_links":{"self":[{"href":"https:\/\/www.diarioimagen.net\/index.php?rest_route=\/wp\/v2\/posts\/521354","targetHints":{"allow":["GET"]}}],"collection":[{"href":"https:\/\/www.diarioimagen.net\/index.php?rest_route=\/wp\/v2\/posts"}],"about":[{"href":"https:\/\/www.diarioimagen.net\/index.php?rest_route=\/wp\/v2\/types\/post"}],"author":[{"embeddable":true,"href":"https:\/\/www.diarioimagen.net\/index.php?rest_route=\/wp\/v2\/users\/3"}],"replies":[{"embeddable":true,"href":"https:\/\/www.diarioimagen.net\/index.php?rest_route=%2Fwp%2Fv2%2Fcomments&post=521354"}],"version-history":[{"count":0,"href":"https:\/\/www.diarioimagen.net\/index.php?rest_route=\/wp\/v2\/posts\/521354\/revisions"}],"wp:featuredmedia":[{"embeddable":true,"href":"https:\/\/www.diarioimagen.net\/index.php?rest_route=\/wp\/v2\/media\/521430"}],"wp:attachment":[{"href":"https:\/\/www.diarioimagen.net\/index.php?rest_route=%2Fwp%2Fv2%2Fmedia&parent=521354"}],"wp:term":[{"taxonomy":"category","embeddable":true,"href":"https:\/\/www.diarioimagen.net\/index.php?rest_route=%2Fwp%2Fv2%2Fcategories&post=521354"},{"taxonomy":"post_tag","embeddable":true,"href":"https:\/\/www.diarioimagen.net\/index.php?rest_route=%2Fwp%2Fv2%2Ftags&post=521354"}],"curies":[{"name":"wp","href":"https:\/\/api.w.org\/{rel}","templated":true}]}}