{"id":521372,"date":"2021-09-22T00:03:39","date_gmt":"2021-09-22T05:03:39","guid":{"rendered":"https:\/\/www.diarioimagen.net\/?p=521372"},"modified":"2021-09-22T05:38:08","modified_gmt":"2021-09-22T10:38:08","slug":"eleccion-en-canada","status":"publish","type":"post","link":"https:\/\/www.diarioimagen.net\/?p=521372","title":{"rendered":"Elecci\u00f3n en Canad\u00e1"},"content":{"rendered":"<h2>Espacio Electoral<\/h2>\n<h5>Eleazar Flores<\/h5>\n<p><strong>\u00a0<\/strong><\/p>\n<p><strong>TRUDEAU, DE DIEZ-.<\/strong> Este espacio en su nombre lleva la penitencia, por lo que es obligado tratar, y con gusto, lo electoral en Canad\u00e1, m\u00e1xime trat\u00e1ndose de un pa\u00eds de aut\u00e9ntico primer mundo donde habr\u00e1 todo, menos esc\u00e1ndalos gane quien gane, que ya es ganancia, no como donde usted ya sabe.<\/p>\n<p>De seguro sabe, pero muchos no, que Canad\u00e1 es el segundo pa\u00eds al que van a trabajar m\u00e1s mexicanos en todas las \u00e1reas: campo, comercio y hasta educaci\u00f3n.<\/p>\n<p>Por si fuera poco, la corriente pol\u00edtica triunfante en Canad\u00e1 es la liberal, ala ideol\u00f3gica no bien vista por la Cuarta Transformaci\u00f3n, dado que es el grueso de una navaja de rasurar la que diferencia entre liberal y neoliberal, pero ser\u00eda perder tiempo para quienes ya sabe, intentar explicarles.<\/p>\n<p><strong>TRUDEAU-.<\/strong> En elecciones anticipadas por \u00e9l promovidas, el primer ministro Justin Trudeau obtuvo un triunfo holgado aun cuando no alcanz\u00f3 mayor\u00eda calificada, por lo que para integrar su gabinete y gobernar por tercera ocasi\u00f3n consecutiva, tendr\u00e1 que \u201cnegociar\u201d con el Partido Conservador.<\/p>\n<p>No obstante su generosa naturaleza, o tal vez por eso, el Partido Verde no pinta, ya que s\u00f3lo obtuvo dos lugares en la C\u00e1mara de los Comunes, \u00f3rgano parlamentario integrado por 338 elementos con duraci\u00f3n de cinco a\u00f1os. Con sus dos representantes, el Partido Verde no llega ni al 1%, como aqu\u00ed.<\/p>\n<p><strong>C\u00c1MARA DE LOS COMUNES-.<\/strong> La nueva integraci\u00f3n de este cuerpo colegiado tiene mayor\u00eda del Primer Ministro Justin Trudeau con 156 miembros siendo el segundo lugar para los Conservadores con 122 y el tercer lugar fue para el bloque quebequ\u00e9s, con 31 esca\u00f1os.<\/p>\n<p>Tambi\u00e9n particip\u00f3 el Nuevo Partido Democr\u00e1tico de Jagmeet Singh, cuya aspiraci\u00f3n es suceder a Trudeau dentro de dos a\u00f1os. Gan\u00f3 27 posiciones.<\/p>\n<p><strong>LOS TRUDEAU-.<\/strong> El gobierno en Canad\u00e1 lleva casi un cuarto de siglo en manos del apellido Trudeau, sea por el pap\u00e1 Pierre Elliot, que gobern\u00f3 de 1968 a 1979 y volvi\u00f3 de 1980 a 1984 y renunci\u00f3.<\/p>\n<p>Su hijo Justin gobierna Canad\u00e1 desde 2015 y est\u00e1 por lograr una reelecci\u00f3n m\u00e1s. Seguramente que aun dentro de tanta adversidad hace las cosas lo mejor posible.<\/p>\n<p>Por cierto, Justin Trudeau estuvo en Toluca el 19 de febrero de 2014 con motivo de la reuni\u00f3n Cumbre de Am\u00e9rica del Norte, cuando el presidente Enrique Pe\u00f1a Nieto estaba en los cuernos de la luna, al lograr reunir tambi\u00e9n al presidente norteamericano Barak Obama. Ah\u00ed estuvo este escribiente.<\/p>\n<p><strong>EDOMEX.-<\/strong> Adem\u00e1s de los pol\u00edticos premier, acompa\u00f1antes del gobernador Alfredo del Mazo a su Cuarto Informe, tambi\u00e9n estuvieron otros como Santiago Nieto, esp\u00eda econ\u00f3mico de los malos funcionarios y el devaluado Manuel Velasco, cuya militancia partidista oscila entre el verde-moreno.<\/p>\n<p><em><a href=\"mailto:elefa44@gmail.com\" target=\"_blank\" rel=\"noopener noreferrer\">elefa44@gmail.com<\/a><\/em><\/p>\n","protected":false},"excerpt":{"rendered":"<p><span style=\"color: #005497;\"><strong>Eleazar Flores<\/strong><\/span><\/p>\n","protected":false},"author":3,"featured_media":0,"comment_status":"open","ping_status":"open","sticky":false,"template":"","format":"standard","meta":{"_monsterinsights_skip_tracking":false,"_monsterinsights_sitenote_active":false,"_monsterinsights_sitenote_note":"","_monsterinsights_sitenote_category":0,"footnotes":""},"categories":[81743],"tags":[81744,81776,43674],"class_list":["post-521372","post","type-post","status-publish","format-standard","hentry","category-eleazar-flores","tag-eleazar-flores","tag-espacio-electoral","tag-opinion"],"_links":{"self":[{"href":"https:\/\/www.diarioimagen.net\/index.php?rest_route=\/wp\/v2\/posts\/521372","targetHints":{"allow":["GET"]}}],"collection":[{"href":"https:\/\/www.diarioimagen.net\/index.php?rest_route=\/wp\/v2\/posts"}],"about":[{"href":"https:\/\/www.diarioimagen.net\/index.php?rest_route=\/wp\/v2\/types\/post"}],"author":[{"embeddable":true,"href":"https:\/\/www.diarioimagen.net\/index.php?rest_route=\/wp\/v2\/users\/3"}],"replies":[{"embeddable":true,"href":"https:\/\/www.diarioimagen.net\/index.php?rest_route=%2Fwp%2Fv2%2Fcomments&post=521372"}],"version-history":[{"count":0,"href":"https:\/\/www.diarioimagen.net\/index.php?rest_route=\/wp\/v2\/posts\/521372\/revisions"}],"wp:attachment":[{"href":"https:\/\/www.diarioimagen.net\/index.php?rest_route=%2Fwp%2Fv2%2Fmedia&parent=521372"}],"wp:term":[{"taxonomy":"category","embeddable":true,"href":"https:\/\/www.diarioimagen.net\/index.php?rest_route=%2Fwp%2Fv2%2Fcategories&post=521372"},{"taxonomy":"post_tag","embeddable":true,"href":"https:\/\/www.diarioimagen.net\/index.php?rest_route=%2Fwp%2Fv2%2Ftags&post=521372"}],"curies":[{"name":"wp","href":"https:\/\/api.w.org\/{rel}","templated":true}]}}