{"id":521406,"date":"2021-09-22T00:12:57","date_gmt":"2021-09-22T05:12:57","guid":{"rendered":"https:\/\/www.diarioimagen.net\/?p=521406"},"modified":"2021-09-22T05:45:09","modified_gmt":"2021-09-22T10:45:09","slug":"gabinete-de-seguridad-guardia-nacional-y-gobernacion-comparecen-ante-el-senado","status":"publish","type":"post","link":"https:\/\/www.diarioimagen.net\/?p=521406","title":{"rendered":"Gabinete de Seguridad, Guardia Nacional y Gobernaci\u00f3n comparecen ante el Senado\u00a0\u00a0"},"content":{"rendered":"<h2>Tras la puerta del poder<\/h2>\n<h5>Roberto Vizca\u00edno<\/h5>\n<p>&nbsp;<\/p>\n<p>La imagen fue in\u00e9dita. El significado pol\u00edtico, hasta ayer impensable. El efecto, sorprendente.<\/p>\n<p>Ayer, en los hechos, el presidente <strong>Andr\u00e9s Manuel L\u00f3pez Obrador<\/strong> y su Gabinete de Seguridad -encabezado sorpresivamente por el secretario de Gobernaci\u00f3n-, dieron un giro de 180 grados para establecer as\u00ed un nuevo formato en la Glosa de los informes presidenciales ante el Congreso.<\/p>\n<p>Luego de transitar durante 3 a\u00f1os en la permanente reticencia para acudir a rendir cuentas al Congreso, entre duras descalificaciones del propio Presidente, vimos como una parte importante del gabinete lleg\u00f3 en grupo para abrirse totalmente ante la C\u00e1mara alta.<\/p>\n<p>Dice el gran fil\u00f3sofo espa\u00f1ol <strong>Ortega y Gasset <\/strong>que todo en la vida <strong><em>es de acuerdo a su tiempo y circunstancia.\u00a0 <\/em><\/strong><\/p>\n<p>Hoy, la circunstancia exig\u00eda una respuesta distinta. Este momento, donde los \u00edndices y n\u00fameros de los delitos, de las ejecuciones, la inseguridad y la violencia han comenzado a generar ingobernabilidad y graves indicios de que territorios completos son tierra bajo el dominio del <em>narco<\/em> o la delincuencia organizada, obligaba a nuevas formas de comparecencia.<\/p>\n<p>El zacatecano <strong>Ricardo Monreal<\/strong>, presidente de la Junta de Coordinaci\u00f3n Pol\u00edtica, lo advirti\u00f3 desde un d\u00eda antes. Dijo que la comparecencia de la secretaria de Seguridad P\u00fablica, <strong>Rosa Icela Rodr\u00edguez<\/strong>, proyectada para realizarse ayer, no era suficiente para responder a los cuestionamientos previstos de los senadores.<\/p>\n<p>Adelant\u00f3 entonces que solicitar\u00eda al presidente <strong>L\u00f3pez Obrador<\/strong> -v\u00eda el titular de Gobernaci\u00f3n-, que la acompa\u00f1aran los secretarios de la Defensa, general <strong>Luis Crescencio Sandoval<\/strong> y el de Marina, almirante <strong>Jos\u00e9 Rafael Ojeda,<\/strong> junto con el Comandante en jefe de la Guardia Nacional, <strong>Luis Rodr\u00edguez Bucio<\/strong>, todos ellos integrantes del llamado Gabinete de Seguridad.<\/p>\n<p>Y <strong>AMLO<\/strong> accedi\u00f3. Los envi\u00f3 con <strong>Ad\u00e1n Augusto L\u00f3pez<\/strong>, nuevo secretario de Gobernaci\u00f3n, al frente. La comparecencia fue en el Pleno, no en comisiones.<\/p>\n<p>Todos ellos ocuparon la tribuna del senado presidida por su ex compa\u00f1era de gabinete, la ex ministra <strong>Olga S\u00e1nchez Cordero<\/strong>.\u00a0\u00a0 Una imagen para la historia, sin duda.<\/p>\n<p>La sesi\u00f3n, igual, in\u00e9dita y para el registro parlamentario.<\/p>\n<p>Los cuestionamientos y reclamos de la oposici\u00f3n fueron duros, sin concesiones, como era de esperarse de acuerdo con el grave momento mexicano marcado ya por hechos encuadrados en el terrorismo, como son el uso de drones cargados con granadas o autos con explosivos o paquetes con bombas.<\/p>\n<p>Lo menos que dijeron los senadores del PAN, PRI, PRD y MC es que el grado alcanzado por la violencia y la inseguridad en M\u00e9xico, la creciente ocupaci\u00f3n territorial del <em>narco<\/em> y la delincuencia organizada, es el reflejo de la incapacidad del Gobierno y el fracaso de su estrategia de <strong><em>abrazos no balazos<\/em><\/strong>.<\/p>\n<p style=\"text-align: center;\"><strong>Reflexiones<\/strong><\/p>\n<p>Colocar a <strong>Ad\u00e1n Augusto L\u00f3pez<\/strong> al frente del Gabinete de Seguridad restituye, en los hechos, la Seguridad P\u00fablica a Gobernaci\u00f3n.<\/p>\n<p>Acceder a que acudan en grupo los titulares del gabinete al Congreso, marca una nueva forma de hacer pol\u00edtica y una apertura que no se le conoc\u00eda a AMLO.<\/p>\n<p>Y define, adem\u00e1s, que est\u00e1 dispuesto a abrirse a la rendici\u00f3n de cuentas ante el Congreso.<\/p>\n<p>Pero sobre todo a acceder a peticiones como la de <strong>Monreal<\/strong>, qui\u00e9n ayer mismo poste\u00f3:<\/p>\n<p>\u201cReconocemos la voluntad pol\u00edtica del Ejecutivo federal para hacer posible la presencia en el Senado del Gabinete de Seguridad\u201d, dijo.<\/p>\n<p><em><a href=\"mailto:rvizcainoa@gmail.com\" target=\"_blank\" rel=\"noopener noreferrer\">rvizcainoa@gmail.com<\/a><br \/>\n<a href=\"http:\/\/endirecto.mx\" target=\"_blank\" rel=\"noopener noreferrer\">www.endirecto.mx<\/a><br \/>\n<a href=\"https:\/\/twitter.com\/_rvizcaino\" target=\"_blank\" rel=\"noopener noreferrer\">@_RVizcaino<\/a><br \/>\n<a href=\"https:\/\/www.facebook.com\/rvizcainoa\" target=\"_blank\" rel=\"noopener noreferrer\">facebook.com\/rvizcainoa<\/a><\/em><\/p>\n","protected":false},"excerpt":{"rendered":"<p><span style=\"color: #005497;\"><strong>Roberto Vizca\u00edno<\/strong><\/span><br \/>\n<br \/>\nLa imagen fue in\u00e9dita. El significado pol\u00edtico, hasta ayer impensable. El efecto, sorprendente.<\/p>\n","protected":false},"author":3,"featured_media":0,"comment_status":"open","ping_status":"open","sticky":false,"template":"","format":"standard","meta":{"_monsterinsights_skip_tracking":false,"_monsterinsights_sitenote_active":false,"_monsterinsights_sitenote_note":"","_monsterinsights_sitenote_category":0,"footnotes":""},"categories":[136],"tags":[43674,93,94],"class_list":["post-521406","post","type-post","status-publish","format-standard","hentry","category-roberto-vizcaino-opinion","tag-opinion","tag-roberto-vizcaino","tag-tras-la-puerta-del-poder"],"_links":{"self":[{"href":"https:\/\/www.diarioimagen.net\/index.php?rest_route=\/wp\/v2\/posts\/521406","targetHints":{"allow":["GET"]}}],"collection":[{"href":"https:\/\/www.diarioimagen.net\/index.php?rest_route=\/wp\/v2\/posts"}],"about":[{"href":"https:\/\/www.diarioimagen.net\/index.php?rest_route=\/wp\/v2\/types\/post"}],"author":[{"embeddable":true,"href":"https:\/\/www.diarioimagen.net\/index.php?rest_route=\/wp\/v2\/users\/3"}],"replies":[{"embeddable":true,"href":"https:\/\/www.diarioimagen.net\/index.php?rest_route=%2Fwp%2Fv2%2Fcomments&post=521406"}],"version-history":[{"count":0,"href":"https:\/\/www.diarioimagen.net\/index.php?rest_route=\/wp\/v2\/posts\/521406\/revisions"}],"wp:attachment":[{"href":"https:\/\/www.diarioimagen.net\/index.php?rest_route=%2Fwp%2Fv2%2Fmedia&parent=521406"}],"wp:term":[{"taxonomy":"category","embeddable":true,"href":"https:\/\/www.diarioimagen.net\/index.php?rest_route=%2Fwp%2Fv2%2Fcategories&post=521406"},{"taxonomy":"post_tag","embeddable":true,"href":"https:\/\/www.diarioimagen.net\/index.php?rest_route=%2Fwp%2Fv2%2Ftags&post=521406"}],"curies":[{"name":"wp","href":"https:\/\/api.w.org\/{rel}","templated":true}]}}