{"id":521409,"date":"2021-09-22T00:09:55","date_gmt":"2021-09-22T05:09:55","guid":{"rendered":"https:\/\/www.diarioimagen.net\/?p=521409"},"modified":"2021-09-22T05:50:18","modified_gmt":"2021-09-22T10:50:18","slug":"arturo-alcalde-napito-y-pedro-haces-corsarios-sindicales","status":"publish","type":"post","link":"https:\/\/www.diarioimagen.net\/?p=521409","title":{"rendered":"Arturo Alcalde, \u201cNapito\u201d y Pedro Haces, \u00bfcorsarios sindicales?"},"content":{"rendered":"<h2>Poder y dinero<\/h2>\n<h5>V\u00edctor S\u00e1nchez Ba\u00f1os<\/h5>\n<p>&nbsp;<\/p>\n<ul>\n<li><em><strong>Morena toma bot\u00edn del sindicalismo<\/strong><\/em><\/li>\n<li><em><strong>GM, maquiladoras, abandonan la CTM<\/strong><\/em><\/li>\n<li><em><strong>Haces y G\u00f3mez Urrutia, tambi\u00e9n al abordaje<\/strong><\/em><\/li>\n<li><em><strong>Migraci\u00f3n explosiva en todo el pa\u00eds<\/strong><\/em><\/li>\n<\/ul>\n<p>&nbsp;<\/p>\n<p style=\"text-align: right;\"><em>Mi ideal pol\u00edtico es el democr\u00e1tico.<br \/>\nCada uno debe<\/em><em> ser respetado como persona y nadie debe ser divinizado<br \/>\n<\/em><strong>Albert Einstein<\/strong> (1879-1955) Cient\u00edfico alem\u00e1n\u00a0nacionalizado estadounidense<\/p>\n<p>&nbsp;<\/p>\n<p>El secreto a voces en el mundo sindical del pa\u00eds habla del grupo de abogados laborales que encabeza el padre de Luisa Mar\u00eda Alcalde, secretaria de Trabajo, Arturo Alcalde, el control de varios grupos de sindicatos.<\/p>\n<p>Sin embargo, enfrenta severas presiones de otros grupos de Morena, que tambi\u00e9n buscan ocupar el sitio que est\u00e1 dejando la CTM, que d\u00eda a d\u00eda pierde m\u00e1s sindicatos.<\/p>\n<p>El origen es la corrupci\u00f3n de muchos dirigentes de trabajadores que lograban la toma de nota para agrupar a trabajadores. Se convirtieron, en muchos casos, en extorsionadores de empresarios.<\/p>\n<p>Sin embargo, ahora llega el grupo de Pedro Haces y le arrebata seguidores. Pero, tambi\u00e9n est\u00e1 Napole\u00f3n G\u00f3mez Urrutia, un senador mexicano, con nacionalidad canadiense, que ahora va por los trabajadores de armadoras de autos.<\/p>\n<p>Tras denuncias de trabajadores sindicalizados de General Motors en la planta de Silao, Guanajuato, sobre irregularidades en la votaci\u00f3n del Contrato Colectivo de Trabajo escalaron hasta las m\u00e1ximas instancias y deton\u00f3 una queja de Estados Unidos a M\u00e9xico, bajo el nuevo acuerdo TMEC.<\/p>\n<p>Abusos de los dirigentes sindicales de la organizaci\u00f3n \u201cMiguel Trujillo L\u00f3pez\u201d, de la CTM, que viol\u00f3 los estatutos y quisieron enquistarse en la dirigencia, con la simpat\u00eda de los directivos de GM, en esa planta donde producen la Chevrolet Cheyenne, Chevrolet Silverado y GMC Sierra, as\u00ed como motores y transmisiones y trabajan m\u00e1s de seis mil personas.<\/p>\n<p>Por ese motivo, tom\u00f3 control la Secretar\u00eda de Trabajo, para repetir elecciones que perdieron dirigentes de la CTM.<\/p>\n<p>Se menciona que buscan pol\u00edticos de Morena atrapar a los trabajadores y el control del contrato colectivo, con el objetivo de manejar a los grupos sindicales.<\/p>\n<p>Adem\u00e1s, la AFL-CIO, la organizaci\u00f3n m\u00e1s poderosa de sindicatos de Am\u00e9rica del Norte, solicit\u00f3 al gobierno de L\u00f3pez Obrador, presentar la primera denuncia laboral contra M\u00e9xico bajo el nuevo acuerdo comercial.<\/p>\n<p>La central obrera m\u00e1s grande de Estados Unidos denunci\u00f3 a la empresa Tridonex por obstaculizar la elecci\u00f3n de una representaci\u00f3n sindical independiente en su planta de autopartes en Matamoros, Tamaulipas.<\/p>\n<p>Esta asociaci\u00f3n, que estaba de la mano de <em>Napito<\/em>, ahora cuenta con la influencia de Arturo Alcalde, cuyo grupo de abogados estaba atr\u00e1s del conflicto de maquiladoras en el 2019.<\/p>\n<p>La guerra ya no es contra la CTM, que lidera Carlos Aceves, sino entre los dirigentes de Morena, que ven un fil\u00f3n de oro en la guerra por las dirigencias sindicales. Y vaya que al amparo de los trabajadores se han hecho fortunas monumentales.<\/p>\n<p style=\"text-align: center;\"><strong>PODEROSOS CABALLEROS<\/strong><\/p>\n<p><strong>MIGRACI\u00d3N INCONTROLABLE: <\/strong>En Chiapas, no s\u00f3lo hay un conflicto migratorio en Tapachula, donde la alcaldesa de Morena, Cleotilde Ortiz (interina de Rosa Urbina), donde los pol\u00edticos no ven los conflictos entre los habitantes y migrantes haitiano. Tambi\u00e9n est\u00e1n en infinidad de puntos donde hay cruces clandestinos en la frontera con Guatemala. Las revisiones del Instituto Nacional de Migraci\u00f3n y de la Guardia Nacional les impiden el paso. Sin embargo, hay m\u00e1s de 30 mil haitianos que est\u00e1n ubicados en la frontera con Estados Unidos en Tamaulipas, Coahuila y ya hay casos en la parte cercana de Chihuahua, una zona des\u00e9rtica. Est\u00e1n 17 mil debajo de un puente en Tamaulipas. Los refugios de migrantes en San Luis Potos\u00ed, Oaxaca, Veracruz y otras entidades, est\u00e1n saturados. Es grave la situaci\u00f3n migratoria en esas regiones, donde se ven escenas similares a la de los desembarcos de pateras en Espa\u00f1a o las zonas de refugiados sirios en las islas griegas. De esta crisis humanitaria no se habla en las ma\u00f1aneras.<\/p>\n<p><strong>SLP: <\/strong>Qu\u00e9 pena da el ISSSTE. Su director, Luis Antonio Ram\u00edrez Pineda, est\u00e1 obsesionado por la gubernatura de Oaxaca y abandona sus responsabilidades. En Ciudad Valles, el personal m\u00e9dico y administrativo hace una \u201ccoperacha\u201d para que la gente lleve bebidas hidratantes para el personal que atiende a enfermos de Covid-19. Y, de materia de protecci\u00f3n, escaso y de p\u00e9sima calidad. Abandono total.<\/p>\n<p><strong>ENTRADA GROUP: <\/strong>En el parque industrial de Entrada Group, se ubican 31 empresas de diferentes rubros; lo que lo convierte en uno de los m\u00e1ximos empleadores de Zacatecas, gobernado por David Monreal. Buscando mantener ese t\u00edtulo, tiene la misi\u00f3n de concretar una ampliaci\u00f3n antes de que termine 2021. En esa fase se incluir\u00e1 una nueva empresa y se incrementar\u00e1 la capacidad de dos m\u00e1s. El parque industrial ubicado en Fresnillo podr\u00e1 generar tres mil empleos m\u00e1s, con lo que se impulsar\u00e1 el dinamismo econ\u00f3mico de la zona. Jos\u00e9 de Jes\u00fas Aguirre Campos, de Grupo Profrezac, indic\u00f3 que al alcanzar la proyecci\u00f3n de empleos, se impactar\u00e1 en la vida de alrededor de 40 mil habitantes de El Mineral.<\/p>\n<p style=\"text-align: center;\"><strong>RESPONSABILIDAD SOCIAL <\/strong><strong>CORPORATIVA<\/strong><\/p>\n<p><strong>LUMO: <\/strong>LUMO Financiera del Centro, dentro de las empresas \u00e9ticas. Fue publicado el Listado de Empresas \u00c9ticas, destacan aquellas organizaciones empresariales que cumplen con sus las leyes y la normatividad gubernamental, pero que tambi\u00e9n tienen una conducta a partir de valores de la \u00e9tica organizacional; es decir, desde el deber ser, de lo que es correcto en funci\u00f3n de sus clientes y su entorno social. En este selecto grupo de empresas hay grandes, pero tambi\u00e9n algunas en franco crecimiento, como LUMO Financiera del Centro, de Luis Monta\u00f1o. Liderazgo \u00e9tico, promoci\u00f3n y vivencia de valores, interacci\u00f3n con la comunidad fueron los elementos a considerar y de ah\u00ed la relevancia de esta distinci\u00f3n.<\/p>\n<p><strong>IPADE: <\/strong>IPADE Business School, que dirige Lorenzo Fern\u00e1ndez, a trav\u00e9s de su Centro de Investigaci\u00f3n de la Mujer en la Alta Direcci\u00f3n (CIMAD), present\u00f3 este martes, en conjunto con Cemex, de Fernando \u00c1ngel Gonz\u00e1lez; Credit Suisse, que en M\u00e9xico encabeza Nicolas Troillet; y EY M\u00e9xico, que lleva V\u00edctor Soul\u00e9, la Plataforma Red de Consejeras y Expertas M\u00e9xico, con el objetivo de crear puentes entre mujeres directivas y las empresas para visibilizar el talento femenino e impulsar su participaci\u00f3n en los consejos de administraci\u00f3n. Dicha red funcionar\u00e1 como un directorio para las empresas que buscan mujeres de alto potencial, interesadas y preparadas para formar parte del m\u00e1ximo \u00f3rgano de gobierno empresarial.<\/p>\n<p>&nbsp;<\/p>\n<blockquote>\n<p style=\"text-align: right;\"><strong>Esc\u00fachame de lunes a viernes, de 21 a 22 horas,<br \/>\nen \u201cV\u00edctor S\u00e1nchez Ba\u00f1os en MVS\u201d<\/strong><\/p>\n<\/blockquote>\n<p>&nbsp;<\/p>\n<p><a href=\"https:\/\/mvsnoticias.com\/\" target=\"_blank\" rel=\"noopener noreferrer\"><em>MVSnoticias.com<\/em><\/a><br \/>\n<a href=\"http:\/\/poderydinero.mx\" target=\"_blank\" rel=\"noopener noreferrer\"><em>poderydinero.mx<\/em><\/a><em><b><br \/>\n<\/b><a href=\"mailto:vsb@poderydinero.mx\" target=\"_blank\" rel=\"noopener noreferrer\">vsb@poderydinero.mx<\/a><a href=\"mailto:vsanchezb@gmail.com\" target=\"_blank\" rel=\"noopener noreferrer\"><br \/>\n<\/a><strong>Twitter:<\/strong><a href=\"https:\/\/twitter.com\/vsanchezbanos\" target=\"_blank\" rel=\"noopener noreferrer\">@vsanchezbanos<br \/>\n<\/a><strong>Facebook: <\/strong><a href=\"https:\/\/www.facebook.com\/vsanchezbanos?fref=ts\" target=\"_blank\" rel=\"noopener noreferrer\">vsanchezbanos<\/a><\/em><\/p>\n","protected":false},"excerpt":{"rendered":"<p><span style=\"color: #005497;\"><strong>V\u00edctor S\u00e1nchez Ba\u00f1os<\/strong><\/span><\/p>\n","protected":false},"author":3,"featured_media":0,"comment_status":"open","ping_status":"open","sticky":false,"template":"","format":"standard","meta":{"_monsterinsights_skip_tracking":false,"_monsterinsights_sitenote_active":false,"_monsterinsights_sitenote_note":"","_monsterinsights_sitenote_category":0,"footnotes":""},"categories":[38844],"tags":[65087,38847,38848],"class_list":["post-521409","post","type-post","status-publish","format-standard","hentry","category-victor-sanchez-banos","tag-opiinion","tag-poder-y-dinero","tag-victor-sanchez-banos"],"_links":{"self":[{"href":"https:\/\/www.diarioimagen.net\/index.php?rest_route=\/wp\/v2\/posts\/521409","targetHints":{"allow":["GET"]}}],"collection":[{"href":"https:\/\/www.diarioimagen.net\/index.php?rest_route=\/wp\/v2\/posts"}],"about":[{"href":"https:\/\/www.diarioimagen.net\/index.php?rest_route=\/wp\/v2\/types\/post"}],"author":[{"embeddable":true,"href":"https:\/\/www.diarioimagen.net\/index.php?rest_route=\/wp\/v2\/users\/3"}],"replies":[{"embeddable":true,"href":"https:\/\/www.diarioimagen.net\/index.php?rest_route=%2Fwp%2Fv2%2Fcomments&post=521409"}],"version-history":[{"count":0,"href":"https:\/\/www.diarioimagen.net\/index.php?rest_route=\/wp\/v2\/posts\/521409\/revisions"}],"wp:attachment":[{"href":"https:\/\/www.diarioimagen.net\/index.php?rest_route=%2Fwp%2Fv2%2Fmedia&parent=521409"}],"wp:term":[{"taxonomy":"category","embeddable":true,"href":"https:\/\/www.diarioimagen.net\/index.php?rest_route=%2Fwp%2Fv2%2Fcategories&post=521409"},{"taxonomy":"post_tag","embeddable":true,"href":"https:\/\/www.diarioimagen.net\/index.php?rest_route=%2Fwp%2Fv2%2Ftags&post=521409"}],"curies":[{"name":"wp","href":"https:\/\/api.w.org\/{rel}","templated":true}]}}