{"id":521482,"date":"2021-09-23T00:05:06","date_gmt":"2021-09-23T05:05:06","guid":{"rendered":"https:\/\/www.diarioimagen.net\/?p=521482"},"modified":"2021-09-24T01:49:27","modified_gmt":"2021-09-24T06:49:27","slug":"ante-nueva-normalidad-la-uaem-incentiva-practicas-saludables-entre-su-comunidad-y-publico-en-general","status":"publish","type":"post","link":"https:\/\/www.diarioimagen.net\/?p=521482","title":{"rendered":"Ante nueva normalidad, la UAEM incentiva pr\u00e1cticas saludables entre su comunidad y p\u00fablico en general"},"content":{"rendered":"<p><em>\u00a0<\/em><\/p>\n<ul>\n<li><em><strong>A trav\u00e9s de La Cl\u00ednica Multidisciplinaria de Salud se ofrece gratuitamente en l\u00ednea el programa \u201cBuenos h\u00e1bitos\u201d.<\/strong> <\/em><\/li>\n<\/ul>\n<p><strong>\u00a0<\/strong><\/p>\n<div id=\"attachment_521545\" style=\"width: 470px\" class=\"wp-caption aligncenter\"><a href=\"https:\/\/www.diarioimagen.net\/?attachment_id=521545\" rel=\"attachment wp-att-521545\"><img loading=\"lazy\" decoding=\"async\" aria-describedby=\"caption-attachment-521545\" class=\"size-full wp-image-521545\" src=\"https:\/\/www.diarioimagen.net\/wp-content\/uploads\/2021\/09\/uaem-15.jpg\" alt=\"\" width=\"460\" height=\"270\" \/><\/a><p id=\"caption-attachment-521545\" class=\"wp-caption-text\">El programa tiene entre sus objetivos reducir el peso corporal, pues la obesidad est\u00e1 asociada a complicaciones tras haber contra\u00eddo Covid-19.<\/p><\/div>\n<p>&nbsp;<\/p>\n<p><strong>Toluca, Estado de M\u00e9xico.\u2013 <\/strong>Para que la comunidad universitaria y p\u00fablico en general incorpore a su vida diaria pr\u00e1cticas saludables, la Cl\u00ednica Multidisciplinaria de Salud (CMS) de la Universidad Aut\u00f3noma del Estado de M\u00e9xico (UAEM) ofrece en l\u00ednea el programa \u201cBuenos h\u00e1bitos\u201d que consiste en una intervenci\u00f3n gratuita de ocho semanas, tiempo estimado para adoptar un h\u00e1bito que eleve la calidad de vida.<\/p>\n<p>El universitario de la Aut\u00f3noma mexiquense, Antonio Laguna Camacho se\u00f1al\u00f3 que dicho programa facilita gu\u00edas que pueden practicarse de forma sencilla y de manera peri\u00f3dica con el prop\u00f3sito de incrementar el bienestar de las personas, pero especialmente, para disminuir el peso corporal, una de las principales condiciones asociadas a complicaciones tras haber contra\u00eddo Covid-19.<\/p>\n<p>Al referir que \u201cBuenos h\u00e1bitos\u201d est\u00e1 abierto a personas de los 7 a los 64 a\u00f1os de edad sin enfermedades graves, el especialista de la CMS destac\u00f3 que se contribuye a identificar pr\u00e1cticas cotidianas que pese a su conocimiento son f\u00e1cilmente descuidadas en la vida diaria, entre ellas, disminuir consumo de comida chatarra, ejercitarse, tomar agua, comer frutas y verduras, ocuparse en actividades motivantes, cepillarse los dientes, entre otras.<\/p>\n<p>El universitario explic\u00f3 que los h\u00e1bitos juegan un papel muy importante, por lo que un consumo de alimentos procesados, altos en az\u00facares, grasas y sales, aunado al sedentarismo pueden generar inflamaci\u00f3n por obesidad, niveles elevados de part\u00edculas de grasa en la sangre (hiperlipidemia), nivel alto de az\u00facar (hiperglucemia) e hipertensi\u00f3n arterial.<\/p>\n<p>En cuanto a la reducci\u00f3n de comida no saludable, el especialista refiri\u00f3 que en promedio las personas pueden llegar a consumir 12 veces a la semana alimentos procesados y cada ingesta contribuye al ingreso de calor\u00edas en el organismo que con el tiempo se acumulan en el cuerpo y aumentan el peso.<\/p>\n<p>Indic\u00f3 que, sin un plan alimentario restrictivo, es posible disminuir a la mitad el consumo de alimentos no saludables por un periodo de ocho semanas, lo que tendr\u00e1 un efecto reductor en peso y grasa corporal de aproximadamente un 1 kilogramo equivalente a 10 barras de mantequilla.<\/p>\n","protected":false},"excerpt":{"rendered":"<p>Para que la comunidad universitaria y p\u00fablico en general incorpore a su vida diaria pr\u00e1cticas saludables, la Cl\u00ednica Multidisciplinaria de Salud (CMS) de la Universidad Aut\u00f3noma del Estado de M\u00e9xico (UAEM) ofrece en l\u00ednea el programa \u201cBuenos h\u00e1bitos\u201d que consiste en una intervenci\u00f3n gratuita de ocho semanas, tiempo estimado para adoptar un h\u00e1bito que eleve la calidad de vida.<\/p>\n","protected":false},"author":3,"featured_media":521545,"comment_status":"open","ping_status":"open","sticky":false,"template":"","format":"standard","meta":{"_monsterinsights_skip_tracking":false,"_monsterinsights_sitenote_active":false,"_monsterinsights_sitenote_note":"","_monsterinsights_sitenote_category":0,"footnotes":""},"categories":[5],"tags":[54813,43675,93693,452,1491],"class_list":["post-521482","post","type-post","status-publish","format-standard","has-post-thumbnail","hentry","category-estado-de-mexico","tag-comunidad","tag-estado-de-mexico","tag-practicas-saludables","tag-toluca","tag-uaem"],"_links":{"self":[{"href":"https:\/\/www.diarioimagen.net\/index.php?rest_route=\/wp\/v2\/posts\/521482","targetHints":{"allow":["GET"]}}],"collection":[{"href":"https:\/\/www.diarioimagen.net\/index.php?rest_route=\/wp\/v2\/posts"}],"about":[{"href":"https:\/\/www.diarioimagen.net\/index.php?rest_route=\/wp\/v2\/types\/post"}],"author":[{"embeddable":true,"href":"https:\/\/www.diarioimagen.net\/index.php?rest_route=\/wp\/v2\/users\/3"}],"replies":[{"embeddable":true,"href":"https:\/\/www.diarioimagen.net\/index.php?rest_route=%2Fwp%2Fv2%2Fcomments&post=521482"}],"version-history":[{"count":0,"href":"https:\/\/www.diarioimagen.net\/index.php?rest_route=\/wp\/v2\/posts\/521482\/revisions"}],"wp:featuredmedia":[{"embeddable":true,"href":"https:\/\/www.diarioimagen.net\/index.php?rest_route=\/wp\/v2\/media\/521545"}],"wp:attachment":[{"href":"https:\/\/www.diarioimagen.net\/index.php?rest_route=%2Fwp%2Fv2%2Fmedia&parent=521482"}],"wp:term":[{"taxonomy":"category","embeddable":true,"href":"https:\/\/www.diarioimagen.net\/index.php?rest_route=%2Fwp%2Fv2%2Fcategories&post=521482"},{"taxonomy":"post_tag","embeddable":true,"href":"https:\/\/www.diarioimagen.net\/index.php?rest_route=%2Fwp%2Fv2%2Ftags&post=521482"}],"curies":[{"name":"wp","href":"https:\/\/api.w.org\/{rel}","templated":true}]}}