{"id":521484,"date":"2021-09-23T00:06:40","date_gmt":"2021-09-23T05:06:40","guid":{"rendered":"https:\/\/www.diarioimagen.net\/?p=521484"},"modified":"2021-09-24T05:43:31","modified_gmt":"2021-09-24T10:43:31","slug":"asiste-el-rector-de-la-uaem-carlos-eduardo-barrera-a-la-inauguracion-de-la-feria-aeroespacial-mexico-2021","status":"publish","type":"post","link":"https:\/\/www.diarioimagen.net\/?p=521484","title":{"rendered":"Asiste el rector de la UAEM, Carlos Eduardo Barrera, a la inauguraci\u00f3n de la Feria Aeroespacial M\u00e9xico 2021"},"content":{"rendered":"<p>&nbsp;<\/p>\n<p><a href=\"https:\/\/www.diarioimagen.net\/?attachment_id=521548\" rel=\"attachment wp-att-521548\"><img loading=\"lazy\" decoding=\"async\" class=\"aligncenter size-full wp-image-521548\" src=\"https:\/\/www.diarioimagen.net\/wp-content\/uploads\/2021\/09\/uaem-1-1.jpg\" alt=\"\" width=\"460\" height=\"345\" \/><\/a><\/p>\n<p>&nbsp;<\/p>\n<p>El rector de la Universidad Aut\u00f3noma del Estado de M\u00e9xico (UAEM), Carlos Eduardo Barrera D\u00edaz, acudi\u00f3 a la inauguraci\u00f3n de la Feria Aeroespacial M\u00e9xico 2021, la cual se desarrolla del 22 al 25 de septiembre en la explanada del Aeropuerto Internacional \u201cFelipe \u00c1ngeles\u201d.<\/p>\n<p>Acompa\u00f1ado del secretario de Extensi\u00f3n y Vinculaci\u00f3n, Francisco Zepeda Mondrag\u00f3n, el rector realiz\u00f3 un recorrido por los distintos stands de este encuentro, en el que coincidi\u00f3 con integrantes de la Agencia Espacial Mexicana.<\/p>\n<p>Cabe mencionar que la m\u00e1xima casa de estudios mexiquense cuenta con \u00e1reas como el Laboratorio de Sistemas Inteligentes del Centro Universitario UAEM Atlacomulco, donde se explora la manufactura de componentes con uso potencial en esta industria.<\/p>\n","protected":false},"excerpt":{"rendered":"<p>El rector de la Universidad Aut\u00f3noma del Estado de M\u00e9xico (UAEM), Carlos Eduardo Barrera D\u00edaz, acudi\u00f3 a la inauguraci\u00f3n de la Feria Aeroespacial M\u00e9xico 2021, la cual se desarrolla del 22 al 25 de septiembre en la explanada del Aeropuerto Internacional \u201cFelipe \u00c1ngeles\u201d.<\/p>\n","protected":false},"author":3,"featured_media":521550,"comment_status":"open","ping_status":"open","sticky":false,"template":"","format":"standard","meta":{"_monsterinsights_skip_tracking":false,"_monsterinsights_sitenote_active":false,"_monsterinsights_sitenote_note":"","_monsterinsights_sitenote_category":0,"footnotes":""},"categories":[5],"tags":[92667,93694,1491],"class_list":["post-521484","post","type-post","status-publish","format-standard","has-post-thumbnail","hentry","category-estado-de-mexico","tag-carlos-eduardo-barrera-diaz","tag-feria-aeroespacial-mexico","tag-uaem"],"_links":{"self":[{"href":"https:\/\/www.diarioimagen.net\/index.php?rest_route=\/wp\/v2\/posts\/521484","targetHints":{"allow":["GET"]}}],"collection":[{"href":"https:\/\/www.diarioimagen.net\/index.php?rest_route=\/wp\/v2\/posts"}],"about":[{"href":"https:\/\/www.diarioimagen.net\/index.php?rest_route=\/wp\/v2\/types\/post"}],"author":[{"embeddable":true,"href":"https:\/\/www.diarioimagen.net\/index.php?rest_route=\/wp\/v2\/users\/3"}],"replies":[{"embeddable":true,"href":"https:\/\/www.diarioimagen.net\/index.php?rest_route=%2Fwp%2Fv2%2Fcomments&post=521484"}],"version-history":[{"count":0,"href":"https:\/\/www.diarioimagen.net\/index.php?rest_route=\/wp\/v2\/posts\/521484\/revisions"}],"wp:featuredmedia":[{"embeddable":true,"href":"https:\/\/www.diarioimagen.net\/index.php?rest_route=\/wp\/v2\/media\/521550"}],"wp:attachment":[{"href":"https:\/\/www.diarioimagen.net\/index.php?rest_route=%2Fwp%2Fv2%2Fmedia&parent=521484"}],"wp:term":[{"taxonomy":"category","embeddable":true,"href":"https:\/\/www.diarioimagen.net\/index.php?rest_route=%2Fwp%2Fv2%2Fcategories&post=521484"},{"taxonomy":"post_tag","embeddable":true,"href":"https:\/\/www.diarioimagen.net\/index.php?rest_route=%2Fwp%2Fv2%2Ftags&post=521484"}],"curies":[{"name":"wp","href":"https:\/\/api.w.org\/{rel}","templated":true}]}}