{"id":521489,"date":"2021-09-23T00:02:30","date_gmt":"2021-09-23T05:02:30","guid":{"rendered":"https:\/\/www.diarioimagen.net\/?p=521489"},"modified":"2021-09-23T07:16:44","modified_gmt":"2021-09-23T12:16:44","slug":"no-se-toleraran-en-cuautitlan-actos-de-violencia-en-contra-de-servidores-publicos","status":"publish","type":"post","link":"https:\/\/www.diarioimagen.net\/?p=521489","title":{"rendered":"No se tolerar\u00e1n en Cuautitl\u00e1n actos de violencia en contra de servidores p\u00fablicos"},"content":{"rendered":"<p>&nbsp;<\/p>\n<ul>\n<li><strong><em>Condenan agresi\u00f3n al presidente municipal<\/em><\/strong><\/li>\n<\/ul>\n<p>&nbsp;<\/p>\n<div id=\"attachment_521595\" style=\"width: 470px\" class=\"wp-caption aligncenter\"><a href=\"https:\/\/www.diarioimagen.net\/?attachment_id=521595\" rel=\"attachment wp-att-521595\"><img loading=\"lazy\" decoding=\"async\" aria-describedby=\"caption-attachment-521595\" class=\"size-full wp-image-521595\" src=\"https:\/\/www.diarioimagen.net\/wp-content\/uploads\/2021\/09\/servidores.jpg\" alt=\"\" width=\"460\" height=\"224\" \/><\/a><p id=\"caption-attachment-521595\" class=\"wp-caption-text\">La secretaria del ayuntamiento, Teresa Ruiz P\u00e9rez, anunci\u00f3 que se interpondr\u00e1n las denuncias necesarias contra quien resulte responsable de la agresiones sufridas por el alcalde, dentro del palacio municipal.<\/p><\/div>\n<p>&nbsp;<\/p>\n<p><strong>Cuautitl\u00e1n, Estado de M\u00e9xico.-<\/strong> El gobierno de Cuautitl\u00e1n conden\u00f3 el uso de la violencia para alcanzar consensos entre los actores sociales y econ\u00f3micos, destac\u00f3 la secretaria del ayuntamiento Teresa Ruiz P\u00e9rez, durante la conferencia de prensa en relaci\u00f3n a la agresiones que sufri\u00f3 el presidente municipal sustituto Cuauht\u00e9moc Mas\u00f3n Orta, quien no estuvo presente ya que se encontraba en evaluaci\u00f3n m\u00e9dica por las lesiones presentadas.<\/p>\n<p>Ruiz P\u00e9rez, acompa\u00f1ada de los integrantes del cabildo destac\u00f3 que se interpondr\u00e1n las denuncias necesarias contra quien resulte responsable de la agresiones sufridas por el alcalde dentro del palacio municipal, durante una reuni\u00f3n con cientos de comerciantes del mercado municipal, uniones de vendedores y representes sociales de la zona centro del municipio.<\/p>\n<p>En este sentido reiter\u00f3 que no se tolerar\u00e1n agresiones en contra de los servidores p\u00fablicos y de las instalaciones municipales, por lo que el gobierno de Cuautitl\u00e1n tomar\u00e1 las medidas necesarias de forma puntual para que estos hechos violentos no vuelvan a suceder.<\/p>\n<p>Desde temprana hora el presidente municipal Mas\u00f3n Orta, recibi\u00f3 a los cientos de manifestantes dentro del palacio municipal y durante mas de tres hora se mantuvo un di\u00e1logo abierto y directo con el fin de llegar a acuerdos que permitieran dar soluci\u00f3n a las demandas en beneficio del comercio de la zona centro de Cuautitl\u00e1n.<\/p>\n<p>Sin embargo, ante la resistencia de alcanzar consensos, algunos de los presentes iniciaron las agresiones en contra del alcalde, por lo que tuvo que ser llevado dentro de las oficinas de la planta baja del edificio principal y resguardado por elementos de la direcci\u00f3n de seguridad p\u00fablica municipal, hasta que se retiraron los manifestantes.<\/p>\n<p>El cuerpo edilicio, coincidi\u00f3 que estas acciones violentan la tranquilidad del municipio y da\u00f1an el trabajo emprendido por el gobierno de Cuautitl\u00e1n desde el inicio de la administraci\u00f3n, si embargo se continuar\u00e1n realizando los trabajos y atendiendo las necesidades de la poblaci\u00f3n para hacer del municipio el mejor lugar para la familias cuautitlenses.<\/p>\n","protected":false},"excerpt":{"rendered":"<p>El gobierno de Cuautitl\u00e1n conden\u00f3 el uso de la violencia para alcanzar consensos entre los actores sociales y econ\u00f3micos, destac\u00f3 la secretaria del ayuntamiento Teresa Ruiz P\u00e9rez, durante la conferencia de prensa en relaci\u00f3n a la agresiones que sufri\u00f3 el presidente municipal sustituto Cuauht\u00e9moc Mas\u00f3n Orta, quien no estuvo presente ya que se encontraba en evaluaci\u00f3n m\u00e9dica por las lesiones presentadas.<\/p>\n","protected":false},"author":3,"featured_media":521595,"comment_status":"open","ping_status":"open","sticky":false,"template":"","format":"standard","meta":{"_monsterinsights_skip_tracking":false,"_monsterinsights_sitenote_active":false,"_monsterinsights_sitenote_note":"","_monsterinsights_sitenote_category":0,"footnotes":""},"categories":[5],"tags":[681,43675,2575],"class_list":["post-521489","post","type-post","status-publish","format-standard","has-post-thumbnail","hentry","category-estado-de-mexico","tag-cuautitlan","tag-estado-de-mexico","tag-servidores-publicos"],"_links":{"self":[{"href":"https:\/\/www.diarioimagen.net\/index.php?rest_route=\/wp\/v2\/posts\/521489","targetHints":{"allow":["GET"]}}],"collection":[{"href":"https:\/\/www.diarioimagen.net\/index.php?rest_route=\/wp\/v2\/posts"}],"about":[{"href":"https:\/\/www.diarioimagen.net\/index.php?rest_route=\/wp\/v2\/types\/post"}],"author":[{"embeddable":true,"href":"https:\/\/www.diarioimagen.net\/index.php?rest_route=\/wp\/v2\/users\/3"}],"replies":[{"embeddable":true,"href":"https:\/\/www.diarioimagen.net\/index.php?rest_route=%2Fwp%2Fv2%2Fcomments&post=521489"}],"version-history":[{"count":0,"href":"https:\/\/www.diarioimagen.net\/index.php?rest_route=\/wp\/v2\/posts\/521489\/revisions"}],"wp:featuredmedia":[{"embeddable":true,"href":"https:\/\/www.diarioimagen.net\/index.php?rest_route=\/wp\/v2\/media\/521595"}],"wp:attachment":[{"href":"https:\/\/www.diarioimagen.net\/index.php?rest_route=%2Fwp%2Fv2%2Fmedia&parent=521489"}],"wp:term":[{"taxonomy":"category","embeddable":true,"href":"https:\/\/www.diarioimagen.net\/index.php?rest_route=%2Fwp%2Fv2%2Fcategories&post=521489"},{"taxonomy":"post_tag","embeddable":true,"href":"https:\/\/www.diarioimagen.net\/index.php?rest_route=%2Fwp%2Fv2%2Ftags&post=521489"}],"curies":[{"name":"wp","href":"https:\/\/api.w.org\/{rel}","templated":true}]}}