{"id":521492,"date":"2021-09-23T00:03:00","date_gmt":"2021-09-23T05:03:00","guid":{"rendered":"https:\/\/www.diarioimagen.net\/?p=521492"},"modified":"2021-09-23T07:36:17","modified_gmt":"2021-09-23T12:36:17","slug":"apoya-huixquilucan-a-personas-con-capacidades-diferentes-con-la-tarjeta-necesidades-especiales","status":"publish","type":"post","link":"https:\/\/www.diarioimagen.net\/?p=521492","title":{"rendered":"Apoya Huixquilucan a personas con capacidades diferentes con la tarjeta \u201cNecesidades Especiales\u201d"},"content":{"rendered":"<p>&nbsp;<\/p>\n<ul>\n<li><strong><em>Entrega en el Complejo de Salud \u201cRosa M\u00edstica\u201d<\/em><\/strong><\/li>\n<\/ul>\n<p>&nbsp;<\/p>\n<div id=\"attachment_521598\" style=\"width: 470px\" class=\"wp-caption aligncenter\"><a href=\"https:\/\/www.diarioimagen.net\/?attachment_id=521598\" rel=\"attachment wp-att-521598\"><img loading=\"lazy\" decoding=\"async\" aria-describedby=\"caption-attachment-521598\" class=\"size-full wp-image-521598\" src=\"https:\/\/www.diarioimagen.net\/wp-content\/uploads\/2021\/09\/huix-13.jpg\" alt=\"\" width=\"460\" height=\"270\" \/><\/a><p id=\"caption-attachment-521598\" class=\"wp-caption-text\">La alcaldesa Mar\u00eda Eugenia Torres P\u00e9rez Tejada y la presidenta del DIF, Romina Contreras de Vargas, entregaron 250 Tarjetas \u201cNecesidades Especiales\u201d.<\/p><\/div>\n<p>&nbsp;<\/p>\n<p><strong>Huixquilucan, Estado de M\u00e9xico<\/strong>.- La presidenta municipal por Ministerio de Ley de Huixquilucan, Mar\u00eda Eugenia Torres P\u00e9rez Tejada, y la presidenta del Sistema Municipal DIF, Romina Contreras de Vargas, entregaron 250 Tarjetas \u201cNecesidades Especiales\u201d a igual n\u00famero de personas que enfrentan una discapacidad, con el objetivo de apoyarlos en su alimentaci\u00f3n, medicamentos, transporte, educaci\u00f3n o para cubrir alg\u00fan gasto adicional que pudiera derivarse por su condici\u00f3n.<\/p>\n<p>En el Complejo de Salud \u201cRosa M\u00edstica\u201d, Mar\u00eda Eugenia Torres destac\u00f3 que la Agenda 2030 de la Organizaci\u00f3n de las Naciones Unidas (ONU) y que suscribi\u00f3 el Ayuntamiento de Huixquilucan, establece que los gobiernos municipales deben asumir el compromiso de reducir la desigualdad econ\u00f3mica y garantizar el acceso a los servicios de salud a las personas que cuentan con una discapacidad, por lo que este apoyo econ\u00f3mico que se brinda atiende esas responsabilidades.<\/p>\n<p>Indic\u00f3 que en Huixquilucan, se ha trabajado para atender a las personas que nacen o enfrentan una discapacidad en el transcurso de su vida, con la apertura del Centro de Rehabilitaci\u00f3n e Integraci\u00f3n Social (CRIS) en el Complejo Rosa M\u00edstica, en donde reciben una atenci\u00f3n multidisciplinaria y digna, lo que ha colocado\u00a0 este sitio como un referente a nivel nacional.<\/p>\n<p>Por su parte, la presidenta del Sistema Municipal DIF, Romina Contreras, afirm\u00f3 que la entrega de estas tarjetas representa un apoyo para los bolsillos de las familias que cuentan con un integrante con discapacidad, pues ahora podr\u00e1n pagar servicios que requieren, como es el caso de internet para continuar con su educaci\u00f3n a distancia o sus terapias en l\u00ednea, pues con la pandemia de covid-19 se modific\u00f3 la forma en c\u00f3mo son atendidos en ambos rubros.<\/p>\n","protected":false},"excerpt":{"rendered":"<p>La presidenta municipal por Ministerio de Ley de Huixquilucan, Mar\u00eda Eugenia Torres P\u00e9rez Tejada, y la presidenta del Sistema Municipal DIF, Romina Contreras de Vargas, entregaron 250 Tarjetas \u201cNecesidades Especiales\u201d a igual n\u00famero de personas que enfrentan una discapacidad, con el objetivo de apoyarlos en su alimentaci\u00f3n, medicamentos, transporte, educaci\u00f3n o para cubrir alg\u00fan gasto adicional que pudiera derivarse por su condici\u00f3n.<\/p>\n","protected":false},"author":3,"featured_media":521598,"comment_status":"open","ping_status":"open","sticky":false,"template":"","format":"standard","meta":{"_monsterinsights_skip_tracking":false,"_monsterinsights_sitenote_active":false,"_monsterinsights_sitenote_note":"","_monsterinsights_sitenote_category":0,"footnotes":""},"categories":[5],"tags":[43675,1097,93696,93695],"class_list":["post-521492","post","type-post","status-publish","format-standard","has-post-thumbnail","hentry","category-estado-de-mexico","tag-estado-de-mexico","tag-huixquilucan","tag-necesidades-especiales","tag-romina-contreras-de-vargas"],"_links":{"self":[{"href":"https:\/\/www.diarioimagen.net\/index.php?rest_route=\/wp\/v2\/posts\/521492","targetHints":{"allow":["GET"]}}],"collection":[{"href":"https:\/\/www.diarioimagen.net\/index.php?rest_route=\/wp\/v2\/posts"}],"about":[{"href":"https:\/\/www.diarioimagen.net\/index.php?rest_route=\/wp\/v2\/types\/post"}],"author":[{"embeddable":true,"href":"https:\/\/www.diarioimagen.net\/index.php?rest_route=\/wp\/v2\/users\/3"}],"replies":[{"embeddable":true,"href":"https:\/\/www.diarioimagen.net\/index.php?rest_route=%2Fwp%2Fv2%2Fcomments&post=521492"}],"version-history":[{"count":0,"href":"https:\/\/www.diarioimagen.net\/index.php?rest_route=\/wp\/v2\/posts\/521492\/revisions"}],"wp:featuredmedia":[{"embeddable":true,"href":"https:\/\/www.diarioimagen.net\/index.php?rest_route=\/wp\/v2\/media\/521598"}],"wp:attachment":[{"href":"https:\/\/www.diarioimagen.net\/index.php?rest_route=%2Fwp%2Fv2%2Fmedia&parent=521492"}],"wp:term":[{"taxonomy":"category","embeddable":true,"href":"https:\/\/www.diarioimagen.net\/index.php?rest_route=%2Fwp%2Fv2%2Fcategories&post=521492"},{"taxonomy":"post_tag","embeddable":true,"href":"https:\/\/www.diarioimagen.net\/index.php?rest_route=%2Fwp%2Fv2%2Ftags&post=521492"}],"curies":[{"name":"wp","href":"https:\/\/api.w.org\/{rel}","templated":true}]}}