{"id":521494,"date":"2021-09-23T00:04:17","date_gmt":"2021-09-23T05:04:17","guid":{"rendered":"https:\/\/www.diarioimagen.net\/?p=521494"},"modified":"2021-09-23T07:15:02","modified_gmt":"2021-09-23T12:15:02","slug":"completan-esquema-de-vacunacion-mas-de-20-mil-naucalpenses-de-40-a-49-anos","status":"publish","type":"post","link":"https:\/\/www.diarioimagen.net\/?p=521494","title":{"rendered":"Completan esquema de vacunaci\u00f3n m\u00e1s de 20 mil naucalpenses de 40 a 49 a\u00f1os"},"content":{"rendered":"<p>&nbsp;<\/p>\n<p><a href=\"https:\/\/www.diarioimagen.net\/?attachment_id=521593\" rel=\"attachment wp-att-521593\"><img loading=\"lazy\" decoding=\"async\" class=\"aligncenter size-full wp-image-521593\" src=\"https:\/\/www.diarioimagen.net\/wp-content\/uploads\/2021\/09\/naucalpan-6.jpg\" alt=\"\" width=\"460\" height=\"270\" \/><\/a><\/p>\n<p>&nbsp;<\/p>\n<p><strong>Naucalpan, Estado de M\u00e9xico.-<\/strong> 20 mil 220 Naucalpenses de 40 a 49 a\u00f1os completaron su esquema de vacunaci\u00f3n contra Covid-19, durante el primer d\u00eda de la aplicaci\u00f3n de la segunda dosis del ant\u00edgeno. La directora del Instituto Municipal de Atenci\u00f3n a la Salud (IMAS), Erika Huitr\u00f3n Gualito, reiter\u00f3 la importancia de que la poblaci\u00f3n complete su esquema de inmunizaci\u00f3n.<\/p>\n","protected":false},"excerpt":{"rendered":"<p>20 mil 220 Naucalpenses de 40 a 49 a\u00f1os completaron su esquema de vacunaci\u00f3n contra Covid-19, durante el primer d\u00eda de la aplicaci\u00f3n de la segunda dosis del ant\u00edgeno. La directora del Instituto Municipal de Atenci\u00f3n a la Salud (IMAS), Erika Huitr\u00f3n Gualito, reiter\u00f3 la importancia de que la poblaci\u00f3n complete su esquema de inmunizaci\u00f3n.<\/p>\n","protected":false},"author":3,"featured_media":521593,"comment_status":"open","ping_status":"open","sticky":false,"template":"","format":"standard","meta":{"_monsterinsights_skip_tracking":false,"_monsterinsights_sitenote_active":false,"_monsterinsights_sitenote_note":"","_monsterinsights_sitenote_category":0,"footnotes":""},"categories":[5],"tags":[43675,970,2643],"class_list":["post-521494","post","type-post","status-publish","format-standard","has-post-thumbnail","hentry","category-estado-de-mexico","tag-estado-de-mexico","tag-naucalpan","tag-vacunacion"],"_links":{"self":[{"href":"https:\/\/www.diarioimagen.net\/index.php?rest_route=\/wp\/v2\/posts\/521494","targetHints":{"allow":["GET"]}}],"collection":[{"href":"https:\/\/www.diarioimagen.net\/index.php?rest_route=\/wp\/v2\/posts"}],"about":[{"href":"https:\/\/www.diarioimagen.net\/index.php?rest_route=\/wp\/v2\/types\/post"}],"author":[{"embeddable":true,"href":"https:\/\/www.diarioimagen.net\/index.php?rest_route=\/wp\/v2\/users\/3"}],"replies":[{"embeddable":true,"href":"https:\/\/www.diarioimagen.net\/index.php?rest_route=%2Fwp%2Fv2%2Fcomments&post=521494"}],"version-history":[{"count":0,"href":"https:\/\/www.diarioimagen.net\/index.php?rest_route=\/wp\/v2\/posts\/521494\/revisions"}],"wp:featuredmedia":[{"embeddable":true,"href":"https:\/\/www.diarioimagen.net\/index.php?rest_route=\/wp\/v2\/media\/521593"}],"wp:attachment":[{"href":"https:\/\/www.diarioimagen.net\/index.php?rest_route=%2Fwp%2Fv2%2Fmedia&parent=521494"}],"wp:term":[{"taxonomy":"category","embeddable":true,"href":"https:\/\/www.diarioimagen.net\/index.php?rest_route=%2Fwp%2Fv2%2Fcategories&post=521494"},{"taxonomy":"post_tag","embeddable":true,"href":"https:\/\/www.diarioimagen.net\/index.php?rest_route=%2Fwp%2Fv2%2Ftags&post=521494"}],"curies":[{"name":"wp","href":"https:\/\/api.w.org\/{rel}","templated":true}]}}