{"id":521503,"date":"2021-09-23T00:11:13","date_gmt":"2021-09-23T05:11:13","guid":{"rendered":"https:\/\/www.diarioimagen.net\/?p=521503"},"modified":"2021-09-23T07:09:41","modified_gmt":"2021-09-23T12:09:41","slug":"avala-cofepris-fase-3-del-biologico-inovio-contra-covid","status":"publish","type":"post","link":"https:\/\/www.diarioimagen.net\/?p=521503","title":{"rendered":"Avala Cofepris fase 3 del biol\u00f3gico Inovio contra Covid"},"content":{"rendered":"<p>&nbsp;<\/p>\n<ul>\n<li><strong><em>Podr\u00eda funcionar en una fase de refuerzo<\/em><\/strong><\/li>\n<\/ul>\n<p>&nbsp;<\/p>\n<div id=\"attachment_521585\" style=\"width: 470px\" class=\"wp-caption aligncenter\"><a href=\"https:\/\/www.diarioimagen.net\/?attachment_id=521585\" rel=\"attachment wp-att-521585\"><img loading=\"lazy\" decoding=\"async\" aria-describedby=\"caption-attachment-521585\" class=\"size-full wp-image-521585\" src=\"https:\/\/www.diarioimagen.net\/wp-content\/uploads\/2021\/09\/VACUNA-INOVIO.jpg\" alt=\"\" width=\"460\" height=\"270\" \/><\/a><p id=\"caption-attachment-521585\" class=\"wp-caption-text\">Cofepris autoriz\u00f3 la realizaci\u00f3n de una prueba de fase 3 para la vacuna anti-Covid desarrollada por la farmac\u00e9utica Inovio.<\/p><\/div>\n<p>&nbsp;<\/p>\n<p>La Comisi\u00f3n Federal para la Protecci\u00f3n contra Riesgos Sanitarios (Cofepris) autoriz\u00f3 la realizaci\u00f3n de una prueba de fase 3 para la vacuna anti-Covid desarrollada por la farmac\u00e9utica Inovio.<\/p>\n<p>Les comparto muy buena noticia, Cofepris autoriz\u00f3 fase 3 para la vacuna desarrollada por Inovio contra Covid 19, nueva tecnolog\u00eda, otra opci\u00f3n para M\u00e9xico\u201d, escribi\u00f3 en su cuenta de Twitter el canciller Marcelo Ebrard.<\/p>\n<p>En una imagen compartida en la publicaci\u00f3n, se se\u00f1ala que la vacuna colabora en el ensayo mundial de fase 3 en regiones desatendidas de dosis, en Am\u00e9rica Latina, Asia y \u00c1frica. Indica que, de ser avalada por las autoridades regulatorias, por sus caracter\u00edsticas de seguridad e inmunidad podr\u00eda funcionar en una fase primaria y de refuerzo.<\/p>\n<p>\u201cSe trata de una candidata a vacuna de nueva generaci\u00f3n que tiene amplias ventajas por sus caracter\u00edsticas de durabilidad en temperaturas ambiente y refrigeradas\u201d.<\/p>\n<p>Inovio y su socio Advaccine est\u00e1n colaborando en el ensayo global de Fase 3 en regiones desatendidas por las vacunas Covid-19; centrarse en Am\u00e9rica Latina, Asia y \u00c1frica\u201d, inform\u00f3 el laboratorio norteamericano en un comunicado.<\/p>\n<p>\u201cEl segmento global de Fase 3 de INNOVATE evaluar\u00e1 la eficacia de INO-4800 en un r\u00e9gimen de dos dosis (2,0 mg por dosis), administradas con un mes de diferencia, en una aleatorizaci\u00f3n de 2 a 1 en hombres y mujeres no embarazadas de 18 a\u00f1os. mayores de edad. El criterio de valoraci\u00f3n principal de este ensayo de fase 3 basado en casos de Covid-19 confirmado serol\u00f3gicamente\u201d, detall\u00f3 la empresa de biotecnolog\u00eda.<\/p>\n<p>J. Joseph Kim, presidente y director ejecutivo de Inovio, dijo que se \u201cespera trabajar con las autoridades sanitarias y los investigadores en M\u00e9xico, as\u00ed como en Brasil y Filipinas, para avanzar en la evaluaci\u00f3n de INO-4800 como soluci\u00f3n en la lucha contra la pandemia Covid-19\u201d.<\/p>\n<p>\u201cCon el virus amenazando con convertirse en una amenaza end\u00e9mica en todo el mundo, mientras millones de personas en todo el mundo siguen sin vacunarse, estamos comprometidos a apoyar la respuesta internacional de salud p\u00fablica. Me complace enormemente que ahora estemos posicionados para evaluar la eficacia de INO-4800, que es un hito importante en el desarrollo.<\/p>\n<p>\u201cCreemos que la vacuna Covid-19 de Inovio es especialmente adecuada para contribuir a la respuesta global dado su fuerte perfil de seguridad y termoestabilidad, capacidad para generar respuestas inmunes de reactividad cruzada,y su potencial para funcionar tanto en una serie primaria como en una vacuna de refuerzo\u201d, se\u00f1al\u00f3.<\/p>\n","protected":false},"excerpt":{"rendered":"<p>La Comisi\u00f3n Federal para la Protecci\u00f3n contra Riesgos Sanitarios (Cofepris) autoriz\u00f3 la realizaci\u00f3n de una prueba de fase 3 para la vacuna anti-Covid desarrollada por la farmac\u00e9utica Inovio.<\/p>\n","protected":false},"author":3,"featured_media":521585,"comment_status":"open","ping_status":"open","sticky":false,"template":"","format":"standard","meta":{"_monsterinsights_skip_tracking":false,"_monsterinsights_sitenote_active":false,"_monsterinsights_sitenote_note":"","_monsterinsights_sitenote_category":0,"footnotes":""},"categories":[877],"tags":[77585,4918,93697,4713],"class_list":["post-521503","post","type-post","status-publish","format-standard","has-post-thumbnail","hentry","category-salud","tag-avala","tag-cofepris","tag-inovio","tag-vacuna"],"_links":{"self":[{"href":"https:\/\/www.diarioimagen.net\/index.php?rest_route=\/wp\/v2\/posts\/521503","targetHints":{"allow":["GET"]}}],"collection":[{"href":"https:\/\/www.diarioimagen.net\/index.php?rest_route=\/wp\/v2\/posts"}],"about":[{"href":"https:\/\/www.diarioimagen.net\/index.php?rest_route=\/wp\/v2\/types\/post"}],"author":[{"embeddable":true,"href":"https:\/\/www.diarioimagen.net\/index.php?rest_route=\/wp\/v2\/users\/3"}],"replies":[{"embeddable":true,"href":"https:\/\/www.diarioimagen.net\/index.php?rest_route=%2Fwp%2Fv2%2Fcomments&post=521503"}],"version-history":[{"count":0,"href":"https:\/\/www.diarioimagen.net\/index.php?rest_route=\/wp\/v2\/posts\/521503\/revisions"}],"wp:featuredmedia":[{"embeddable":true,"href":"https:\/\/www.diarioimagen.net\/index.php?rest_route=\/wp\/v2\/media\/521585"}],"wp:attachment":[{"href":"https:\/\/www.diarioimagen.net\/index.php?rest_route=%2Fwp%2Fv2%2Fmedia&parent=521503"}],"wp:term":[{"taxonomy":"category","embeddable":true,"href":"https:\/\/www.diarioimagen.net\/index.php?rest_route=%2Fwp%2Fv2%2Fcategories&post=521503"},{"taxonomy":"post_tag","embeddable":true,"href":"https:\/\/www.diarioimagen.net\/index.php?rest_route=%2Fwp%2Fv2%2Ftags&post=521503"}],"curies":[{"name":"wp","href":"https:\/\/api.w.org\/{rel}","templated":true}]}}