{"id":521506,"date":"2021-09-23T00:01:33","date_gmt":"2021-09-23T05:01:33","guid":{"rendered":"https:\/\/www.diarioimagen.net\/?p=521506"},"modified":"2021-09-23T05:05:00","modified_gmt":"2021-09-23T10:05:00","slug":"de-la-dictadura-perfecta-al-populismo-perfecto","status":"publish","type":"post","link":"https:\/\/www.diarioimagen.net\/?p=521506","title":{"rendered":"De la dictadura perfecta, al populismo perfecto"},"content":{"rendered":"<h2>De pe a pa<\/h2>\n<h5>Alberto Vieyra G.<\/h5>\n<p>&nbsp;<\/p>\n<p>El jueves 30 de agosto, por la ma\u00f1ana de 1990, el actual Premio Nobel de Literatura, Mario Vargas Llosa, fue invitado junto con importantes intelectuales de Am\u00e9rica y Europa, entre ellos Octavio Paz para hablar de asunto sobre Europa. En ese entonces estaba terminantemente prohibido que los extranjeros se inmiscuyeran en cuestiones pol\u00edticas, advertidos de que de no observar esa regla de oro, no escrita, del sistema pol\u00edtico mexicano priista, se les aplicar\u00eda el art\u00edculo 33 constitucional, es decir, que inmediatamente ser\u00edan echados de M\u00e9xico.<\/p>\n<p>Inesperadamente y ante la incredulidad de Octavio Paz y del propio mandam\u00e1s de Televisa<em>, <\/em>Emilio Azc\u00e1rraga Milmo<em>, <\/em>quien se defin\u00eda como \u201csoldado del PRI\u201d, Mario Vargas Llosa har\u00eda una temeraria calificaci\u00f3n del sistema pol\u00edtico mexicano:<\/p>\n<p>\u201cYo no creo que se pueda exonerar a M\u00e9xico de esa tradici\u00f3n de dictaduras latinoamericanas. Creo que el caso de M\u00e9xico, cuya democratizaci\u00f3n actual soy el primero en aplaudir, como todos los que creemos en la democracia, encaja en esa tradici\u00f3n con un matiz que es m\u00e1s bien el de un agravante\u201d\u2026\u201d<strong>M\u00e9xico es la dictadura perfecta<\/strong>. La dictadura perfecta no es el comunismo. No es la URSS. No es Fidel Castro. La dictadura perfecta es M\u00e9xico\u201d.<\/p>\n<p>A Vargas Llosa no se le aplicar\u00eda el 33 constitucional, pero su temerario se\u00f1alamiento causar\u00eda estupor entre la clase pol\u00edtica gobernante. El escritor peruano se refer\u00eda m\u00e1s bien a la dictadura perfecta encabezada por el partido gobernante PRI, cuya democracia daba la impresi\u00f3n de ser impecablemente perfecta, a pesar de que detr\u00e1s de ella hab\u00eda fraudes electorales, manipulaci\u00f3n de importantes capas sociales del pa\u00eds, compra de votos a cambio de vivienda, concesiones de diversa \u00edndole y corrupci\u00f3n generalizada.<\/p>\n<p>La calificaci\u00f3n de <strong>\u201cLa dictadura perfecta\u201d<\/strong>, har\u00eda que el sistema pri\u00edsta fuese sentado en el banquillo de los acusados para analizar su papel en una naci\u00f3n en la que se enterr\u00f3 la dictadura porfirista y se dio paso al M\u00e9xico de las libertades, las instituciones y del Estado social, algo que no ha sido todav\u00eda estudiado de fondo. Ya nada ser\u00eda igual para la dictadura perfecta.<\/p>\n<p>\u00bfPor qu\u00e9 hago historia? Mire usted, 31 a\u00f1os despu\u00e9s el mismo Vargas Llosa nos habla ahora de un populismo perfecto o rampl\u00f3n, tan enajenante como la dictadura perfecta del PRI. Al Premio Nobel de Literatura peruano, no le cabe en la cabeza que un Presidente de la Rep\u00fablica como Andr\u00e9s Manuel L\u00f3pez Obrador utilice todos los d\u00edas, todos los recursos del Estado mexicano, incluyendo los medios de comunicaci\u00f3n oficiales para atacar al gremio period\u00edstico de M\u00e9xico.<\/p>\n<p>Vargas Llosa es hoy, tan claro y categ\u00f3rico como ayer: \u201cNo me gusta la figura de un Presidente que se exhibe todas las ma\u00f1anas comentando los art\u00edculos que lee en la prensa y muchas veces censurando o atacando a los periodistas, <strong>no me parece que sea la funci\u00f3n de un Presidente, transgrede esa funci\u00f3n<\/strong>\u201d, dir\u00eda sin ambages en la inauguraci\u00f3n del foro denominado: \u201cLos desaf\u00edos de la libertad de expresi\u00f3n, hoy\u201d, organizado por la Universidad de Guadalajara.<\/p>\n<p>Vargas Llosa se qued\u00f3 corto porque le falt\u00f3 hablar sobre el error pol\u00edtico m\u00e1s garrafal que comete el actual Presidente mexicano de \u201cdividir y confrontar al pueblo de M\u00e9xico\u201d, aunque de pasadita le dio un recarg\u00f3n diciendo que <strong>\u201ceso le resta seriedad y respeto\u201d<\/strong>. Pues s\u00ed, todo mundo lo entiende, menos el populismo rampl\u00f3n de AMLO, con quien el juicio de la historia ser\u00e1 muy severo porque tuvo la oportunidad de pasar a la historia como un Presidente muy querido y respetado, pero le dio por enarbolar el lado del populismo y la mentira, con lo cual su gobierno pasar\u00e1 a la historia como un gobierno del diablo, fundamentado en m\u00e1s de 56 mil mentiras, hasta ahora.<\/p>\n<p><a href=\"mailto:info@agenciamn.com\" target=\"_blank\" rel=\"noopener noreferrer\"><em>info@agenciamn.com<\/em><\/a><\/p>\n","protected":false},"excerpt":{"rendered":"<p><span style=\"color: #005497;\"><strong>Alberto Vieyra G.<\/strong><\/span><\/p>\n","protected":false},"author":3,"featured_media":0,"comment_status":"open","ping_status":"open","sticky":false,"template":"","format":"standard","meta":{"_monsterinsights_skip_tracking":false,"_monsterinsights_sitenote_active":false,"_monsterinsights_sitenote_note":"","_monsterinsights_sitenote_category":0,"footnotes":""},"categories":[4596],"tags":[43697,4597,43674],"class_list":["post-521506","post","type-post","status-publish","format-standard","hentry","category-alberto-vieyra-g","tag-alberto-vieyra-g","tag-de-pe-a-pa","tag-opinion"],"_links":{"self":[{"href":"https:\/\/www.diarioimagen.net\/index.php?rest_route=\/wp\/v2\/posts\/521506","targetHints":{"allow":["GET"]}}],"collection":[{"href":"https:\/\/www.diarioimagen.net\/index.php?rest_route=\/wp\/v2\/posts"}],"about":[{"href":"https:\/\/www.diarioimagen.net\/index.php?rest_route=\/wp\/v2\/types\/post"}],"author":[{"embeddable":true,"href":"https:\/\/www.diarioimagen.net\/index.php?rest_route=\/wp\/v2\/users\/3"}],"replies":[{"embeddable":true,"href":"https:\/\/www.diarioimagen.net\/index.php?rest_route=%2Fwp%2Fv2%2Fcomments&post=521506"}],"version-history":[{"count":0,"href":"https:\/\/www.diarioimagen.net\/index.php?rest_route=\/wp\/v2\/posts\/521506\/revisions"}],"wp:attachment":[{"href":"https:\/\/www.diarioimagen.net\/index.php?rest_route=%2Fwp%2Fv2%2Fmedia&parent=521506"}],"wp:term":[{"taxonomy":"category","embeddable":true,"href":"https:\/\/www.diarioimagen.net\/index.php?rest_route=%2Fwp%2Fv2%2Fcategories&post=521506"},{"taxonomy":"post_tag","embeddable":true,"href":"https:\/\/www.diarioimagen.net\/index.php?rest_route=%2Fwp%2Fv2%2Ftags&post=521506"}],"curies":[{"name":"wp","href":"https:\/\/api.w.org\/{rel}","templated":true}]}}