{"id":521629,"date":"2021-09-24T00:01:03","date_gmt":"2021-09-24T05:01:03","guid":{"rendered":"https:\/\/www.diarioimagen.net\/?p=521629"},"modified":"2021-09-24T05:35:01","modified_gmt":"2021-09-24T10:35:01","slug":"abrio-hyatt-ziva-riviera-cancun-operado-por-playa-hotels-resorts","status":"publish","type":"post","link":"https:\/\/www.diarioimagen.net\/?p=521629","title":{"rendered":"Abri\u00f3 <em>Hyatt Ziva Riviera Canc\u00fan<\/em>, operado por <em>Playa Hotels &#038; Resorts<\/em>"},"content":{"rendered":"<h2>De cinco estrellas<\/h2>\n<h5>Victoria Gonz\u00e1lez Prado<\/h5>\n<p>&nbsp;<\/p>\n<ul>\n<li><strong>Discover<em> Puerto Rico invita a celebrar los 500 a\u00f1os de San Juan<\/em><\/strong><\/li>\n<li><strong><em>Iberia festeja 75 a\u00f1os de iniciar vuelos a Latinoam\u00e9rica<\/em><\/strong><\/li>\n<\/ul>\n<p>&nbsp;<\/p>\n<div id=\"attachment_521747\" style=\"width: 470px\" class=\"wp-caption aligncenter\"><a href=\"https:\/\/www.diarioimagen.net\/?attachment_id=521747\" rel=\"attachment wp-att-521747\"><img loading=\"lazy\" decoding=\"async\" aria-describedby=\"caption-attachment-521747\" class=\"size-full wp-image-521747\" src=\"https:\/\/www.diarioimagen.net\/wp-content\/uploads\/2021\/09\/turismo-8.jpg\" alt=\"\" width=\"460\" height=\"270\" \/><\/a><p id=\"caption-attachment-521747\" class=\"wp-caption-text\">El nuevo hotel en Riviera Canc\u00fan.<\/p><\/div>\n<p>&nbsp;<\/p>\n<p><em>Hyatt Ziva Riviera Canc\u00fan,<\/em> resort familiar todo incluido es la incorporaci\u00f3n m\u00e1s reciente al premiado portafolio de la marca, aumentando\u00a0\u00a0 sus opciones de experiencias todo incluido en M\u00e9xico. <em>Playa Hotels &amp; Resorts<\/em> operar\u00e1 el nuevo inmueble para brindar nivel de sofisticaci\u00f3n y servicio desde el coraz\u00f3n del destino del mercado todo incluido.<\/p>\n<p>Ubicado cerca de la famosa Zona Hotelera de Canc\u00fan, el complejo de 438 habitaciones est\u00e1 en la orilla de las cristalinas aguas del Mar Caribe y la laguna de Bah\u00eda Petempich, e invita a los hu\u00e9spedes de todas las edades a conectar entre ellos y encender sus sentidos con ambiente espectacular, cocina vibrante, la cultura local y comodidades de vanguardia.<\/p>\n<p><strong>Frank Lavey<\/strong>, vicepresidente senior de operaciones globales de Hyatt, dijo: \u00abestamos encantados de dar la bienvenida a m\u00e1s hu\u00e9spedes y miembros de <em>World of Hyatt<\/em> para experimentar la marca Hyatt Ziva en M\u00e9xico, destino de descanso clave este a\u00f1o. Esta incorporaci\u00f3n al portafolio del a marca, ofrece estad\u00eda sofisticada y multigeneracional en la emocionante regi\u00f3n de la Riviera Maya\u201d.<\/p>\n<p><strong>Fernando Mulet<\/strong>, vicepresidente ejecutivo y director de Desarrollo de <em>Playa Hotels &amp; Resorts, <\/em>coment\u00f3<em>: <\/em>\u201ccon comodidades sofisticadas, junto con el reconocido Servicio \u2018desde el Coraz\u00f3n\u2019 de Playa y destino extraordinario, <em>Hyatt Ziva Riviera Canc\u00fan<\/em> representa lo mejor del lujo todo inclu\u00eddo\u201d.\u00a0 <em>\u00a0<\/em><\/p>\n<p>Rodeado de abundante jungla y aguas cristalinas, los hu\u00e9spedes descubrir\u00e1n verdadero para\u00edso vacacional: habitaciones \u00fanicas, amplia oferta de alimentos y bebias, diversi\u00f3n acu\u00e1tica para todos y experiencias de bienestar.<\/p>\n<p>Con m\u00e1s de 4 mil metros cuadrados de espacio para reuniones y eventos, alojamiento moderno, multitud de opciones gastron\u00f3micas gourmet e instalaciones superiores para conferencias, el inmueble es el escenario ideal frente al mar para bodas, celebraciones de aniversario y reuniones corporativas. La propiedad ofrece facilidad y conveniencia con servicios de tecnolog\u00eda de vanguardia y personal de planificaci\u00f3n de eventos para respaldar todas las necesidades de reuniones y conferencias. M\u00e1s informaci\u00f3n:\u00a0 <a href=\"https:\/\/www.resortsbyhyatt.com\/ziva-riviera-cancun\" target=\"_blank\" rel=\"noopener\">https:\/\/www.resortsbyhyatt.com\/ziva-riviera-cancun<\/a><\/p>\n<p>\u2730\u2730\u2730\u2730\u2730 Con la intenci\u00f3n de celebrar el 500 aniversario de la ciudad de Puerto Rico, <em>Discover Puerto Rico<\/em> \u2014Organizaci\u00f3n de Marketing de Destino\u2014 se asoci\u00f3 con la ciudad.<\/p>\n<p>Hasta junio de 2022, los eventos en toda la ciudad marcar\u00e1n hito hist\u00f3rico con conciertos, festivales, tours y mucho m\u00e1s. Los visitantes pueden consultar secci\u00f3n especial en el sitio web de <em>Discover Puerto Rico<\/em> para obtener informaci\u00f3n actualizada de las actividades.<\/p>\n<p>Durante 500 a\u00f1os, las calles de adoquines azules de la ciudad amurallada han escondido innumerables historias y misterios. Visitar el Viejo San Juan es sue\u00f1o para los aficionados a la historia y los exploradores, con impresionantes fortificaciones, imponentes murallas, amplias plazas y patios ocultos que son como viajar en el tiempo. Construida por los espa\u00f1oles, esta joya hist\u00f3rica es la ciudad m\u00e1s antigua de Estados Unidos y sus territorios, y la segunda m\u00e1s antigua de Am\u00e9rica.<\/p>\n<p><strong>Brad Dean<\/strong>, CEO de <em>Discover Puerto Rico, <\/em>asegur\u00f3 que la ciudad \u201ces un crisol de culturas, y nada lo ejemplifica mejor que el Viejo San Juan. A lo largo de sus 500 a\u00f1os, la urbe cuenta la historia de un pueblo en constante evoluci\u00f3n y resiliente. Incluso hoy en d\u00eda, los visitantes pueden sentir la historia cobrar vida a trav\u00e9s de sus monumentos hist\u00f3ricos. San Juan es una visita obligada para todo visitante de la isla, y el punto de partida perfecto para unas vacaciones en Puerto Rico\u201d.<\/p>\n<p>Las estructuras, objetos, monumentos y\u00a0 s\u00edmbolos son las huellas del pasado congeladas en el tiempo. El Viejo San Juan tiene cinco siglos de historia y a\u00fan conserva la magia y el encanto de anta\u00f1o, atrayendo a visitantes de todo el mundo.<\/p>\n<p>Como parte de la celebraci\u00f3n, el museo de San Juan inaugur\u00f3 dos exposiciones: \u201cImagen, Arte y Devoci\u00f3n: San Juan 500 a\u00f1os\u201d y \u201cLa ciudad en el tiempo: Cinco siglos de representaci\u00f3n art\u00edstica de San Juan\u201d. Tambi\u00e9n cre\u00f3 nuevo recorrido a pie por el Viejo San Juan que permite viajar al siglo XVI y descubrir los lugares m\u00e1s emblem\u00e1ticos de la ciudad m\u00e1s antigua de Estados Unidos y sus territorios.<\/p>\n<p>El recorrido \u2014de dos horas y media\u2014 guiar\u00e1 a grupos de hasta 20 personas a partir de las 9:00, 10:00, 13:00 y 14:00 horas. Se anunciar\u00e1n eventos adicionales a lo largo del a\u00f1o, y las festividades incluir\u00e1n la celebraci\u00f3n navide\u00f1a m\u00e1s larga de la historia de Puerto Rico y evento de \u201cBienvenida al 2022\u201d, el festival de la calle San Sebasti\u00e1n en enero del 2022 y regata en el verano del 2022 para cerrar las festividades.<\/p>\n<p>\u2730\u2730\u2730\u2730\u2730 Fue un 22 de septiembre de 1946 \u2014hace 75 a\u00f1os\u2014, la aerol\u00ednea de bandera espa\u00f1ola, Iberia, iniciaba su aventura por Am\u00e9rica Latina en ese\u00a0 primer vuelo, en avi\u00f3n DC-4 que tard\u00f3 36 horas en cubrir la ruta entre Madrid y Buenos Aires, Argentina, haciendo varias escalas y completando la ruta Madrid-Villa Cisneros-Natal-Montevideo-Buenos Aires.<\/p>\n<p>\u2730\u2730\u2730\u2730\u2730 <strong>Mauricio Vila Dosal<\/strong>, gobernador de Yucat\u00e1n y <strong>Alejandro Ruz<\/strong>, secretario del Ayuntamiento de M\u00e9rida recorrieron las instalaciones de la Hacienda San Antonio Hool, acompa\u00f1ados por <strong>Emilio D\u00edaz Castellanos<\/strong>, propietario del lugar y <strong>Rosannette D\u00edaz<\/strong>, directora general de la Hacienda, que abri\u00f3 sus puertas\u00a0 a los hu\u00e9spedes.<\/p>\n<p>En el recorrido, los anfitriones, mostraron y explicaron todos los detalles de restauraci\u00f3n, dise\u00f1o y mobiliario que\u00a0lograron para que\u00a0la Hacienda volviera a la vida convirti\u00e9ndose en patrimonio cultural de M\u00e9rida.<\/p>\n<p>A tan solo 16 kil\u00f3metros al poniente del centro de la ciudad de M\u00e9rida y 25 minutos del aeropuerto, el recinto brinda a sus visitantes experiencias exclusivas en hospedaje y la realizaci\u00f3n de eventos familiares, sociales, comerciales y de negocios de gran impacto.<\/p>\n<p>Con original oferta tur\u00edstica, los planos de la hacienda de 1917 conten\u00edan toda la obra edificada que hoy en d\u00eda a\u00fan prevalece, como la casa principal, la capilla, pagadur\u00eda, administraci\u00f3n y casa de mayordomo, la casa de m\u00e1quinas, procesadora y empacadora, caballerizas y bodegas, patio henequenero, \u00e1rea para sembrados y hortaliza, as\u00ed como corrales y cercas.<\/p>\n<p>En el a\u00f1o 2017 se decide restaurar, conservar y asegurar la perdurabilidad en el tiempo de este patrimonio,\u00a0con la ayuda de Reyes R\u00edos + Larra\u00edn, firma de arquitectos con m\u00e1s de 25 a\u00f1os de experiencia en la restauraci\u00f3n de inmuebles patrimoniales y <strong>Francisco Hanhausen<\/strong>, conocido arquitecto e interiorista mexicano se encarg\u00f3 del dise\u00f1o interior, la recuperaci\u00f3n se logr\u00f3, al darle nueva vida a la Hacienda para el disfrute de sus hu\u00e9spedes.<\/p>\n<p>La Hacienda enriquecer\u00e1 la estad\u00eda de los hu\u00e9spedes ofreciendo actividades adicionales como excursiones, senderos interpretativos, bicicletas, contemplaci\u00f3n de estrellas, proyector, y biblioteca. Hortaliza org\u00e1nica, pista de\u00a0<em>jogging<\/em>, clases de cocina y\/o yoga, el tradicional entierro de Cochinita, bienvenida y bodas mayas, cenas<\/p>\n<p>En su oportunidad, <strong>Rosannette D\u00edaz<\/strong><em>, <\/em>se\u00f1al\u00f3: \u00abest\u00e1 claro que es el momento de Yucat\u00e1n, tenemos un incre\u00edble destino que nos respalda y cuenta con todo para brindar vivencias \u00fanicas a los viajeros m\u00e1s exigentes que buscan experiencias de aventura, cultura, gastronom\u00eda y servicios del m\u00e1s alto nivel\u00bb.<\/p>\n<p>El gobernador de la entidad, indico: \u201cestamos muy contentos de acompa\u00f1ar a <strong>Emilio<\/strong>, <strong>Rosannette<\/strong> y toda su familia en la presentaci\u00f3n de esta preciosa hacienda. Me toc\u00f3 venir a uno de los primeros eventos que fue la cena de los Premios Nobel de la Paz, pero hoy vengo y veo todos los detalles, sin duda es un gran atractivo tur\u00edstico\u201d.<\/p>\n<p>Manteniendo el lujo y confort, San Antonio Hool se encarga de que la estancia de todos sus visitantes sea igual dentro y fuera del complejo hist\u00f3rico, trabajando con los profesionales m\u00e1s capacitados y reconocidos del medio en servicios de turismo.<\/p>\n<p>&nbsp;<\/p>\n<blockquote>\n<p style=\"text-align: right;\">\u201c<strong>El<\/strong> <strong>\u00e1ngel de la fama tiene sus alas hechas de papel&#8230; peri\u00f3dico\u201d.<br \/>\n<\/strong><\/p>\n<\/blockquote>\n<p>&nbsp;<\/p>\n<p><em><span class=\"Apple-converted-space\"><a href=\"mailto:victoriagprado@gmail.com\" target=\"_blank\" rel=\"noopener noreferrer\">victoriagprado@gmail.com<\/a><br \/>\nTwitter: <a href=\"https:\/\/twitter.com\/victoriagprado\" target=\"_blank\" rel=\"noopener noreferrer\">@victoriagprado<\/a><\/span><\/em><\/p>\n","protected":false},"excerpt":{"rendered":"<p><em>Hyatt Ziva Riviera Canc\u00fan,<\/em> resort familiar todo incluido es la incorporaci\u00f3n m\u00e1s reciente al premiado portafolio de la marca, aumentando   sus opciones de experiencias todo incluido en M\u00e9xico. <em>Playa Hotels &#038; Resorts<\/em> operar\u00e1 el nuevo inmueble para brindar nivel de sofisticaci\u00f3n y servicio desde el coraz\u00f3n del destino del mercado todo incluido.<\/p>\n","protected":false},"author":3,"featured_media":521747,"comment_status":"open","ping_status":"open","sticky":false,"template":"","format":"standard","meta":{"_monsterinsights_skip_tracking":false,"_monsterinsights_sitenote_active":false,"_monsterinsights_sitenote_note":"","_monsterinsights_sitenote_category":0,"footnotes":""},"categories":[11],"tags":[107,43674,43681,106],"class_list":["post-521629","post","type-post","status-publish","format-standard","has-post-thumbnail","hentry","category-turismo","tag-de-cinco-estrellas","tag-opinion","tag-turismo","tag-victoria-gonzalez-prado"],"_links":{"self":[{"href":"https:\/\/www.diarioimagen.net\/index.php?rest_route=\/wp\/v2\/posts\/521629","targetHints":{"allow":["GET"]}}],"collection":[{"href":"https:\/\/www.diarioimagen.net\/index.php?rest_route=\/wp\/v2\/posts"}],"about":[{"href":"https:\/\/www.diarioimagen.net\/index.php?rest_route=\/wp\/v2\/types\/post"}],"author":[{"embeddable":true,"href":"https:\/\/www.diarioimagen.net\/index.php?rest_route=\/wp\/v2\/users\/3"}],"replies":[{"embeddable":true,"href":"https:\/\/www.diarioimagen.net\/index.php?rest_route=%2Fwp%2Fv2%2Fcomments&post=521629"}],"version-history":[{"count":0,"href":"https:\/\/www.diarioimagen.net\/index.php?rest_route=\/wp\/v2\/posts\/521629\/revisions"}],"wp:featuredmedia":[{"embeddable":true,"href":"https:\/\/www.diarioimagen.net\/index.php?rest_route=\/wp\/v2\/media\/521747"}],"wp:attachment":[{"href":"https:\/\/www.diarioimagen.net\/index.php?rest_route=%2Fwp%2Fv2%2Fmedia&parent=521629"}],"wp:term":[{"taxonomy":"category","embeddable":true,"href":"https:\/\/www.diarioimagen.net\/index.php?rest_route=%2Fwp%2Fv2%2Fcategories&post=521629"},{"taxonomy":"post_tag","embeddable":true,"href":"https:\/\/www.diarioimagen.net\/index.php?rest_route=%2Fwp%2Fv2%2Ftags&post=521629"}],"curies":[{"name":"wp","href":"https:\/\/api.w.org\/{rel}","templated":true}]}}