{"id":521651,"date":"2021-09-24T00:03:05","date_gmt":"2021-09-24T05:03:05","guid":{"rendered":"https:\/\/www.diarioimagen.net\/?p=521651"},"modified":"2021-09-24T05:55:32","modified_gmt":"2021-09-24T10:55:32","slug":"gobierno-de-cuautitlan-izcalli-y-ciudadanos-realizan-rescate-de-espacios-publicos","status":"publish","type":"post","link":"https:\/\/www.diarioimagen.net\/?p=521651","title":{"rendered":"Gobierno de Cuautitl\u00e1n Izcalli y ciudadanos realizan rescate de espacios p\u00fablicos"},"content":{"rendered":"<p>&nbsp;<\/p>\n<ul>\n<li><strong><em>En Bosques de Viena, Sector 2<\/em><\/strong><\/li>\n<\/ul>\n<p>&nbsp;<\/p>\n<div id=\"attachment_521764\" style=\"width: 470px\" class=\"wp-caption aligncenter\"><a href=\"https:\/\/www.diarioimagen.net\/?attachment_id=521764\" rel=\"attachment wp-att-521764\"><img loading=\"lazy\" decoding=\"async\" aria-describedby=\"caption-attachment-521764\" class=\"size-full wp-image-521764\" src=\"https:\/\/www.diarioimagen.net\/wp-content\/uploads\/2021\/09\/izcalli-1.jpg\" alt=\"\" width=\"460\" height=\"270\" \/><\/a><p id=\"caption-attachment-521764\" class=\"wp-caption-text\">El espacio, localizado en Bosques de Viena Sector 2, se descuid\u00f3 a lo largo de los a\u00f1os e iniciaron los trabajos de recuperaci\u00f3n en enero con el retiro de basura.<\/p><\/div>\n<p>&nbsp;<\/p>\n<p><strong>Cuautitl\u00e1n Izcalli, Estado de M\u00e9xico<\/strong>.- El gobierno Municipal de Cuautitl\u00e1n Izcalli, a trav\u00e9s de la Direcci\u00f3n de Medio Ambiente, en coordinaci\u00f3n con la Asociaci\u00f3n de Colonos Bosques de Viena recuperaron al inicio de este a\u00f1o un espacio de \u00e1rea verde ubicado en el fraccionamiento Bosques del Lago.<\/p>\n<p>Dicho espacio, localizado espec\u00edficamente en Bosques de Viena Sector 2, se descuid\u00f3 a lo largo de los a\u00f1os e iniciaron los trabajos de recuperaci\u00f3n el pasado mes de enero con el retiro de basura, apoyados por la Direcci\u00f3n de Limpia.<\/p>\n<p>Posteriormente, la Direcci\u00f3n de Medio Ambiente tuvo un acercamiento con los vecinos, donde bi\u00f3logos y agr\u00f3nomos los asesoraron sobre los cuidados que deber\u00eda tener el lugar, as\u00ed como las especies de flora ideales para la zona, que fueron: pinos limoneros, buganvilias, cempas\u00fachil y encinos, los que ayudar\u00edan a recuperar el suelo.<\/p>\n<p>De esta manera, la direcci\u00f3n encabezada por Seraf\u00edn Rodr\u00edguez Gonz\u00e1lez, don\u00f3 m\u00e1s de 300 plantas para que los colonos las plantaran, orient\u00e1ndolos con la forma correcta de hacerlo. La Asociaci\u00f3n de Colonos agradeci\u00f3 al gobierno municipal por la labor realizada y comentaron que, tras varios a\u00f1os, se est\u00e1 recuperando el equilibrio ecol\u00f3gico, el cual seguir\u00e1n cuidando.<\/p>\n<p>Por \u00faltimo, Seraf\u00edn Rodr\u00edguez agradeci\u00f3 a los vecinos por su participaci\u00f3n en esta \u00e1rea para preservarla con flora y fauna. De igual manera, coment\u00f3 que, si la ciudadan\u00eda desea rescatar alg\u00fan espacio p\u00fablico en sus comunidades, puede mandar un oficio a la Direcci\u00f3n de Medio Ambiente colocando el lugar y posteriormente se realizar\u00e1 una visita para asesorar a la ciudadan\u00eda de manera adecuada.<\/p>\n","protected":false},"excerpt":{"rendered":"<p>El gobierno Municipal de Cuautitl\u00e1n Izcalli, a trav\u00e9s de la Direcci\u00f3n de Medio Ambiente, en coordinaci\u00f3n con la Asociaci\u00f3n de Colonos Bosques de Viena recuperaron al inicio de este a\u00f1o un espacio de \u00e1rea verde ubicado en el fraccionamiento Bosques del Lago.<\/p>\n","protected":false},"author":3,"featured_media":521764,"comment_status":"open","ping_status":"open","sticky":false,"template":"","format":"standard","meta":{"_monsterinsights_skip_tracking":false,"_monsterinsights_sitenote_active":false,"_monsterinsights_sitenote_note":"","_monsterinsights_sitenote_category":0,"footnotes":""},"categories":[5],"tags":[70746,971,46151,43675],"class_list":["post-521651","post","type-post","status-publish","format-standard","has-post-thumbnail","hentry","category-estado-de-mexico","tag-ciudadanos","tag-cuautitlan-izcalli","tag-espacios-publicos","tag-estado-de-mexico"],"_links":{"self":[{"href":"https:\/\/www.diarioimagen.net\/index.php?rest_route=\/wp\/v2\/posts\/521651","targetHints":{"allow":["GET"]}}],"collection":[{"href":"https:\/\/www.diarioimagen.net\/index.php?rest_route=\/wp\/v2\/posts"}],"about":[{"href":"https:\/\/www.diarioimagen.net\/index.php?rest_route=\/wp\/v2\/types\/post"}],"author":[{"embeddable":true,"href":"https:\/\/www.diarioimagen.net\/index.php?rest_route=\/wp\/v2\/users\/3"}],"replies":[{"embeddable":true,"href":"https:\/\/www.diarioimagen.net\/index.php?rest_route=%2Fwp%2Fv2%2Fcomments&post=521651"}],"version-history":[{"count":0,"href":"https:\/\/www.diarioimagen.net\/index.php?rest_route=\/wp\/v2\/posts\/521651\/revisions"}],"wp:featuredmedia":[{"embeddable":true,"href":"https:\/\/www.diarioimagen.net\/index.php?rest_route=\/wp\/v2\/media\/521764"}],"wp:attachment":[{"href":"https:\/\/www.diarioimagen.net\/index.php?rest_route=%2Fwp%2Fv2%2Fmedia&parent=521651"}],"wp:term":[{"taxonomy":"category","embeddable":true,"href":"https:\/\/www.diarioimagen.net\/index.php?rest_route=%2Fwp%2Fv2%2Fcategories&post=521651"},{"taxonomy":"post_tag","embeddable":true,"href":"https:\/\/www.diarioimagen.net\/index.php?rest_route=%2Fwp%2Fv2%2Ftags&post=521651"}],"curies":[{"name":"wp","href":"https:\/\/api.w.org\/{rel}","templated":true}]}}