{"id":521654,"date":"2021-09-24T00:01:07","date_gmt":"2021-09-24T05:01:07","guid":{"rendered":"https:\/\/www.diarioimagen.net\/?p=521654"},"modified":"2021-09-24T05:54:41","modified_gmt":"2021-09-24T10:54:41","slug":"siempre-estaremos-abiertos-al-dialogo-cuauhtemoc-mason","status":"publish","type":"post","link":"https:\/\/www.diarioimagen.net\/?p=521654","title":{"rendered":"Siempre estaremos abiertos al di\u00e1logo: Cuauht\u00e9moc Mas\u00f3n"},"content":{"rendered":"<p>&nbsp;<\/p>\n<ul>\n<li><strong><em>Se atienden necesidades en Cuautitl\u00e1n<\/em><\/strong><\/li>\n<\/ul>\n<p>&nbsp;<\/p>\n<div id=\"attachment_521761\" style=\"width: 470px\" class=\"wp-caption aligncenter\"><a href=\"https:\/\/www.diarioimagen.net\/?attachment_id=521761\" rel=\"attachment wp-att-521761\"><img loading=\"lazy\" decoding=\"async\" aria-describedby=\"caption-attachment-521761\" class=\"size-full wp-image-521761\" src=\"https:\/\/www.diarioimagen.net\/wp-content\/uploads\/2021\/09\/cuautitlan-12.jpg\" alt=\"\" width=\"460\" height=\"270\" \/><\/a><p id=\"caption-attachment-521761\" class=\"wp-caption-text\">El alcalde Cuauht\u00e9moc Mas\u00f3n se\u00f1al\u00f3 que el gobierno de Cuautitl\u00e1n siempre estar\u00e1 abierto al di\u00e1logo con todos los ciudadanos.<\/p><\/div>\n<p>&nbsp;<\/p>\n<p><strong>Cuautitl\u00e1n, Estado de M\u00e9xico<\/strong>.- El gobierno de Cuautitl\u00e1n siempre estar\u00e1 abierto al di\u00e1logo con todos los ciudadanos, subray\u00f3 el presidente municipal sustituto Cuauht\u00e9moc Mas\u00f3n Orta, al reconocer que las necesidades de la poblaci\u00f3n son atendidas en beneficio de las familias.<\/p>\n<p>Ante los hechos violentos ocurridos el d\u00eda de ayer en contra por un grupo de personas que se encontraban en la reuni\u00f3n con comerciantes dentro del palacio municipal, se\u00f1al\u00f3 que se levantaron las denuncias correspondientes contra quien o quienes resulten responsables, al tiempo de manifestar que desde el inicio se violent\u00f3 el ambiente con consignas y denostaciones ofensivas.<\/p>\n<p>Mas\u00f3n Orta subray\u00f3, que siempre se estar\u00e1 abierto al di\u00e1logo con los actores pol\u00edticos del municipio, aun cuando algunos grupos no quieran reconocer el buen trabajo que ha realizado el gobierno local en m\u00e1s de dos a\u00f1os, en materia de infraestructura urbana, reducci\u00f3n de deuda p\u00fablica, mejoras en el sistema de saneamiento y dotaci\u00f3n de agua en el municipio, entre otros temas prioritarios.<\/p>\n<p>El presidente municipal Mas\u00f3n Orta, dijo que se seguir\u00e1 trabajando por los cuautitlenses y gracias al buen manejo de los recursos se han mejorado las condiciones financieras, asegurando salarios y disminuyendo la deuda, por lo que dijo \u201clo hemos hecho bien y lo seguiremos haciendo hasta el \u00faltimo d\u00eda de la administraci\u00f3n\u201d recalc\u00f3.<\/p>\n<p>Sobre los actos acontecidos el d\u00eda de ayer, dijo que es el di\u00e1logo el camino con el que se llegan a acuerdos, sin embargo los intereses de algunos adversarios pol\u00edticos incitaron este enfrentamiento que responde a una visi\u00f3n distinta y con motivaciones de grupo, por lo que reiter\u00f3 que en Cuautitl\u00e1n, tambi\u00e9n hay gente trabajadora que lucha por sacar adelante a sus familias.<\/p>\n","protected":false},"excerpt":{"rendered":"<p>El gobierno de Cuautitl\u00e1n siempre estar\u00e1 abierto al di\u00e1logo con todos los ciudadanos, subray\u00f3 el presidente municipal sustituto Cuauht\u00e9moc Mas\u00f3n Orta, al reconocer que las necesidades de la poblaci\u00f3n son atendidas en beneficio de las familias.<\/p>\n","protected":false},"author":3,"featured_media":521761,"comment_status":"open","ping_status":"open","sticky":false,"template":"","format":"standard","meta":{"_monsterinsights_skip_tracking":false,"_monsterinsights_sitenote_active":false,"_monsterinsights_sitenote_note":"","_monsterinsights_sitenote_category":0,"footnotes":""},"categories":[5],"tags":[93705,681,43675],"class_list":["post-521654","post","type-post","status-publish","format-standard","has-post-thumbnail","hentry","category-estado-de-mexico","tag-cuauhtemoc-mason","tag-cuautitlan","tag-estado-de-mexico"],"_links":{"self":[{"href":"https:\/\/www.diarioimagen.net\/index.php?rest_route=\/wp\/v2\/posts\/521654","targetHints":{"allow":["GET"]}}],"collection":[{"href":"https:\/\/www.diarioimagen.net\/index.php?rest_route=\/wp\/v2\/posts"}],"about":[{"href":"https:\/\/www.diarioimagen.net\/index.php?rest_route=\/wp\/v2\/types\/post"}],"author":[{"embeddable":true,"href":"https:\/\/www.diarioimagen.net\/index.php?rest_route=\/wp\/v2\/users\/3"}],"replies":[{"embeddable":true,"href":"https:\/\/www.diarioimagen.net\/index.php?rest_route=%2Fwp%2Fv2%2Fcomments&post=521654"}],"version-history":[{"count":0,"href":"https:\/\/www.diarioimagen.net\/index.php?rest_route=\/wp\/v2\/posts\/521654\/revisions"}],"wp:featuredmedia":[{"embeddable":true,"href":"https:\/\/www.diarioimagen.net\/index.php?rest_route=\/wp\/v2\/media\/521761"}],"wp:attachment":[{"href":"https:\/\/www.diarioimagen.net\/index.php?rest_route=%2Fwp%2Fv2%2Fmedia&parent=521654"}],"wp:term":[{"taxonomy":"category","embeddable":true,"href":"https:\/\/www.diarioimagen.net\/index.php?rest_route=%2Fwp%2Fv2%2Fcategories&post=521654"},{"taxonomy":"post_tag","embeddable":true,"href":"https:\/\/www.diarioimagen.net\/index.php?rest_route=%2Fwp%2Fv2%2Ftags&post=521654"}],"curies":[{"name":"wp","href":"https:\/\/api.w.org\/{rel}","templated":true}]}}