{"id":521678,"date":"2021-09-24T00:05:03","date_gmt":"2021-09-24T05:05:03","guid":{"rendered":"https:\/\/www.diarioimagen.net\/?p=521678"},"modified":"2021-09-24T04:05:41","modified_gmt":"2021-09-24T09:05:41","slug":"invitaciones-a-exgobernadores","status":"publish","type":"post","link":"https:\/\/www.diarioimagen.net\/?p=521678","title":{"rendered":"Invitaciones a exgobernadores"},"content":{"rendered":"<h2>Perfil de M\u00e9xico<\/h2>\n<h5>Armando R\u00edos Ruiz<\/h5>\n<p>&nbsp;<\/p>\n<p>Los gobernadores que est\u00e1n a punto de dejar el cargo y que de manera\u00a0 sorpresiva han recibido invitaci\u00f3n por dem\u00e1s amable y generosa del Presidente, de incorporarse a su redil a ocupar cargos para cerrar boquetes que \u00e9l mismo ha abierto en su delirio de pelearse con quien se le ponga enfrente, como el rijoso del barrio, ha levantado sospecha y \u00e1mpula entre pol\u00edticos de oposici\u00f3n y gente pensante.<\/p>\n<p>Sin ninguna discreci\u00f3n ofreci\u00f3 cargos a Antonio Echevarr\u00eda Garc\u00eda, gobernante de Nayarit de Acci\u00f3n Nacional, de todos sabido, partido ultra conservador. Afirm\u00f3 que \u201cdio seguridad a los nayaritas y confi\u00f3 en que durante la nueva administraci\u00f3n del morenista Miguel \u00c1ngel Navarro, Nayarit contin\u00fae su progreso\u201d. Si como piensan mal algunos, con seguridad as\u00ed ser\u00e1.<\/p>\n<p>Otro invitado es el guerrerense H\u00e9ctor Astudillo, qui\u00e9n, como los dem\u00e1s, recibi\u00f3 con una amplia sonrisa la noticia. Son pol\u00edticos que siempre mantuvieron una liga estrecha con el mandam\u00e1s. Le ofrecieron simpat\u00eda y aceptaci\u00f3n en todo momento. Inclusive a la hora de las votaciones del 6 de junio pasado.<\/p>\n<p>El tercero es Quirino Ordaz, del estado de Sinaloa y del Revolucionario Institucional, el tan repudiado por el Presidente, convertido desde siempre en la Caja de Pandora, creador de todos los males y maestro de tiempo completo de la corrupci\u00f3n, prohijador del neoliberalismo aberrante y del conservadurismo.<\/p>\n<p>Todo lo anterior, s\u00f3lo de los dientes para afuera. As\u00ed lo hacen ver con absoluta claridad las invitaciones tan\u00a0 dis\u00edmbolas arriba apuntadas. Es inconcebible que el Presidente, que, desde que asumi\u00f3 el cargo e implement\u00f3 las aburridas conferencias ma\u00f1aneras, no haya dejado de hablar, pr\u00e1cticamente un solo d\u00eda, de conservadores y neoliberales y hoy haga p\u00fablica su invitaci\u00f3n a quienes, seg\u00fan \u00e9l, son fieles e indiscutibles representantes de ambos bandos.<\/p>\n<p>\u00bfPero cu\u00e1les son las conjeturas? Unos dicen que desea allegar a su reba\u00f1o a priistas. Que desea congraciarse con una imagen falsa, para obtener bonos en las c\u00e1maras, de quienes adem\u00e1s navegan en aguas turbulentas en un barco que hace aguas y adem\u00e1s, con un timonel, Alejandro Moreno, que no conoce el tim\u00f3n y que f\u00e1cilmente lo dejar\u00eda a cualquiera, con tal de que no le investiguen cuentas pendientes con los dineros p\u00fablicos que manej\u00f3 en Campeche cuando fue gobernador.<\/p>\n<p>Primero dijo que para aceptar cargos de otros partidos, el Consejo Pol\u00edtico Nacional del tricolor debe aprobar la invitaci\u00f3n. De otra forma, quien acepte sin este requisito podr\u00eda ser expulsado. Sostuvo que si alguno acepta la invitaci\u00f3n, entonces deber\u00e1 solicitar el permiso al organismo pol\u00edtico en que milita. Todo congruencia y gesto de l\u00edder.<\/p>\n<p>Muchos pensamos que ese era indiscutiblemente el camino. Principalmente ante un personaje que ha dedicado todos su tiempo pol\u00edtico, desde hace demasiado tiempo, salvo cuando milit\u00f3 en esas mismas filas, a denostarlos y a crear ambientes adversos (bien ganados en muchos casos). Advirti\u00f3 que para aceptar un cargo a trav\u00e9s de otro partido pol\u00edtico debe ser aprobado por el Consejo Pol\u00edtico Nacional del tricolor, de lo contrario, quien acepte sin consultarlo \u201cpodr\u00e1 ser expulsado y perder su militancia\u201d.<\/p>\n<p>Pero, qu\u00e9 curioso. Ya se desmarc\u00f3 de la invitaci\u00f3n de Quirino Ordaz a la embajada de Espa\u00f1a: \u201cEs a t\u00edtulo personal, nada tiene que ver con nuestro partido\u201d,<\/p>\n<p>Otros aseguran que en virtud de que todos pertenecen al corredor del Pac\u00edfico en donde ganaron candidatos de Morena y hubo intimidaci\u00f3n y hasta cr\u00edmenes, adem\u00e1s en donde el mandatario tiene mucho ascendiente con personajes oscuros, esta es la forma de agradecer<\/p>\n<p>Eso de que fueron tan buenos gobernantes que se ganaron su ampl\u00edsimo reconocimiento y su invitaci\u00f3n, tal vez s\u00f3lo pueda ser cre\u00eddo por sus chairos. La regla que hasta hoy se quebranta, dice que esas felicitaciones se dan cuando un funcionario del mismo redil es obligado a renunciar a su cargo. Entonces, quien lo corre dice lindezas de su trabajo. La gente siempre se ha preguntado. \u201cpues si era tan bueno, entonces, \u00bfpor qu\u00e9 lo corren?<\/p>\n<p><a href=\"mailto:ariosruiz@gmail.com\" target=\"_blank\" rel=\"noopener noreferrer\"><em>ariosruiz@gmail.com<\/em><\/a><\/p>\n","protected":false},"excerpt":{"rendered":"<p><span style=\"color: #005497;\"><strong>Armando R\u00edos Ruiz<\/strong><\/span><\/p>\n","protected":false},"author":3,"featured_media":0,"comment_status":"open","ping_status":"open","sticky":false,"template":"","format":"standard","meta":{"_monsterinsights_skip_tracking":false,"_monsterinsights_sitenote_active":false,"_monsterinsights_sitenote_note":"","_monsterinsights_sitenote_category":0,"footnotes":""},"categories":[88405],"tags":[88407,43674,91193],"class_list":["post-521678","post","type-post","status-publish","format-standard","hentry","category-armando-rios-ruiz","tag-armando-rios-ruiz","tag-opinion","tag-perfil-de-mexico"],"_links":{"self":[{"href":"https:\/\/www.diarioimagen.net\/index.php?rest_route=\/wp\/v2\/posts\/521678","targetHints":{"allow":["GET"]}}],"collection":[{"href":"https:\/\/www.diarioimagen.net\/index.php?rest_route=\/wp\/v2\/posts"}],"about":[{"href":"https:\/\/www.diarioimagen.net\/index.php?rest_route=\/wp\/v2\/types\/post"}],"author":[{"embeddable":true,"href":"https:\/\/www.diarioimagen.net\/index.php?rest_route=\/wp\/v2\/users\/3"}],"replies":[{"embeddable":true,"href":"https:\/\/www.diarioimagen.net\/index.php?rest_route=%2Fwp%2Fv2%2Fcomments&post=521678"}],"version-history":[{"count":0,"href":"https:\/\/www.diarioimagen.net\/index.php?rest_route=\/wp\/v2\/posts\/521678\/revisions"}],"wp:attachment":[{"href":"https:\/\/www.diarioimagen.net\/index.php?rest_route=%2Fwp%2Fv2%2Fmedia&parent=521678"}],"wp:term":[{"taxonomy":"category","embeddable":true,"href":"https:\/\/www.diarioimagen.net\/index.php?rest_route=%2Fwp%2Fv2%2Fcategories&post=521678"},{"taxonomy":"post_tag","embeddable":true,"href":"https:\/\/www.diarioimagen.net\/index.php?rest_route=%2Fwp%2Fv2%2Ftags&post=521678"}],"curies":[{"name":"wp","href":"https:\/\/api.w.org\/{rel}","templated":true}]}}