{"id":521683,"date":"2021-09-24T00:08:53","date_gmt":"2021-09-24T05:08:53","guid":{"rendered":"https:\/\/www.diarioimagen.net\/?p=521683"},"modified":"2021-09-24T04:09:04","modified_gmt":"2021-09-24T09:09:04","slug":"viacrucis-de-migrantes","status":"publish","type":"post","link":"https:\/\/www.diarioimagen.net\/?p=521683","title":{"rendered":"Viacrucis de migrantes"},"content":{"rendered":"<h2>Punto por punto<\/h2>\n<h5>Augusto Corro<\/h5>\n<p>&nbsp;<\/p>\n<p>No se ve cercana la soluci\u00f3n del problema migratorio que afecta a M\u00e9xico y a Estados Unidos.<\/p>\n<p>En d\u00edas recientes la situaci\u00f3n se agudiz\u00f3 con la llegada de miles de haitianos que quieren radicar en el vecino pa\u00eds.<\/p>\n<p>En M\u00e9xico, las autoridades fueron rebasadas por las olas de miles de migrantes que cruzan el territorio para llegar a la frontera del norte.<\/p>\n<p>A esas caravanas agr\u00e9guele usted miles de indocumentados de otros pa\u00edses como Honduras, El Salvador, Guatemala y M\u00e9xico.<\/p>\n<p>Algunos migrantes consiguen los permisos oficiales para entrar a M\u00e9xico, otros lo hacen ilegalmente.<\/p>\n<p>Un elevado n\u00famero de extranjeros se quedan en las ciudades mexicanas sure\u00f1as o norte\u00f1as con toda clase de carencias.<\/p>\n<p>O deciden acampar en los r\u00edos o bajo los puentes fronterizos en espera de ser atendidos por las autoridades.<\/p>\n<p><strong>Como esclavos<\/strong><\/p>\n<p>En ese viacrucis por cruzar la frontera y llegar a suelo estadounidense, los indocumentados son tratados como animales.<\/p>\n<p>Los videos y fotograf\u00edas recientes sobre la persecuci\u00f3n de ilegales nos recuerdan hechos ignominiosos, como aquellos en los que se persegu\u00eda a los esclavos negros que buscaban la libertad.<\/p>\n<p>Los haitianos que logran cruzar el r\u00edo son perseguidos y detenidos por la caballer\u00eda de la patrulla fronteriza, cuyos agentes recurren al uso del l\u00e1tigo como si se tratara de someter a animales.<\/p>\n<p>El trato deshumanizado de las autoridades hac\u00eda los negros no termina ah\u00ed. Despu\u00e9s lo suben a los aviones y los regresan a Hait\u00ed, a sus lugares de origen.<\/p>\n<p>Las autoridades estadounidenses no toman en cuenta las condiciones de miseria que viven los haitianos.<\/p>\n<p>Afectados por los fen\u00f3menos naturales como terremotos, huracanes y por sus problemas pol\u00edticos, los haitianos son deportados a su pa\u00eds, a enfrentar un destino incierto.<\/p>\n<p>La mayor\u00eda de indocumentados pens\u00f3 que con Joe Biden en el poder se ablandar\u00edan las leyes migratorias, pero no ocurri\u00f3 as\u00ed.<\/p>\n<p>El presidente estadounidense se encuentra en la incertidumbre. Es posible que ante la crisis migratoria se dicten medidas que, por lo menos, cambien la imagen negativa que EU ofreci\u00f3 al mundo, por el maltrato de las autoridades a los haitianos.<\/p>\n<p>Por otra parte, la agrupaci\u00f3n M\u00e9dicos Sin Fronteras denunci\u00f3 que los migrantes haitianos en el norte y sur de M\u00e9xico sufren \u201chacinamiento y falta de acceso a servicios m\u00e9dicos y sociales\u201d.<\/p>\n<p>Adem\u00e1s, consider\u00f3 que es lamentable la decisi\u00f3n de retomar a la fuerza a cientos de personas en vuelos directos hacia Hait\u00ed, de donde huyeron de la crisis que afecta desde hace d\u00e9cadas al pa\u00eds.<\/p>\n<p>La \u00faltima informaci\u00f3n que lleg\u00f3 de Hait\u00ed se refiere a la renuncia de Daniel Foote, el enviado especial del gobierno de Joe Biden, por las expulsiones \u201cinhumanas\u201d de migrantes haitianos.<\/p>\n<p>\u201cNo permitir\u00e9 que me asocien con la decisi\u00f3n inhumana y contraproducente de Estados Unidos de deportar a miles de refugiados haitianos e inmigrantes ilegales a Hait\u00ed, un pa\u00eds donde funcionarios estadounidenses est\u00e1n encerrados en cuarteles seguros debido al peligro que significan las pandillas armadas en la vida cotidiana\u201d, dijo Daniel Foote.<\/p>\n<p><strong>S\u00f3lo discursos<\/strong><\/p>\n<p>En este espacio nos referimos al problema migratorio que no es exclusivo de M\u00e9xico y Estados Unidos.<\/p>\n<p>En nuestro pa\u00eds se realiza una intensa actividad para evitar el ingreso de caravanas de migrantes.<\/p>\n<p>M\u00e9xico no tendr\u00eda ning\u00fan problema si no fuera uno de los pasos obligados para llegar a Estados Unidos.<\/p>\n<p>Desde el gobierno de Donald Trump, nuestro pa\u00eds fue presionado para que detuviera el flujo migratorio, con relativo \u00e9xito.<\/p>\n<p>Las caravanas de indocumentados disminuyeron. M\u00e9xico le sirvi\u00f3 de polic\u00eda fronteriza a Estados Unidos.<\/p>\n<p>Si las autoridades mexicanas se negaban a cumplir las \u00f3rdenes de Trump, como aquella de reducir el flujo migratorio, se aplicar\u00edan nuevos aranceles a los productos de M\u00e9xico.<\/p>\n<p>En fin, la soluci\u00f3n al problema migratorio se qued\u00f3 en los discursos y as\u00ed continuar\u00e1 nadie sabe por cu\u00e1nto tiempo.<\/p>\n<p>\u00bfUsted qu\u00e9 opina amable lector?<\/p>\n<p><a href=\"mailto:aco2742@hotmail.com\" target=\"_blank\" rel=\"noopener noreferrer\"><em>aco2742@hotmail.com<\/em><\/a><\/p>\n","protected":false},"excerpt":{"rendered":"<p><span style=\"color: #005497;\"><strong>Augusto Corro<\/strong><\/span><\/p>\n","protected":false},"author":3,"featured_media":0,"comment_status":"open","ping_status":"open","sticky":false,"template":"","format":"standard","meta":{"_monsterinsights_skip_tracking":false,"_monsterinsights_sitenote_active":false,"_monsterinsights_sitenote_note":"","_monsterinsights_sitenote_category":0,"footnotes":""},"categories":[157],"tags":[43686,43674,11515],"class_list":["post-521683","post","type-post","status-publish","format-standard","hentry","category-augusto-corro","tag-augusto-corro","tag-opinion","tag-punto-por-punto"],"_links":{"self":[{"href":"https:\/\/www.diarioimagen.net\/index.php?rest_route=\/wp\/v2\/posts\/521683","targetHints":{"allow":["GET"]}}],"collection":[{"href":"https:\/\/www.diarioimagen.net\/index.php?rest_route=\/wp\/v2\/posts"}],"about":[{"href":"https:\/\/www.diarioimagen.net\/index.php?rest_route=\/wp\/v2\/types\/post"}],"author":[{"embeddable":true,"href":"https:\/\/www.diarioimagen.net\/index.php?rest_route=\/wp\/v2\/users\/3"}],"replies":[{"embeddable":true,"href":"https:\/\/www.diarioimagen.net\/index.php?rest_route=%2Fwp%2Fv2%2Fcomments&post=521683"}],"version-history":[{"count":0,"href":"https:\/\/www.diarioimagen.net\/index.php?rest_route=\/wp\/v2\/posts\/521683\/revisions"}],"wp:attachment":[{"href":"https:\/\/www.diarioimagen.net\/index.php?rest_route=%2Fwp%2Fv2%2Fmedia&parent=521683"}],"wp:term":[{"taxonomy":"category","embeddable":true,"href":"https:\/\/www.diarioimagen.net\/index.php?rest_route=%2Fwp%2Fv2%2Fcategories&post=521683"},{"taxonomy":"post_tag","embeddable":true,"href":"https:\/\/www.diarioimagen.net\/index.php?rest_route=%2Fwp%2Fv2%2Ftags&post=521683"}],"curies":[{"name":"wp","href":"https:\/\/api.w.org\/{rel}","templated":true}]}}