{"id":521689,"date":"2021-09-24T00:08:41","date_gmt":"2021-09-24T05:08:41","guid":{"rendered":"https:\/\/www.diarioimagen.net\/?p=521689"},"modified":"2021-09-24T04:16:37","modified_gmt":"2021-09-24T09:16:37","slug":"ipw-21-la-reapertura-del-turismo-en-los-estados-unidos","status":"publish","type":"post","link":"https:\/\/www.diarioimagen.net\/?p=521689","title":{"rendered":"IPW 21: La reapertura del turismo en los Estados Unidos"},"content":{"rendered":"<h2>Detr\u00e1s del Poder<\/h2>\n<h5>Jos\u00e9 Antonio L\u00f3pez Sosa<\/h5>\n<p>&nbsp;<\/p>\n<p><strong>Las Vegas, Nevada.-<\/strong> Frente a todas las dudas y con todas las dificultades \u2014como ha sido a nivel global\u2014 se llev\u00f3 a cabo la feria tur\u00edstica m\u00e1s importante de los Estados Unidos, IPW que ten\u00eda como sede Las Vegas en el a\u00f1o 2020, posterg\u00f3 su evento anual para este 2021 y se celebr\u00f3 con \u00e9xito en estos \u00faltimos d\u00edas de septiembre. Un foro distinto al que anualmente se daba, quiero decir, con menos expositores, menos asistenes, pero con la voluntad de destinos, empresarios, operadores y compradores, de hacer crecer el turismo luego de la crisis m\u00e1s severa desde que tenemos registro de esta industria.<\/p>\n<p>El orden y los protocolos sanitarios fueron de primer orden, incluso en la propia feria se aplicaron de forma gratuita, vacunas contra la Covid-19 y contra la influenza a los participantes que las necesitaban o decidieron pon\u00e9rselas. Las pruebas de vacunaci\u00f3n y de ant\u00edgenos fueron necesarias para todos los asistentes, garantizando as\u00ed la seguridad sanitaria.<\/p>\n<p>Para algunos estas ferias tur\u00edsticas de este 2021, como fue Fitur (Madrid), Anato (Bogot\u00e1) y este IPW en Las Vegas han sido desangeladas, yo opino distinto, creo que debemos ver la realidad con los ojos de la pandemia, donde todo es nuevo y complicado mientras coexistamos con el SARS-CoV-2.<\/p>\n<p>Durante estos d\u00edas, el gobierno de los Estados Unidos anunci\u00f3 el acceso a pasajeros internacionales vacunados a partir de noviembre, sin importar su procedencia, as\u00ed como la autorizaci\u00f3n de la tercera dosis de la vacuna Pfizer para mayores de 65 a\u00f1os y personas con problemas cr\u00f3nicos, ambas acciones incentivan el turismo desde diversas regiones hacia este pa\u00eds.<\/p>\n<p>M\u00e9xico sigue siendo el mercado m\u00e1s importante de emisi\u00f3n de turistas hacia la Uni\u00f3n Americana, as\u00ed como una de las naciones que m\u00e1s derrama econ\u00f3mica deja en materia tur\u00edstica, hay destinos como Houston, San Antonio o Los \u00c1ngeles, que dependen del turismo mexicano prioritariamente sobre otras nacionalidades.<\/p>\n<p>Hubo muchos cambios, menos representaciones en M\u00e9xico de destinos estadounidenses -por falta de presupuesto y por la crisis econ\u00f3mica-, pero mucha voluntad de todos los actores para reactivar la industria y lograr mover la econom\u00eda en el sector de los viajes.<\/p>\n<p>Como cada a\u00f1o que asisto a IPW he dicho: las autoridades tur\u00edsticas mexicanas, en este caso, el secretario Torruco, deber\u00eda asistir para ver c\u00f3mo s\u00ed se puede organizar una feria sin pol\u00edtica y con muchos negocios reales para el turismo.<\/p>\n<p>Los Estados Unidos est\u00e1n de pie en materia tur\u00edstica, muchas empresas de ambos lados de la frontera dependen de estos negocios y aun con los cierres fronterizos terrestres vigentes, las cosas van para adelante en materia tur\u00edstica. Para la delegaci\u00f3n mexicana -medios, compradores, mayoristas- en concreto fue una feria exitosa que augura mejores tiempos en materia tur\u00edstica para ambas naciones.<\/p>\n<p><em><a href=\"http:\/\/www.lopezsosa.com\" target=\"_blank\" rel=\"noopener\">www.lopezsosa.com<\/a><\/em><br \/>\n<em><a href=\"mailto:joseantonio@lopezsosa.com\" target=\"_blank\" rel=\"noopener\">joseantonio@lopezsosa.com<\/a><\/em><br \/>\n<em><a href=\"http:\/\/twitter.com\/joseantonio1977\" target=\"_blank\" rel=\"noopener\">@joseantonio197<\/a><\/em><\/p>\n","protected":false},"excerpt":{"rendered":"<p><span style=\"color: #005497;\"><strong>Jos\u00e9 Antonio L\u00f3pez Sosa<\/strong><\/span><\/p>\n","protected":false},"author":3,"featured_media":0,"comment_status":"open","ping_status":"open","sticky":false,"template":"","format":"standard","meta":{"_monsterinsights_skip_tracking":false,"_monsterinsights_sitenote_active":false,"_monsterinsights_sitenote_note":"","_monsterinsights_sitenote_category":0,"footnotes":""},"categories":[637],"tags":[638,43690,43674],"class_list":["post-521689","post","type-post","status-publish","format-standard","hentry","category-jose-antonio-lopez-sosa","tag-detras-del-poder","tag-jose-antonio-lopez-sosa","tag-opinion"],"_links":{"self":[{"href":"https:\/\/www.diarioimagen.net\/index.php?rest_route=\/wp\/v2\/posts\/521689","targetHints":{"allow":["GET"]}}],"collection":[{"href":"https:\/\/www.diarioimagen.net\/index.php?rest_route=\/wp\/v2\/posts"}],"about":[{"href":"https:\/\/www.diarioimagen.net\/index.php?rest_route=\/wp\/v2\/types\/post"}],"author":[{"embeddable":true,"href":"https:\/\/www.diarioimagen.net\/index.php?rest_route=\/wp\/v2\/users\/3"}],"replies":[{"embeddable":true,"href":"https:\/\/www.diarioimagen.net\/index.php?rest_route=%2Fwp%2Fv2%2Fcomments&post=521689"}],"version-history":[{"count":0,"href":"https:\/\/www.diarioimagen.net\/index.php?rest_route=\/wp\/v2\/posts\/521689\/revisions"}],"wp:attachment":[{"href":"https:\/\/www.diarioimagen.net\/index.php?rest_route=%2Fwp%2Fv2%2Fmedia&parent=521689"}],"wp:term":[{"taxonomy":"category","embeddable":true,"href":"https:\/\/www.diarioimagen.net\/index.php?rest_route=%2Fwp%2Fv2%2Fcategories&post=521689"},{"taxonomy":"post_tag","embeddable":true,"href":"https:\/\/www.diarioimagen.net\/index.php?rest_route=%2Fwp%2Fv2%2Ftags&post=521689"}],"curies":[{"name":"wp","href":"https:\/\/api.w.org\/{rel}","templated":true}]}}