{"id":521694,"date":"2021-09-24T00:06:40","date_gmt":"2021-09-24T05:06:40","guid":{"rendered":"https:\/\/www.diarioimagen.net\/?p=521694"},"modified":"2021-09-24T04:18:22","modified_gmt":"2021-09-24T09:18:22","slug":"hidalgo-y-morelos-los-padres-de-la-patria","status":"publish","type":"post","link":"https:\/\/www.diarioimagen.net\/?p=521694","title":{"rendered":"Hidalgo y Morelos, los padres de la Patria"},"content":{"rendered":"<h2>Municiones<\/h2>\n<h5>Mauro Benites G.<\/h5>\n<p>&nbsp;<\/p>\n<p>Despu\u00e9s de la desairada e in\u00fatil reuni\u00f3n de la Celac, aunque el anfitri\u00f3n diga lo contrario, y en donde pusieron como lo que son a los dictadores de Venezuela, Cuba y Nicaragua, llev\u00e1ndose un tremendo bofet\u00f3n al anfitri\u00f3n. Este comentarista no acepta que los cubanos por muy ilustres que hayan sido fueron determinantes para la independencia e historia de nuestro Pa\u00eds. Nuestros h\u00e9roes los m\u00faltiples h\u00e9roes seguramente se removieron de sus nichos, al escuchar las necedades y desproporciones del invitado cubano. Con mencionar los perfiles de los curas Hidalgo y Morelos se confirma que son los padres de nuestra patria.\u00a0 \u201cComo jefe de la insurgencia, Hidalgo hab\u00eda logrado desplegar en buena parte del territorio de Nueva Espa\u00f1a \u2014nos cuenta Manuel Espino en su extraordinario libro\u2014 el entusiasmo por la Independencia, aunque en aquel momento y circunstancias de la lucha, la fama que corr\u00eda de \u00e9l distaba mucho de la que le hab\u00eda distinguido como un cura bondadoso. En su desempe\u00f1o como jefe militar y pol\u00edtico no potenci\u00f3 sus muchas cualidades humanas ni logr\u00f3 controlar los sentimientos de odio que lo llevaron a ser sanguinario en las pocas batallas que hab\u00eda librado, parec\u00eda no sopesar que en la guerra estaba de por medio la vida de miles de personas.<\/p>\n<p>Tambi\u00e9n habr\u00eda emulado a los revolucionarios franceses en la forma de azuzar al pueblo, al que permiti\u00f3 el saqueo y todo tipo de abusos. No consider\u00f3 los derechos naturales de sus adversarios. Su conducta caritativa que le hab\u00eda ganado el afecto y respeto de sus feligreses no se manifest\u00f3 en su mando de la insurgencia. Ese comportamiento hab\u00eda provocado divisi\u00f3n y disidencia entre sus tropas y la liberaci\u00f3n apart\u00f3 del camino de la justicia para una integradora.<\/p>\n<p>En su favor se reconoce que hizo desaparecer las jerarqu\u00edas sociales y los privilegios de los encumbrados, rest\u00f3 poder pol\u00edtico y econ\u00f3mico a los peninsulares, quienes hab\u00edan disfrutado de su posici\u00f3n a merced de los nativos novohispanos. El m\u00e9rito de haber iniciado la Guerra de Independencia no se desvaneci\u00f3 nunca.<\/p>\n<p>El cura Jos\u00e9 Mar\u00eda Morelos, en cambio, una vez en la responsabilidad como Comandante del Sur, se condujo a partir de una l\u00f3gica muy distante de la de su mentor, a quien admir\u00f3 desde que le conoci\u00f3 en el Colegio de San Nicol\u00e1s Obispo de Valladolid. Al disc\u00edpulo le mov\u00eda un sentimiento distinto al del maestro, de justicia y no de venganza; de protecci\u00f3n de los derechos naturales del hombre, no un af\u00e1n de poder. Proven\u00eda de una familia pobre y hab\u00eda sido \u201ccura de indios\u201d, lo que quiz\u00e1 le facilit\u00f3 comprender el leg\u00edtimo derecho de oponerse a la opresi\u00f3n y a las realidades de injusticia evidente y prolongada, que atentaban contra los derechos fundamentales de los novohispanos y da\u00f1aban gravemente sus leg\u00edtimos afanes de bienestar.<\/p>\n<p>La presencia de Morelos -como escribi\u00f3 la historiadora Guadalupe Jim\u00e9nez Codinach- comenz\u00f3 a encauzar el torbellino de la lucha. Por su empe\u00f1o, los planes pol\u00edticos se hicieron m\u00e1s definidos y m\u00e1s amplios; las operaciones con m\u00e1s precisi\u00f3n y disciplina y la destrucci\u00f3n de vidas y riquezas, que no pod\u00eda ser directamente provechosa, ni mucho menos cristiana y piadosa, se hizo ordenada y justificable como acci\u00f3n de represalia y defensa\u201d.<\/p>\n<p><strong>Se confirma que Hidalgo y Morelos son los padres de la Patria.<\/strong><\/p>\n<p><a href=\"mailto:%20%20mauben625@yahoo.com.mx\" target=\"_blank\" rel=\"noopener noreferrer\"><em>mauben625@yahoo.com.mx<\/em><\/a><\/p>\n","protected":false},"excerpt":{"rendered":"<p><span style=\"color: #005497;\"><strong>Mauro Benites G.<\/strong><\/span><\/p>\n","protected":false},"author":3,"featured_media":0,"comment_status":"open","ping_status":"open","sticky":false,"template":"","format":"standard","meta":{"_monsterinsights_skip_tracking":false,"_monsterinsights_sitenote_active":false,"_monsterinsights_sitenote_note":"","_monsterinsights_sitenote_category":0,"footnotes":""},"categories":[8466],"tags":[43702,27246,43674],"class_list":["post-521694","post","type-post","status-publish","format-standard","hentry","category-mauro-benites-g","tag-mauro-benites-g","tag-municiones","tag-opinion"],"_links":{"self":[{"href":"https:\/\/www.diarioimagen.net\/index.php?rest_route=\/wp\/v2\/posts\/521694","targetHints":{"allow":["GET"]}}],"collection":[{"href":"https:\/\/www.diarioimagen.net\/index.php?rest_route=\/wp\/v2\/posts"}],"about":[{"href":"https:\/\/www.diarioimagen.net\/index.php?rest_route=\/wp\/v2\/types\/post"}],"author":[{"embeddable":true,"href":"https:\/\/www.diarioimagen.net\/index.php?rest_route=\/wp\/v2\/users\/3"}],"replies":[{"embeddable":true,"href":"https:\/\/www.diarioimagen.net\/index.php?rest_route=%2Fwp%2Fv2%2Fcomments&post=521694"}],"version-history":[{"count":0,"href":"https:\/\/www.diarioimagen.net\/index.php?rest_route=\/wp\/v2\/posts\/521694\/revisions"}],"wp:attachment":[{"href":"https:\/\/www.diarioimagen.net\/index.php?rest_route=%2Fwp%2Fv2%2Fmedia&parent=521694"}],"wp:term":[{"taxonomy":"category","embeddable":true,"href":"https:\/\/www.diarioimagen.net\/index.php?rest_route=%2Fwp%2Fv2%2Fcategories&post=521694"},{"taxonomy":"post_tag","embeddable":true,"href":"https:\/\/www.diarioimagen.net\/index.php?rest_route=%2Fwp%2Fv2%2Ftags&post=521694"}],"curies":[{"name":"wp","href":"https:\/\/api.w.org\/{rel}","templated":true}]}}