{"id":521696,"date":"2021-09-24T00:10:27","date_gmt":"2021-09-24T05:10:27","guid":{"rendered":"https:\/\/www.diarioimagen.net\/?p=521696"},"modified":"2021-09-24T04:22:20","modified_gmt":"2021-09-24T09:22:20","slug":"cual-sera-el-futuro-de-silvano","status":"publish","type":"post","link":"https:\/\/www.diarioimagen.net\/?p=521696","title":{"rendered":"\u00bfCu\u00e1l ser\u00e1 el futuro de Silvano?"},"content":{"rendered":"<h2>De frente y de perfil<\/h2>\n<h5>Ram\u00f3n Zurita Sahag\u00fan<\/h5>\n<p>&nbsp;<\/p>\n<p>En los pr\u00f3ximos d\u00edas dejar\u00e1 de ser gobernador Silvano Aureoles Conejo y mucho se especula sobre su futuro.<\/p>\n<p>Hay quienes dicen que ya sin fuero, se librar\u00e1 orden de aprehensi\u00f3n en contra del ya ex gobernante, por una serie de delitos que le tienen documentados.<\/p>\n<p>Silvano, se dice desde hace mucho, ser\u00e1 el pr\u00f3ximo gobernador en ser sometido a juicio y, en su caso, detenido por situaciones an\u00f3malas en su administraci\u00f3n.<\/p>\n<p>Las apuestas corren en ese sentido, aunque se ha visto que finalmente el gobierno federal amaga, pero no ejecuta acci\u00f3n alguna y muchas de las denuncias y procesos se mantienen en vilo, aunque se cuenta con acusaciones firmes y \u00f3rdenes de detenci\u00f3n giradas.<\/p>\n<p>Silvano es, posiblemente, el \u00faltimo gobernador de extracci\u00f3n perredista ante el derrumbe de este partido, que pas\u00f3 de ser el tercero en el concierto nacional, a un sobreviviente del registro por poco margen, que cuenta con la menor bancada en San L\u00e1zaro.<\/p>\n<p>Todo ocurri\u00f3 en poco tiempo, aunque el perredismo comenz\u00f3 a perder fuerza en 2014, cuando los principales cuadros migraron hacia Morena, que hab\u00eda obtenido su registro para participar en los comicios federales de 2015. Fue entonces cuando se dio el primer toque a los del sol azteca, cuando perdieron delegaciones emblem\u00e1ticas de la CDMX como Cuauht\u00e9moc y Tlalpan, entre otros ante la escisi\u00f3n de la izquierda.<\/p>\n<p>El golpe mortal le fue dado en los comicios de 2018, con todo y que fueron en alianza con el PAN y MC, los perredistas estuvieron a punto de perder hasta el registro.<\/p>\n<p>Desde entonces, el PRD mud\u00f3 su condici\u00f3n de partido en competencia a organizaci\u00f3n pol\u00edtica adherente de los partidos mejor posicionados, sin que logre rescatar parte de su militancia.<\/p>\n<p>Silvano se convirti\u00f3 en 2018 en un gobernador solitario, despu\u00e9s de que el PRD perdi\u00f3 los enclaves que manten\u00eda en Tabasco y Morelos, aunque le qued\u00f3 un peque\u00f1o espacio, al ir en alianza con el PAN y MC en Puebla, donde gan\u00f3 la candidata Martha Erika Alonso, quien poco despu\u00e9s de asumir el gobierno muri\u00f3 en un accidente en el que tambi\u00e9n perdi\u00f3 la vida su esposo.<\/p>\n<p>Al quedar solo como enclave perredista, Silvano decidi\u00f3 asumir una posici\u00f3n de confrontaci\u00f3n con el gobierno federal, ya encabezado por Andr\u00e9s Manuel L\u00f3pez Obrador, mientras el estado sucumb\u00eda ante la presencia de los grupos delincuenciales, las autodefensas, las acciones de la CNTE y otros problemas surgidos en su administraci\u00f3n o heredadas de las pasadas.<\/p>\n<p>Silvano fue considerado como el principal problema de inestabilidad en el estado.\u00a0 Para los comicios de 2021 logr\u00f3 concretar una alianza con priistas y panistas, para intentar que el PRD mantuviera el gobierno estatal, la cual no logr\u00f3 su prop\u00f3sito, ya que las cifras arrojaron la victoria del candidato de Morena.<\/p>\n<p>Con todo y ello asumi\u00f3 una estrategia para mostrar la injerencia de los grupos delincuenciales en el proceso electoral, las que fueron evaluadas y rechazadas por las autoridades electorales.<\/p>\n<p>Una reciente encuesta poselectoral levantada en Michoac\u00e1n arroja\u00a0que la mayor\u00eda de los encuestados, considera que no hay razones para considerar que se produjo una \u201cnarco-elecci\u00f3n\u201d en el estado y que el triunfo le correspondi\u00f3 a Alfredo Ram\u00edrez Bedolla, candidato de Morena y no al de la alianza Carlos Herrera. La situaci\u00f3n del gobernador acudiendo a diversos foros nacionales e internacionales para denunciar la supuesta intromisi\u00f3n de los llamados c\u00e1rteles, dej\u00f3 un vac\u00edo de poder en el estado, mientras que los acontecimientos se suced\u00edan en la entidad.<\/p>\n<p>Tepalcatepec, Aguililla y otras poblaciones siguen siendo v\u00edctimas de los grupos delincuenciales, mientras el gobernador viaja con su banquito a hacer guardias, sin ser recibido por las autoridades a las que busca y tom\u00e1ndose la foto que se hace viral.<\/p>\n<p>Para los michoacanos el tema de los comicios est\u00e1 agotado, la mayor\u00eda de la poblaci\u00f3n est\u00e1 de acuerdo en que el triunfo le correspondi\u00f3 a Alfredo Ram\u00edrez Bedolla y no a Carlos Herrera, candidato de la alianza conformada por PRD, PRI y PAN.<\/p>\n<p>En su desesperaci\u00f3n por mantener el poder deja sin atender el problema de la inseguridad y otros m\u00e1s que mantienen en jaque a la entidad.<\/p>\n<p>El pr\u00f3ximo 1 de octubre, el nuevo gobernador de Michoac\u00e1n asumir\u00e1 la administraci\u00f3n estatal, Silvano dejar\u00e1 de tener fuero y ser\u00e1 entonces cuando se sepa si en realidad hay denuncias fundamentadas que lo lleven a prisi\u00f3n o solamente se trat\u00f3 de contenerlo, mediante amagos y amenazas.<\/p>\n<p style=\"text-align: center;\">*****<\/p>\n<p>Despu\u00e9s de la muerte de su esposa, Silvia, Manlio Fabio Beltrones se retrajo de los sitios de la pol\u00edtica, aunque ahora ya se deja ver en los restaurantes que frecuentan los pol\u00edticos. Ante la pobreza de la clase pol\u00edtica opositora, el sonorense es buscado como una posible alternativa a futuro cercano.<\/p>\n<p><a href=\"mailto:ramonzurita44@hotmail.com\" target=\"_blank\" rel=\"noopener noreferrer\"><em>ramonzurita44@hotmail.com<\/em><\/a><\/p>\n","protected":false},"excerpt":{"rendered":"<p><span style=\"color: #005497;\"><strong>Ram\u00f3n Zurita Sahag\u00fan<\/strong><\/span><br \/>\n<br \/>\nEn los pr\u00f3ximos d\u00edas dejar\u00e1 de ser gobernador Silvano Aureoles Conejo y mucho se especula sobre su futuro.\u00a0<\/p>\n","protected":false},"author":3,"featured_media":0,"comment_status":"open","ping_status":"open","sticky":false,"template":"","format":"standard","meta":{"_monsterinsights_skip_tracking":false,"_monsterinsights_sitenote_active":false,"_monsterinsights_sitenote_note":"","_monsterinsights_sitenote_category":0,"footnotes":""},"categories":[234],"tags":[304,43674,43687],"class_list":["post-521696","post","type-post","status-publish","format-standard","hentry","category-ramon-zurita-sahagun","tag-de-frente-y-de-perfil","tag-opinion","tag-ramon-zurita-sahagun"],"_links":{"self":[{"href":"https:\/\/www.diarioimagen.net\/index.php?rest_route=\/wp\/v2\/posts\/521696","targetHints":{"allow":["GET"]}}],"collection":[{"href":"https:\/\/www.diarioimagen.net\/index.php?rest_route=\/wp\/v2\/posts"}],"about":[{"href":"https:\/\/www.diarioimagen.net\/index.php?rest_route=\/wp\/v2\/types\/post"}],"author":[{"embeddable":true,"href":"https:\/\/www.diarioimagen.net\/index.php?rest_route=\/wp\/v2\/users\/3"}],"replies":[{"embeddable":true,"href":"https:\/\/www.diarioimagen.net\/index.php?rest_route=%2Fwp%2Fv2%2Fcomments&post=521696"}],"version-history":[{"count":0,"href":"https:\/\/www.diarioimagen.net\/index.php?rest_route=\/wp\/v2\/posts\/521696\/revisions"}],"wp:attachment":[{"href":"https:\/\/www.diarioimagen.net\/index.php?rest_route=%2Fwp%2Fv2%2Fmedia&parent=521696"}],"wp:term":[{"taxonomy":"category","embeddable":true,"href":"https:\/\/www.diarioimagen.net\/index.php?rest_route=%2Fwp%2Fv2%2Fcategories&post=521696"},{"taxonomy":"post_tag","embeddable":true,"href":"https:\/\/www.diarioimagen.net\/index.php?rest_route=%2Fwp%2Fv2%2Ftags&post=521696"}],"curies":[{"name":"wp","href":"https:\/\/api.w.org\/{rel}","templated":true}]}}