{"id":521697,"date":"2021-09-24T00:12:30","date_gmt":"2021-09-24T05:12:30","guid":{"rendered":"https:\/\/www.diarioimagen.net\/?p=521697"},"modified":"2021-09-24T04:24:14","modified_gmt":"2021-09-24T09:24:14","slug":"a-la-universidades-hay-que-fortalecerlas-no-perseguirlas-ricardo-monreal","status":"publish","type":"post","link":"https:\/\/www.diarioimagen.net\/?p=521697","title":{"rendered":"A la universidades hay que fortalecerlas, no perseguirlas: Ricardo Monreal\u00a0\u00a0"},"content":{"rendered":"<h2>Tras la puerta del poder<\/h2>\n<h5>Roberto Vizca\u00edno<\/h5>\n<p>&nbsp;<\/p>\n<p>Aun cuando reconoci\u00f3 que la Fiscal\u00eda General de la Rep\u00fablica es aut\u00f3noma y su titular, <strong>Alejandro Gertz Manero<\/strong>, no puede ser reconvenido por sus decisiones, <strong>Ricardo Monreal<\/strong> le pidi\u00f3 ayer p\u00fablicamente, a nombre del Senado, reconsiderar los t\u00e9rminos de su proceso penal contra de 31 investigadores cient\u00edficos y ex administradores del Conacyt, contra quienes se han pedido \u00f3rdenes de aprehensi\u00f3n por delincuencia organizada y lavado de dinero.<\/p>\n<p>\u201cConozco a algunos de ellos, conozco su honestidad y no s\u00f3lo su autoridad en las materias a las que se dedican; normalmente est\u00e1n involucrados s\u00f3lo en la ciencia, no en la pol\u00edtica, ni creo yo, en la delincuencia\u201d.<\/p>\n<p>En conferencia de prensa, interrogado sobre qui\u00e9n podr\u00eda fiscalizar las resoluciones de la Fiscal\u00eda General, sobre todo cuando muchos perciben que en sus procesos judiciales existe no s\u00f3lo un tufo de venganza contra cr\u00edticos del Fiscal, sino una evidente extrapolaci\u00f3n en los delitos que busca perseguir en algunos de sus imputados, como son las acusaciones por delincuencia organizada y lavado de dinero en el caso de los 31 investigadores cient\u00edficos, dijo:<\/p>\n<p>\u201c&#8230; el car\u00e1cter de autonom\u00eda que le otorgamos (en el Congreso) a la Fiscal\u00eda, no nos permite ninguna intromisi\u00f3n, pero s\u00ed una pl\u00e1tica o incluso di\u00e1logo respetuoso con el Fiscal&#8230; vamos a establecer comunicaci\u00f3n con la Fiscal\u00eda, de manera respetuosa.<\/p>\n<p>\u201cLos senadores hacemos un llamado a la revisi\u00f3n cuidadosa y prudente sobre el caso de los cient\u00edficos que est\u00e1n acusados por distintos delitos y a que se act\u00fae con moderaci\u00f3n por parte del ministerio p\u00fablico y por parte del \u00f3rgano jurisdiccional.<\/p>\n<p><strong>\u201cHacemos un llamado a la moderaci\u00f3n y a la prudencia<\/strong> porque son momentos muy complejos en la vida nacional. Pero que no quede ninguna duda. Como senador, en lo individual, como universitario, expreso mi solidaridad total con la comunidad cient\u00edfica.<\/p>\n<p>\u201cY, <strong>a la directora de Conacyt, podr\u00eda exhortarla a actuar con<\/strong> <strong>prudencia<\/strong> para no ahondar m\u00e1s las diferencias\u201d, agreg\u00f3.<\/p>\n<p>Record\u00f3 que \u00e9l no s\u00f3lo es egresado de la UNAM, sino catedr\u00e1tico en activo de la misma casa de estudios.<\/p>\n<p>Por ello pidi\u00f3 a las partes a no crispar m\u00e1s el caso. Y a los senadores de oposici\u00f3n y a los partidos, a no politizar ni polarizar este asunto.<\/p>\n<p>\u201cSe trata de una denuncia interpuesta por la directora de Conacyt, habr\u00eda que revisarla&#8230; pero como universitario me preocupa que se d\u00e9 este clima de crispaci\u00f3n, de polarizaci\u00f3n con la comunidad cient\u00edfica. No deber\u00eda ser eso.<\/p>\n<p>\u201cNo me gusta lo que est\u00e1 pasando, lo digo con toda sinceridad&#8230; no creo que la comunidad cient\u00edfica est\u00e9 tranquila frente a la denuncia presentada por la directora de Conacyt.<\/p>\n<p>\u201cTampoco tengo elementos para decir si ten\u00eda o no raz\u00f3n la directora. Pero esto no me evita hacer un llamado al \u00f3rgano de investigaci\u00f3n, al Ministerio P\u00fablico, desde el Senado de la Rep\u00fablica, hacer un llamado a que el juez de la causa act\u00fae con absoluta prudencia en este caso, porque la justicia no es s\u00f3lo aplicar la norma jur\u00eddica concreta al caso espec\u00edfico.<\/p>\n<p>\u201cYo conozco a varios de los cient\u00edficos referidos o involucrados y me consta su vida honesta, de servir al pa\u00eds a trav\u00e9s de la ciencia\u201d, subray\u00f3.<\/p>\n<p><em><a href=\"mailto:rvizcainoa@gmail.com\" target=\"_blank\" rel=\"noopener noreferrer\">rvizcainoa@gmail.com<\/a><br \/>\n<a href=\"http:\/\/endirecto.mx\" target=\"_blank\" rel=\"noopener noreferrer\">www.endirecto.mx<\/a><br \/>\n<a href=\"https:\/\/twitter.com\/_rvizcaino\" target=\"_blank\" rel=\"noopener noreferrer\">@_RVizcaino<\/a><br \/>\n<a href=\"https:\/\/www.facebook.com\/rvizcainoa\" target=\"_blank\" rel=\"noopener noreferrer\">facebook.com\/rvizcainoa<\/a><\/em><\/p>\n","protected":false},"excerpt":{"rendered":"<p><span style=\"color: #005497;\"><strong>Roberto Vizca\u00edno<\/strong><\/span><br \/>\n<br \/>\nAun cuando reconoci\u00f3 que la Fiscal\u00eda General de la Rep\u00fablica es aut\u00f3noma y su titular, <strong>Alejandro Gertz Manero<\/strong>, no puede ser reconvenido por sus decisiones, <strong>Ricardo Monreal<\/strong> le pidi\u00f3 ayer p\u00fablicamente, a nombre del Senado, reconsiderar los t\u00e9rminos de su proceso penal contra de 31 investigadores cient\u00edficos y ex administradores del Conacyt, contra quienes se han pedido \u00f3rdenes de aprehensi\u00f3n por delincuencia organizada y lavado de dinero.<\/p>\n","protected":false},"author":3,"featured_media":0,"comment_status":"open","ping_status":"open","sticky":false,"template":"","format":"standard","meta":{"_monsterinsights_skip_tracking":false,"_monsterinsights_sitenote_active":false,"_monsterinsights_sitenote_note":"","_monsterinsights_sitenote_category":0,"footnotes":""},"categories":[136],"tags":[43674,93,94],"class_list":["post-521697","post","type-post","status-publish","format-standard","hentry","category-roberto-vizcaino-opinion","tag-opinion","tag-roberto-vizcaino","tag-tras-la-puerta-del-poder"],"_links":{"self":[{"href":"https:\/\/www.diarioimagen.net\/index.php?rest_route=\/wp\/v2\/posts\/521697","targetHints":{"allow":["GET"]}}],"collection":[{"href":"https:\/\/www.diarioimagen.net\/index.php?rest_route=\/wp\/v2\/posts"}],"about":[{"href":"https:\/\/www.diarioimagen.net\/index.php?rest_route=\/wp\/v2\/types\/post"}],"author":[{"embeddable":true,"href":"https:\/\/www.diarioimagen.net\/index.php?rest_route=\/wp\/v2\/users\/3"}],"replies":[{"embeddable":true,"href":"https:\/\/www.diarioimagen.net\/index.php?rest_route=%2Fwp%2Fv2%2Fcomments&post=521697"}],"version-history":[{"count":0,"href":"https:\/\/www.diarioimagen.net\/index.php?rest_route=\/wp\/v2\/posts\/521697\/revisions"}],"wp:attachment":[{"href":"https:\/\/www.diarioimagen.net\/index.php?rest_route=%2Fwp%2Fv2%2Fmedia&parent=521697"}],"wp:term":[{"taxonomy":"category","embeddable":true,"href":"https:\/\/www.diarioimagen.net\/index.php?rest_route=%2Fwp%2Fv2%2Fcategories&post=521697"},{"taxonomy":"post_tag","embeddable":true,"href":"https:\/\/www.diarioimagen.net\/index.php?rest_route=%2Fwp%2Fv2%2Ftags&post=521697"}],"curies":[{"name":"wp","href":"https:\/\/api.w.org\/{rel}","templated":true}]}}