{"id":521919,"date":"2021-09-27T00:05:16","date_gmt":"2021-09-27T05:05:16","guid":{"rendered":"https:\/\/www.diarioimagen.net\/?p=521919"},"modified":"2021-09-27T09:27:46","modified_gmt":"2021-09-27T14:27:46","slug":"el-legado-que-se-avizora","status":"publish","type":"post","link":"https:\/\/www.diarioimagen.net\/?p=521919","title":{"rendered":"El legado que se avizora"},"content":{"rendered":"<h2>Perfil de M\u00e9xico<\/h2>\n<h5>Armando R\u00edos Ruiz<\/h5>\n<p>&nbsp;<\/p>\n<p>Quienes a estas alturas abrigaban esperanza de ver a su presidente L\u00f3pez enarbolar las banderas de la raz\u00f3n, del trabajo creador. De forjar ilusiones y plasmarlas en la lucha real por llevar a M\u00e9xico a la cima. De ver a un hombre luchar para bien de la gente. Sin mentiras. Con hechos que no se pierdan en la ligereza de las palabras que no tienen m\u00e1s que aire, ya pueden sentarse a llorar.<\/p>\n<p>Eso no ocurrir\u00e1 mientras el que manda sea el mismo. Alguien dijo una verdad de Perogrullo: que quienes conf\u00edan ciegamente en \u00e9l y son capaces de defenderlo a costa de su propia vida. Quienes no tienen empacho en aseverar que es el mejor Presidente en la historia mexicana. Quienes levantan la voz para mentar la madre de los cr\u00edticos de su hombre, no escuchan noticias. No leen peri\u00f3dicos. S\u00f3lo oyen el noticiero matutino que se divulga desde Palacio Nacional, en voz del Ejecutivo.<\/p>\n<p>Me dijo que as\u00ed hab\u00eda observado a un primo hermano y a otros familiares. Lo mismo a algunos amigos, entre los cuales los hay que tienen una carrera universitaria y por ello se dicen cultos, aunque, de hecho, no lo son. Cualquiera sabe que un hombre que sufre disminuciones mentales puede, efectivamente, lograr un t\u00edtulo profesional y aprender un idioma diferente al suyo. Falso, que s\u00f3lo quien logra estos avances posea una mente brillante o siquiera normal.<\/p>\n<p>Est\u00e1 demostrado que cualquiera, con mentes que apenas alcanzan el 80% de coeficiente intelectual, han estudiado con \u00e9xito una carrera. El asunto es que en la vida profesional dif\u00edcilmente logran encontrar acomodo y por lo mismo, sobrevivir. Varios lo hemos observado. Hemos visto individuos as\u00ed. Que van a la escuela y obtienen el t\u00edtulo. Despu\u00e9s viene la realidad.<\/p>\n<p>Lo anterior resulta a cuento, porque la semana pasada, el mandatario mexicano desabrig\u00f3 de toda esperanza a seguidores y adversarios, como suele decir, cuando declar\u00f3 que la detenci\u00f3n de l\u00edderes del crimen organizado y narcotr\u00e1fico no resuelve el problema de la violencia en el pa\u00eds. Lo que quiere decir, una vez m\u00e1s, que no mover\u00e1 un dedo a favor de la seguridad.<\/p>\n<p>Quiere decir que el pa\u00eds entero continuar\u00e1 en manos de los que cada d\u00eda ofrecen menos dudas de ser sus protegidos, como todo mundo ha comenzado a decirle, entre pol\u00edticos, periodistas, comerciantes, empresarios y entre personajes de otras latitudes, que observan a M\u00e9xico transformado en un pa\u00eds a merced de la delincuencia, sin que su Presidente se preocupe un \u00e1pice por salvarlo de la misma, de acuerdo con lo que dice nuestra Carta Magna y con su actuar y sus declaraciones, cada d\u00eda con mayor cinismo.<\/p>\n<p>Durante una evaluaci\u00f3n del programa J\u00f3venes Construyendo el Futuro, repiti\u00f3 lo de siempre: \u201cque su gobierno busca atacar las causas de fondo al brindar apoyos sociales para alejar a la juventud de las filas de las organizaciones delictivas. Pregunt\u00f3 en Xochimilco: \u00bfUstedes creen que s\u00f3lo deteniendo a capos se va a resolver el problema?<\/p>\n<p>Ahora tenemos respuesta de por qu\u00e9 a s\u00f3lo tres a\u00f1os de este gobierno, han muerto m\u00e1s de 100 mil personas a manos de los criminales de la droga. M\u00e1s que durante los gobiernos de Calder\u00f3n y Pe\u00f1a Nieto. Ahora es posible vislumbrar, que al finalizar este sexenio tendremos un M\u00e9xico mudado seguramente en el cementerio m\u00e1s grande del mundo y con un mando alterno al pol\u00edtico.<\/p>\n<p>El cinismo ha llegado a tales linderos, que no han sido suficientes los se\u00f1alamientos desde la tribuna de la C\u00e1mara de Senadores, en donde se le ha marcado de servir, cada d\u00eda m\u00e1s abiertamente a las causas de los criminales, en un cotidiano darles la raz\u00f3n; de felicitarlos por su trabajo en las pasadas elecciones y reconocerlos como personas que merecen el respeto de sus semejantes. Aunque \u00e9stos respondan siempre con violencia de muerte.<\/p>\n<p>Ese es, desgraciadamente, el legado que se avizora frente a ojos que se niegan a ver. Que niegan la realidad y se entregan al aplauso por creer las palabras huecas que responden preguntas dise\u00f1adas para respuestas largas y sin sentido. Ese parece nuestro destino, apoyado por algunos millones de ciegos y sordos.<\/p>\n<p><a href=\"mailto:ariosruiz@gmail.com\" target=\"_blank\" rel=\"noopener noreferrer\"><em>ariosruiz@gmail.com<\/em><\/a><\/p>\n","protected":false},"excerpt":{"rendered":"<p><span style=\"color: #005497;\"><strong>Armando R\u00edos Ruiz<\/strong><\/span><\/p>\n","protected":false},"author":3,"featured_media":0,"comment_status":"open","ping_status":"open","sticky":false,"template":"","format":"standard","meta":{"_monsterinsights_skip_tracking":false,"_monsterinsights_sitenote_active":false,"_monsterinsights_sitenote_note":"","_monsterinsights_sitenote_category":0,"footnotes":""},"categories":[88405],"tags":[88407,43674,91193],"class_list":["post-521919","post","type-post","status-publish","format-standard","hentry","category-armando-rios-ruiz","tag-armando-rios-ruiz","tag-opinion","tag-perfil-de-mexico"],"_links":{"self":[{"href":"https:\/\/www.diarioimagen.net\/index.php?rest_route=\/wp\/v2\/posts\/521919","targetHints":{"allow":["GET"]}}],"collection":[{"href":"https:\/\/www.diarioimagen.net\/index.php?rest_route=\/wp\/v2\/posts"}],"about":[{"href":"https:\/\/www.diarioimagen.net\/index.php?rest_route=\/wp\/v2\/types\/post"}],"author":[{"embeddable":true,"href":"https:\/\/www.diarioimagen.net\/index.php?rest_route=\/wp\/v2\/users\/3"}],"replies":[{"embeddable":true,"href":"https:\/\/www.diarioimagen.net\/index.php?rest_route=%2Fwp%2Fv2%2Fcomments&post=521919"}],"version-history":[{"count":0,"href":"https:\/\/www.diarioimagen.net\/index.php?rest_route=\/wp\/v2\/posts\/521919\/revisions"}],"wp:attachment":[{"href":"https:\/\/www.diarioimagen.net\/index.php?rest_route=%2Fwp%2Fv2%2Fmedia&parent=521919"}],"wp:term":[{"taxonomy":"category","embeddable":true,"href":"https:\/\/www.diarioimagen.net\/index.php?rest_route=%2Fwp%2Fv2%2Fcategories&post=521919"},{"taxonomy":"post_tag","embeddable":true,"href":"https:\/\/www.diarioimagen.net\/index.php?rest_route=%2Fwp%2Fv2%2Ftags&post=521919"}],"curies":[{"name":"wp","href":"https:\/\/api.w.org\/{rel}","templated":true}]}}