{"id":521927,"date":"2021-09-27T00:11:57","date_gmt":"2021-09-27T05:11:57","guid":{"rendered":"https:\/\/www.diarioimagen.net\/?p=521927"},"modified":"2021-09-27T09:38:27","modified_gmt":"2021-09-27T14:38:27","slug":"conmiseracion-por-amlo-y-esposa","status":"publish","type":"post","link":"https:\/\/www.diarioimagen.net\/?p=521927","title":{"rendered":"Conmiseraci\u00f3n por AMLO y esposa"},"content":{"rendered":"<h2>\u00cdndice pol\u00edtico<\/h2>\n<h5>Francisco Rodr\u00edguez<\/h5>\n<p><em>\u00a0<\/em><\/p>\n<ul>\n<li><strong><em>Fue un gambito de dama<\/em><\/strong><\/li>\n<li><strong><em>Y cambi\u00f3 la narrativa de los acad\u00e9micos<\/em><\/strong><\/li>\n<\/ul>\n<p>&nbsp;<\/p>\n<p>\u00bfQu\u00e9 buscaba el Presidente de la Rep\u00fablica al\u00a0<strong>leer un\u00a0<em>tweet<\/em>\u00a0majadero<\/strong>\u00a0en la \u201cma\u00f1anera\u201d del viernes m\u00e1s reciente?<\/p>\n<p>\u00bfCompasi\u00f3n? \u00bfConmiseraci\u00f3n?<\/p>\n<p>\u00bfO tal vez que las hordas de\u00a0<em>amlovers<\/em>\u00a0o chairos\u00a0<strong>se abalanzaron en contra\u00a0<\/strong>de quien hab\u00eda insultado a su se\u00f1ora esposa y a \u00e9l mismo?<\/p>\n<p>\u00bf<strong>Escenograf\u00eda ret\u00f3rica<\/strong>\u00a0para la denuncia en contra de los\u00a0<strong>31 acad\u00e9micos que son parte de la \u00e9lite<\/strong>\u00a0de nuestras universidades?<\/p>\n<p>\u00bf<strong>Qu\u00e9 buscaba<\/strong>\u00a0el Presidente?<\/p>\n<p>Lo que haya sido,\u00a0<strong>lo consigui\u00f3<\/strong>.<\/p>\n<p>Y con creces.<\/p>\n<p>Como\u00a0<strong>casi todo<\/strong>\u00a0lo que emprende en materia de\u00a0<strong>manipulaci\u00f3n de las masas<\/strong>.\u00a0 Que corri\u00f3 un gran riesgo\u00a0<strong>al pr\u00e1cticamente \u201coficializar\u201d el mote<\/strong>\u00a0con el que algunos pocos fif\u00eds, conservadores y adversarios\u00a0<strong>se han referido a la se\u00f1ora Beatriz Guti\u00e9rrez M\u00fcller,<\/strong>\u00a0pues s\u00ed, ni modo, era un riesgo que hab\u00eda que correr.<\/p>\n<p>Ahora la\u00a0<strong>perspectiva<\/strong>\u00a0sobre los acad\u00e9micos\u00a0<strong>acusados con torpeza<\/strong>\u00a0por la Fiscal\u00eda General de la Rep\u00fablica ha cambiado.<\/p>\n<p>Ahora\u00a0<strong>ya no son v\u00edctimas<\/strong>, sino victimarios.<\/p>\n<p>As\u00ed y el personaje emisor del tweet majadero\u00a0<strong>no est\u00e9 incluido<\/strong>\u00a0en esa treintena.<\/p>\n<p>\u00a1Pobrecita la se\u00f1ora, mira como le dicen!<\/p>\n<p>\u00a1Y como insultan al Presidente!<\/p>\n<p>\u00a1No se vale!<\/p>\n<p>\u00a1Pinches acad\u00e9micos rateros!<\/p>\n<p>Compasi\u00f3n.<\/p>\n<p>Conmiseraci\u00f3n.<\/p>\n<p>Y cambi\u00f3 ya la narrativa en torno a los 31 acad\u00e9micos acusados de no pocas piller\u00edas.<\/p>\n<p style=\"text-align: center;\"><strong>La academia, al servicio del dinero<\/strong><\/p>\n<p>Apenas el mismo viernes usted le\u00eda aqu\u00ed, en uno de los\u00a0<strong>Indicios<\/strong>, que \u201ctantas veces grit\u00f3\u00a0<strong>Alejandro Gertz<\/strong>\u00a0que ah\u00ed ven\u00eda el lobo, que ahora que lleg\u00f3 nadie le cree. Y es que, aunque al parecer\u00a0<strong>s\u00ed hay delitos qu\u00e9 perseguir<\/strong>\u00a0por haber sido cometidos entre algunos de los acad\u00e9micos a los que ahora acusa,\u00a0<strong>la suposici\u00f3n generalizada es que se trata de una vendetta personal<\/strong>. As\u00ed, el se\u00f1or fiscal general ya no le es funcional a nadie, sobre todo a la justicia\u201d.<\/p>\n<p>Y s\u00ed, reitero, s\u00ed hay delitos que perseguir como lo han venido se\u00f1alando en sendos reportajes tanto la publicaci\u00f3n\u00a0<strong><em><u>Poder<\/u><\/em><\/strong>\u00a0y el semanario<strong><em><u>Proceso<\/u><\/em><\/strong>, el primero desde el 12 de diciembre de 2109 y el segundo, retomando las investigaciones de\u00a0<strong>Ricardo Balderas<\/strong>, en marzo de 2020.<\/p>\n<p>Bien\u00a0<strong>documentados<\/strong>, los reportajes de Balderas dan cuenta ya no s\u00f3lo del pago de cuentas de tintorer\u00eda y de facturas de l\u00edneas privadas de telefon\u00eda celular, sino peor a\u00fan, del\u00a0<strong>uso de los recursos p\u00fablicos para favorecer a magnates como Germ\u00e1n Larrea<\/strong>:<\/p>\n<p>\u201cAcad\u00e9micos de la Universidad de Sonora (Unison) usan recursos patrocinados por el centro acad\u00e9mico y la empresa Grupo M\u00e9xico, del magnate Germ\u00e1n Larrea, para generar una\u00a0<strong>imagen positiva<\/strong>\u00a0de la miner\u00eda en la regi\u00f3n, espec\u00edficamente sobre el derrame de 40,000 metros c\u00fabicos de lixiviados de sulfato de cobre, ocurrido en la mina Buenavista del Cobre en 2014.\u201d\u00a0 O para\u00a0<strong>apoyar a la transnacional Monsanto<\/strong>:<\/p>\n<p>\u201cM\u00e1s de 80 millones de pesos han sido utilizados\u00a0<strong>para promover el desarrollo de la industria de transg\u00e9nicos en M\u00e9xico<\/strong>, a trav\u00e9s de estudios que fueron pagados con recursos del Fondo para el Fomento y Apoyo a la Investigaci\u00f3n Cient\u00edfica y Tecnol\u00f3gica en Bioseguridad y Biotecnolog\u00eda (Fondo CIBIOGEM). As\u00ed lo revel\u00f3 un an\u00e1lisis profundo del ejercicio financiero reportado de manera oficial por el Comit\u00e9 del Fondo y el Consejo Nacional de la Ciencia y Tecnolog\u00eda (Conacyt). Empresas como Monsanto son las principales beneficiadas.<\/p>\n<p>Y como estos\u00a0<strong><em>bisnes,<\/em><\/strong>\u00a0varios m\u00e1s.<\/p>\n<p>Pero pusieron el\u00a0<strong>asunto en manos de Gertz<\/strong>.<\/p>\n<p>Y\u00a0<strong>con todos los gatos que trae el se\u00f1or fiscal en el est\u00f3mago<\/strong>, el resultado fue desastroso.\u00a0 Por eso\u00a0<strong>AMLO, sacrific\u00f3 a su reina<\/strong>.\u00a0 <strong>Gambito de dama<\/strong>, \u00bfno cree usted?<\/p>\n<p style=\"text-align: center;\"><strong>Indicios<\/strong><\/p>\n<p>Me lleg\u00f3 ayer -a trav\u00e9s de un lector que me anuncia que ya no leer\u00e1 estas l\u00edneas por estar en desacuerdo con los contenidos- un p\u00e1rrafo a considerar seriamente sobre el tema hoy tratado: \u201cEs la\u00a0<strong>\u00e9lite<\/strong>\u00a0defendi\u00e9ndose a s\u00ed misma. \u00bfY qui\u00e9n les dijo que ellos representan a la comunidad cient\u00edfica del pa\u00eds? O peor:\u00a0<strong>piensan que ellos son la comunidad cient\u00edfica<\/strong>, pues no: hay decenas de miles que la forman.\u00a0<strong>Si los delincuentes son cient\u00edficos que vayan al bote<\/strong>, as\u00ed como cualquiera independientemente de su ocupaci\u00f3n.\u00a0<strong>Son una mafia<\/strong>\u00a0y eso siempre lo hemos sabido, se roban la lana, lucran, son huevones y abusivos,\u00a0<strong>as\u00ed es la academia y la dizque ciencia mexicana<\/strong>: \u00e9lites depredadoras que viven a costa de un ej\u00e9rcito de trabajadores de abajo que ganan (ganamos) una miseria frente a los sueldos de la burocracia dorada. Guardadas las proporciones <strong>ah\u00ed est\u00e1n los profesores de tiempo completo que no desquitan su salario<\/strong>\u00a0(dan las mismas horas que yo y nada m\u00e1s) y conocemos a algunos (ayer firm\u00e9 mi n\u00f3mina y pues de rebote siempre veo lo que gana nuestro amigo de m\u00ed mismo apellido paterno: s\u00f3lo en julio\u00a0<strong>cobr\u00f3 114 mil pesos<\/strong>\u00a0netos).\u201d Pregunt\u00e9 por el nombre del autor. Y me respondi\u00f3: \u201cUn profesor que\u00a0<strong>Graue<\/strong>, como a muchos, ha olvidado.\u201d + + + Profunda pena me provoca el fallecimiento, ayer, de don\u00a0<strong>Jorge Peralta Vargas<\/strong>, ex l\u00edder de los trabajadores ferrocarrileros y un gran amigo personal. A Bety, su se\u00f1ora esposa, a sus hijos y nietos, amigos y compa\u00f1eros de lucha por la\u00a0<strong>dignificaci\u00f3n de su gremio<\/strong>, mis m\u00e1s sinceras condolencias. + + + Por hoy es todo. Y a usted, como siempre, le deseo \u00a1buenas gracias y muchos, muchos d\u00edas!<\/p>\n<p><em><u><a href=\"http:\/\/www.indicepolitico.com\" target=\"_blank\" rel=\"noopener noreferrer\">www.indicepolitico.com<\/a><\/u><u><br \/>\n<\/u><a href=\"mailto:indicepolitico@gmail.com\" target=\"_blank\" rel=\"noopener noreferrer\">indicepolitico@gmail.com<\/a><\/em><br \/>\n<em><a href=\"https:\/\/twitter.com\/indicepolitico?lang=es\" target=\"_blank\" rel=\"noopener noreferrer\">@IndicePolitico<\/a><\/em><br \/>\n<em><u><a href=\"https:\/\/twitter.com\/pacorodriguez\" target=\"_blank\" rel=\"noopener noreferrer\">@pacorodriguez<\/a><\/u><\/em><\/p>\n","protected":false},"excerpt":{"rendered":"<p><span style=\"color: #005497;\"><strong>Francisco Rodr\u00edguez<\/strong><\/span><br \/>\n<br \/>\n\u00bfQu\u00e9 buscaba el Presidente de la Rep\u00fablica al <strong>leer un <em>tweet<\/em> majadero<\/strong> en la \u201cma\u00f1anera\u201d del viernes m\u00e1s reciente?<\/p>\n","protected":false},"author":3,"featured_media":0,"comment_status":"open","ping_status":"open","sticky":false,"template":"","format":"standard","meta":{"_monsterinsights_skip_tracking":false,"_monsterinsights_sitenote_active":false,"_monsterinsights_sitenote_note":"","_monsterinsights_sitenote_category":0,"footnotes":""},"categories":[549],"tags":[43689,550,43674],"class_list":["post-521927","post","type-post","status-publish","format-standard","hentry","category-francisco-rodriguez","tag-francisco-rodriguez","tag-indice-politico","tag-opinion"],"_links":{"self":[{"href":"https:\/\/www.diarioimagen.net\/index.php?rest_route=\/wp\/v2\/posts\/521927","targetHints":{"allow":["GET"]}}],"collection":[{"href":"https:\/\/www.diarioimagen.net\/index.php?rest_route=\/wp\/v2\/posts"}],"about":[{"href":"https:\/\/www.diarioimagen.net\/index.php?rest_route=\/wp\/v2\/types\/post"}],"author":[{"embeddable":true,"href":"https:\/\/www.diarioimagen.net\/index.php?rest_route=\/wp\/v2\/users\/3"}],"replies":[{"embeddable":true,"href":"https:\/\/www.diarioimagen.net\/index.php?rest_route=%2Fwp%2Fv2%2Fcomments&post=521927"}],"version-history":[{"count":0,"href":"https:\/\/www.diarioimagen.net\/index.php?rest_route=\/wp\/v2\/posts\/521927\/revisions"}],"wp:attachment":[{"href":"https:\/\/www.diarioimagen.net\/index.php?rest_route=%2Fwp%2Fv2%2Fmedia&parent=521927"}],"wp:term":[{"taxonomy":"category","embeddable":true,"href":"https:\/\/www.diarioimagen.net\/index.php?rest_route=%2Fwp%2Fv2%2Fcategories&post=521927"},{"taxonomy":"post_tag","embeddable":true,"href":"https:\/\/www.diarioimagen.net\/index.php?rest_route=%2Fwp%2Fv2%2Ftags&post=521927"}],"curies":[{"name":"wp","href":"https:\/\/api.w.org\/{rel}","templated":true}]}}