{"id":521928,"date":"2021-09-27T00:03:21","date_gmt":"2021-09-27T05:03:21","guid":{"rendered":"https:\/\/www.diarioimagen.net\/?p=521928"},"modified":"2021-10-12T04:58:11","modified_gmt":"2021-10-12T09:58:11","slug":"pleito-contra-cientificos","status":"publish","type":"post","link":"https:\/\/www.diarioimagen.net\/?p=521928","title":{"rendered":"Pleito contra cient\u00edficos"},"content":{"rendered":"<h2>Espacio Electoral<\/h2>\n<h5>Eleazar Flores<\/h5>\n<p>&nbsp;<\/p>\n<p>El verdadero rival de los intelectuales mexicanos es el padre de la Cuarta Transformaci\u00f3n, su leal fiscal es s\u00f3lo un instrumento d\u00f3cil que le dice hasta d\u00f3nde llegar y cu\u00e1ndo parar la contienda. No ser as\u00ed ser\u00eda muy grave.<\/p>\n<p>Alejandro Gertz Manero no tendr\u00eda la valent\u00eda de actuar de mutuo propio en un tema tan protag\u00f3nico por la calidad aut\u00e9ntica de los intelectuales.<\/p>\n<p>Esto, si se da por cierto lo afirmado por el propio Presidente de la Rep\u00fablica en el sentido de que en Palacio Nacional se sabe todo y antes, aun cuando no le conviene rebota en sus \u201cfloreros\u00b7, perd\u00f3n, colaboradores, los asuntos.<\/p>\n<p><strong>FINAL INCIERTO-. <\/strong>Si el pleito contra los intelectuales se consider\u00f3 como uno m\u00e1s de la Cuarta Transformaci\u00f3n para no molestar tanto a\u00a0 Emilio Ricardo Lozoya Austin, los estrategas hicieron mal c\u00e1lculo, pues encresparon, tanto a la comunidad cient\u00edfica como a las universidades.<\/p>\n<p>Siendo el divisionismo el campo m\u00e1s f\u00e9rtil que cultiva a placer el due\u00f1o de Morena, que hasta este partido ha llegado el s\u00edntoma, pues el l\u00edder senatorial Ricardo Monreal ha coincidido con la \u201cconsen\u201d en el sentido de que es un desprop\u00f3sito y una exageraci\u00f3n el ataque a la intelectualidad y a las instituciones educativas, incluyendo la UNAM.<\/p>\n<p>Extra\u00f1a lo cauto -por decirlo suave-, que se vio el Presidente al no opinar acerca del aborto dejando la tarea a los jueces; pero si fuera congruente deber\u00eda adoptar la misma cautela para abordar el tema del Conacyt en contra de los intelectuales.<\/p>\n<p>M\u00e1xime que cuando menos, p\u00fablicamente y respondiendo a los medios de comunicaci\u00f3n, la directora general del Consejo Nacional de Ciencia y Tecnolog\u00eda, Conacyt, Elena \u00c1lvarez-Buylla dijo y repiti\u00f3 varias veces desconocer la existencia de problemas e inconformidades en el organismo.<\/p>\n<p>No vaya a decir al rato que sus declaraciones fueron sacadas de contexto como ha sucedido en otras ocasiones con otros funcionarios.<\/p>\n<p>PELEAS-. Confrontado desde que lleg\u00f3 al poder con los medios de comunicaci\u00f3n, estigmatiz\u00e1ndolos con t\u00e9rminos jam\u00e1s usados por mandatario alguno como lo de chairos, fif\u00eds y dem\u00e1s, y a los empresas como \u201cmafia del poder\u201d, el tabasque\u00f1o sigui\u00f3 con los empresarios y muchos otros sectores.<\/p>\n<p>De los \u00f3rganos electorales y judiciales ni hablar, son su men\u00fa cotidiano.<\/p>\n<p>Analizando con paciencia podr\u00eda concluirse que quedan muy pocos de los que no se haya ocupado \u201cafectuosamente\u201d el tabasque\u00f1o, pues muchos gobernadores podr\u00edan dar testimonio de ello, como el de Guanajuato por ejemplo.<\/p>\n<p><strong>REPIQUE-.<\/strong> Usted que sabe, ilustre a los dem\u00e1s, traduciendo la interpretaci\u00f3n del repique de campanas en todos los templos del pa\u00eds ayer noche, por el aniversario de la Consumaci\u00f3n de la Independencia.<\/p>\n<p><em><a href=\"mailto:elefa44@gmail.com\" target=\"_blank\" rel=\"noopener noreferrer\">elefa44@gmail.com<\/a><\/em><\/p>\n","protected":false},"excerpt":{"rendered":"<p><span style=\"color: #005497;\"><strong>Eleazar Flores<\/strong><\/span><\/p>\n","protected":false},"author":3,"featured_media":0,"comment_status":"open","ping_status":"open","sticky":false,"template":"","format":"standard","meta":{"_monsterinsights_skip_tracking":false,"_monsterinsights_sitenote_active":false,"_monsterinsights_sitenote_note":"","_monsterinsights_sitenote_category":0,"footnotes":""},"categories":[81743],"tags":[81744,81776,43674],"class_list":["post-521928","post","type-post","status-publish","format-standard","hentry","category-eleazar-flores","tag-eleazar-flores","tag-espacio-electoral","tag-opinion"],"_links":{"self":[{"href":"https:\/\/www.diarioimagen.net\/index.php?rest_route=\/wp\/v2\/posts\/521928","targetHints":{"allow":["GET"]}}],"collection":[{"href":"https:\/\/www.diarioimagen.net\/index.php?rest_route=\/wp\/v2\/posts"}],"about":[{"href":"https:\/\/www.diarioimagen.net\/index.php?rest_route=\/wp\/v2\/types\/post"}],"author":[{"embeddable":true,"href":"https:\/\/www.diarioimagen.net\/index.php?rest_route=\/wp\/v2\/users\/3"}],"replies":[{"embeddable":true,"href":"https:\/\/www.diarioimagen.net\/index.php?rest_route=%2Fwp%2Fv2%2Fcomments&post=521928"}],"version-history":[{"count":0,"href":"https:\/\/www.diarioimagen.net\/index.php?rest_route=\/wp\/v2\/posts\/521928\/revisions"}],"wp:attachment":[{"href":"https:\/\/www.diarioimagen.net\/index.php?rest_route=%2Fwp%2Fv2%2Fmedia&parent=521928"}],"wp:term":[{"taxonomy":"category","embeddable":true,"href":"https:\/\/www.diarioimagen.net\/index.php?rest_route=%2Fwp%2Fv2%2Fcategories&post=521928"},{"taxonomy":"post_tag","embeddable":true,"href":"https:\/\/www.diarioimagen.net\/index.php?rest_route=%2Fwp%2Fv2%2Ftags&post=521928"}],"curies":[{"name":"wp","href":"https:\/\/api.w.org\/{rel}","templated":true}]}}