{"id":522000,"date":"2021-09-28T00:02:11","date_gmt":"2021-09-28T05:02:11","guid":{"rendered":"https:\/\/www.diarioimagen.net\/?p=522000"},"modified":"2021-09-29T04:27:30","modified_gmt":"2021-09-29T09:27:30","slug":"monreal-sigue-firme-rumbo-al-2024","status":"publish","type":"post","link":"https:\/\/www.diarioimagen.net\/?p=522000","title":{"rendered":"Monreal, sigue firme rumbo al 2024"},"content":{"rendered":"<h2>La Retaguardia<\/h2>\n<h5>Adriana Moreno Cordero<\/h5>\n<p><em>\u00a0<\/em><\/p>\n<ul>\n<li><strong><em>Claudia Sheinbaum, con un par de problemas; misterioso cierre de Cableb\u00fas<\/em><\/strong><\/li>\n<\/ul>\n<p>&nbsp;<\/p>\n<p>El presidente <strong>Andr\u00e9s Manuel L\u00f3pez Obrador<\/strong> quiere enviar el mensaje de que es y nadie m\u00e1s que \u00e9l, el que tiene el control de la carrera presidencial. Y si alguna duda hubiera, ah\u00ed est\u00e1 como \u201cbot\u00f3n\u201d de muestra que le encomend\u00f3 ni m\u00e1s ni menos que a su hermano (casi igual que como el ex consejero Jur\u00eddico de la presidencia, <strong>Julio Scherer Ibarra<\/strong>), a su pariente, a su amigo, el flamante secretario de Gobernaci\u00f3n, <strong>Ad\u00e1n Augusto L\u00f3pez<\/strong> que le vaya haciendo las negociaciones pol\u00edticas pertinentes y de paso, vaya tambi\u00e9n \u201cplaceando\u201d la carrera presidencial en Morena, de ah\u00ed que hubiera convocado a una reuni\u00f3n al presidente de la Junta de Coordinaci\u00f3n Pol\u00edtica del Senado de la Rep\u00fablica, <strong>Ricardo Monreal Avila<\/strong> y a la jefa de Gobierno de la Ciudad de M\u00e9xico, <strong>Claudia Sheinbaum Pardo<\/strong>.<\/p>\n<p>Ambos aspirantes al 2024, manifestaron que se hab\u00eda tratado de un encuentro cordial y el pretexto fue, revisar la agenda legislativa de la capital de la Rep\u00fablica. Mediante un mensaje difundido en redes sociales, el senador zacatecano detall\u00f3 que se trat\u00f3 de un encuentro amigable y sincero; \u201cla unidad de prop\u00f3sitos -asent\u00f3- siempre genera buenos resultados\u201d.\u00a0 Por su parte, la mandataria capitalina calific\u00f3 el encuentro de \u201cfruct\u00edfero\u201d, una reuni\u00f3n \u201centre camaradas\u201d.<\/p>\n<p>Como ya se sabe, el senador Monreal hab\u00eda dado a conocer anteriormente que buscar\u00eda el acercamiento con la jefa de Gobierno, Claudia Sheimbaum como lo hab\u00eda hecho anteriormente con el canciller <strong>Marcelo Ebrard<\/strong> y el secretario de Gobernaci\u00f3n, Ad\u00e1n Augusto L\u00f3pez y por lo pronto, puede decirse que el zacatecano va firme rumbo al 24.<\/p>\n<p>Efectivamente, muy difundida fue la fotograf\u00eda en la que aparecen el senador Monreal \u00c1vila, desayunando con el secretario de Relaciones Exteriores, durante la toma de protesta de <strong>David Monreal<\/strong> como gobernador de Zacatecas. Mucho se habl\u00f3 inclusive de que ambos personajes se hab\u00edan reunido para acordar, entre otras cosas, que la carrera por el 24, la llevar\u00e1n en santa paz y no por lo que se han caracterizado muchos militantes de Morena, especialmente del ala dura, es decir, con serios conflictos internos y diferencias irreconciliables.<\/p>\n<p>Y por cierto, la jefa del gobierno capitalino de nueva cuenta, no las trae todas consigo; un par de \u201cpiedritas en el zapato\u201d no la dejan caminar como ella quisiera rumbo al 2024. Se filtr\u00f3 que la hija de la funcionaria capitalina, <strong>Mariana Imaz Sheinbaum<\/strong>, obtuvo una beca por m\u00e9ritos propios y eso est\u00e1 muy bien, el problema es que accedi\u00f3 a un mill\u00f3n de pesos y \u00bfas\u00ed nada m\u00e1s, por m\u00e9ritos propios?<\/p>\n<p>Otro problema es el que tiene que ver con el Cableb\u00fas, ese que tanto \u201ccacaraque\u00f3\u201d la actual administraci\u00f3n en la CDMX, especialmente en el III Informe de la se\u00f1ora Sheinbaum. Resulta que de manera por dem\u00e1s misteriosa, el director de Movilidad de la capital de la Rep\u00fablica, <strong>Andr\u00e9s Lajous<\/strong>, sin informarlo bien a bien, dijo que se cerrar\u00eda, eso s\u00ed, qui\u00e9n sabe cu\u00e1nto tiempo, a 50 d\u00edas de haberlo inaugurado, bajo la excusa de que se le har\u00edan revisiones de rutina.<\/p>\n<p>Desde luego las miradas se dirigen a la jefa de Gobierno que sigue cargando sobre su espalda, la irresponsabilidad mostrada en la tragedia en la otrora \u201cL\u00ednea Dorada\u201d del pasado 3 de mayo. Es m\u00e1s, el pasado 7 de septiembre, por el sismo, ese sistema de transporte se qued\u00f3 sin luz por alrededor de 50 minutos y hace apenas unos d\u00edas, tuvo otra falla. \u00bfSer\u00e1 que las autoridades capitalinas optaron por cerrar temporalmente el Cablebus para evitar una nueva tragedia?, pues hay que recordar que en la de la Estaci\u00f3n Olivos de Tl\u00e1huac, no hay absolutamente ning\u00fan responsable se\u00f1alado, a no ser que los \u00fanicos culpables sean \u201clos malditos pernos\u201d.<\/p>\n<p style=\"text-align: center;\"><strong>Municiones<\/strong><\/p>\n<p>*** Cinco senadores entre los que est\u00e1n, <strong>Germ\u00e1n Mart\u00ednez C\u00e1zares, Gustavo Enrique Madero, Emilio Alvarez Icaza, Nancy de la Sierra<\/strong> y <strong>Alejandra Le\u00f3n Gast\u00e9lum<\/strong>, informaron a la Jucopo que crear\u00edan una bancada independiente, sin embargo, hay que se\u00f1alar que no est\u00e1n ni en tiempo ni cumplen con los requisitos, ya que la Ley org\u00e1nica establece en el cap\u00edtulo III del Senado, que s\u00f3lo se pueden crear grupos parlamentarios en la apertura de actividades de la C\u00e1mara Alta, es decir, agosto del 2018 y solo pueden formarlos senadores con la misma militancia, adem\u00e1s que es el presidente de la Mesa Directiva quien tiene que declarar la formaci\u00f3n de dicha bancada y no el presidente de la Jucopo. Sin duda esta es una situaci\u00f3n an\u00f3mala, no obstante, los referidos legisladores argumentan que es un derecho humano el que tienen para organizarse de manera distinta dentro del Senado de la Rep\u00fablica. As\u00ed las cosas, estos legisladores podr\u00edan recurrir a la Suprema Corte de la Justicia de la Naci\u00f3n porque supuestamente ese derecho humano a organizarse, estar\u00eda por encima de la ley y por eso apelar\u00edan. No hay que pasar por alto que es l\u00f3gico que esta nueva bancada quiere tener todos los recursos y prebendas con que cuentan el resto de las fracciones parlamentarias.<\/p>\n<p>*** En \u201cLa Contrama\u00f1anera\u201d de ayer, la senadora <strong>Kenia L\u00f3pez Rabad\u00e1n<\/strong> evidenci\u00f3 algunas de las muchas mentiras de L\u00f3pez Obrador. Una es el incremento del anunciado \u201cGas Bienestar\u201d, cuyos repartidores ya se le rebelaron al inquilino de Palacio Nacional, que seg\u00fan se mantendr\u00eda con precios bajos y no hubo tal. Est\u00e1 tambi\u00e9n el ataque a los migrantes que realiza el Instituto Nacional de Migraci\u00f3n, cuyo titular, <strong>Francisco Gardu\u00f1o<\/strong>, est\u00e1 decidido a seguirlos persiguiendo; con eso de que \u2013seg\u00fan \u00e9l-, \u201chasta en el cielo\u201d se selecciona a qui\u00e9n puede entrar. Otro tema que no se puede soslayar y del que habl\u00f3 la senadora panista es el de la persecuci\u00f3n de cient\u00edficos y acad\u00e9micos mientras el gobierno solapa delincuentes y la falta de sensibilidad hacia las mujeres.<\/p>\n<p>*** Pambazos, tlacoyos, tostadas, tacos al pastor, tamales de chipil\u00edn, agua de jamaica, horchata y lim\u00f3n con ch\u00eda, son las delicias que orden\u00f3 preparar el presidente L\u00f3pez Obrador para agasajar a sus invitados a la celebraci\u00f3n de los 200 a\u00f1os de la consumaci\u00f3n de la Independencia que se llev\u00f3 a cabo ayer en Palacio Nacional y, ojo, no fueron requeridos los integrantes del cuerpo diplom\u00e1tico de Espa\u00f1a porque el de Tepetit\u00e1n est\u00e1 sentid\u00edsimo porque la Corona Espa\u00f1ola no ha ofrecido las disculpas que el presidente Mexicano ha pedido hasta la obsesi\u00f3n, por los excesos cometidos durante la Conquista. Animaron el emblem\u00e1tico evento la marimba \u201cLos Manglares de Centla\u201d. Esta nueva ocurrencia o \u201cgracia\u201d del Ejecutivo, tuvo un costo de alrededor de 35 millones de pesos. Pero el que supuestamente no hayan invitado, hasta d\u00f3nde se sabe, al embajador <strong>Juan L\u00f3pez-D\u00f3riga P\u00e9rez<\/strong> a la pintoresca ceremonia organizada por el tabasque\u00f1o, no le quita el sue\u00f1o ni al embajador, ni al resto del cuerpo diplom\u00e1tico espa\u00f1ol.<\/p>\n<p><u><a href=\"mailto:morcora@gmail.com\" target=\"_blank\" rel=\"noopener noreferrer\"><em>morcora@gmail.com<\/em><\/a><\/u><\/p>\n","protected":false},"excerpt":{"rendered":"<p><span style=\"color: #005497;\"><strong>Adriana Moreno Cordero<\/strong><\/span><\/p>\n","protected":false},"author":3,"featured_media":0,"comment_status":"open","ping_status":"open","sticky":false,"template":"","format":"standard","meta":{"_monsterinsights_skip_tracking":false,"_monsterinsights_sitenote_active":false,"_monsterinsights_sitenote_note":"","_monsterinsights_sitenote_category":0,"footnotes":""},"categories":[69370],"tags":[69369,69368,43674],"class_list":["post-522000","post","type-post","status-publish","format-standard","hentry","category-adriana-moreno-cordero","tag-adriana-moreno-cordero","tag-la-retaguardia","tag-opinion"],"_links":{"self":[{"href":"https:\/\/www.diarioimagen.net\/index.php?rest_route=\/wp\/v2\/posts\/522000","targetHints":{"allow":["GET"]}}],"collection":[{"href":"https:\/\/www.diarioimagen.net\/index.php?rest_route=\/wp\/v2\/posts"}],"about":[{"href":"https:\/\/www.diarioimagen.net\/index.php?rest_route=\/wp\/v2\/types\/post"}],"author":[{"embeddable":true,"href":"https:\/\/www.diarioimagen.net\/index.php?rest_route=\/wp\/v2\/users\/3"}],"replies":[{"embeddable":true,"href":"https:\/\/www.diarioimagen.net\/index.php?rest_route=%2Fwp%2Fv2%2Fcomments&post=522000"}],"version-history":[{"count":0,"href":"https:\/\/www.diarioimagen.net\/index.php?rest_route=\/wp\/v2\/posts\/522000\/revisions"}],"wp:attachment":[{"href":"https:\/\/www.diarioimagen.net\/index.php?rest_route=%2Fwp%2Fv2%2Fmedia&parent=522000"}],"wp:term":[{"taxonomy":"category","embeddable":true,"href":"https:\/\/www.diarioimagen.net\/index.php?rest_route=%2Fwp%2Fv2%2Fcategories&post=522000"},{"taxonomy":"post_tag","embeddable":true,"href":"https:\/\/www.diarioimagen.net\/index.php?rest_route=%2Fwp%2Fv2%2Ftags&post=522000"}],"curies":[{"name":"wp","href":"https:\/\/api.w.org\/{rel}","templated":true}]}}