{"id":522132,"date":"2021-09-29T00:05:58","date_gmt":"2021-09-29T05:05:58","guid":{"rendered":"https:\/\/www.diarioimagen.net\/?p=522132"},"modified":"2021-09-30T06:36:06","modified_gmt":"2021-09-30T11:36:06","slug":"conquistan-deportistas-de-la-uaem-plata-y-bronce-en-campeonato-nacional-de-gimnasia","status":"publish","type":"post","link":"https:\/\/www.diarioimagen.net\/?p=522132","title":{"rendered":"Conquistan deportistas de la UAEM plata y\u00a0 bronce en Campeonato Nacional de Gimnasia"},"content":{"rendered":"<p><em>\u00a0<\/em><\/p>\n<ul>\n<li><strong><em>\u00a0A trav\u00e9s de un mensaje en redes sociales, el rector de la Aut\u00f3noma mexiquense, Carlos Eduardo Barrera D\u00edaz, manifest\u00f3 el orgullo que representa para la comunidad auriverde la destacada participaci\u00f3n de las j\u00f3venes Viridiana Olivares, M\u00f3nica Ram\u00edrez, Alejandra Ram\u00edrez, Wendy Carolina S\u00e1nchez y Elizabeth Jim\u00e9nez<\/em><\/strong><\/li>\n<\/ul>\n<p><strong>\u00a0<\/strong><\/p>\n<div id=\"attachment_522253\" style=\"width: 470px\" class=\"wp-caption aligncenter\"><a href=\"https:\/\/www.diarioimagen.net\/?attachment_id=522253\" rel=\"attachment wp-att-522253\"><img loading=\"lazy\" decoding=\"async\" aria-describedby=\"caption-attachment-522253\" class=\"size-full wp-image-522253\" src=\"https:\/\/www.diarioimagen.net\/wp-content\/uploads\/2021\/09\/uaem-18.jpg\" alt=\"\" width=\"460\" height=\"270\" \/><\/a><p id=\"caption-attachment-522253\" class=\"wp-caption-text\">Entre los resultados del equipo de gimnasia de la UAEM, destaca el quinto lugar en la modalidad individual que obtuvo Viridiana Olivares Cabrera.<\/p><\/div>\n<p>&nbsp;<\/p>\n<p><strong>Saltillo, Coahuila.-<\/strong> Pese a los retos que impuso la pandemia, Viridiana Olivares, M\u00f3nica Ram\u00edrez, Alejandra Ram\u00edrez, Wendy Carolina S\u00e1nchez y Elizabeth Jim\u00e9nez, integrantes del equipo de gimnasia de la Universidad Aut\u00f3noma del Estado de M\u00e9xico (UAEM) conquistaron la medalla de plata en la modalidad aerodance durante el Campeonato Nacional de Gimnasia Aer\u00f3bica, celebrado en Saltillo, Coahuila este fin de semana.<\/p>\n<p>A trav\u00e9s de un mensaje en redes sociales, el rector de la Aut\u00f3noma mexiquense, Carlos Eduardo Barrera D\u00edaz, manifest\u00f3 el orgullo que representa para la comunidad auriverde la destacada participaci\u00f3n de las j\u00f3venes, ya que en la modalidad tr\u00edo y con la presencia deportiva de Alejandra Ramirez, M\u00f3nica Ram\u00edrez y Wendy Carolina S\u00e1nchez, tambi\u00e9n lograron la medalla de bronce.<\/p>\n<p>Por su parte, el entrenador V\u00edctor Corona Arroyo se mostr\u00f3 satisfecho por los resultados logrados en este certamen organizado por el Consejo Nacional del Deporte de la Educaci\u00f3n AC (CONDDE), en el que particip\u00f3 un equipo nuevo; adem\u00e1s, para cuatro de las cinco gimnastas fue su primera competencia nacional.<\/p>\n<p>\u201cAtreverse a competir luego de experimentar una pandemia y con poco tiempo de entrenamiento, es una labor admirable para nuestras deportistas\u201d indic\u00f3 el coach universitario al destacar que se continuar\u00e1 trabajando para que la instituci\u00f3n se coloque entre los primeros lugares, ya que es la primera vez que la instituci\u00f3n logra una medalla en un evento organizado por el CONDDE.<\/p>\n<p>Entre los resultados del equipo de gimnasia de la UAEM, destacan el quinto lugar en la modalidad individual que obtuvo Viridiana Olivares Cabrera; mientras que en la modalidad por equipos, las cinco gimnastas auriverdes alcanzaron la cuarta posici\u00f3n.<\/p>\n","protected":false},"excerpt":{"rendered":"<p>Pese a los retos que impuso la pandemia, Viridiana Olivares, M\u00f3nica Ram\u00edrez, Alejandra Ram\u00edrez, Wendy Carolina S\u00e1nchez y Elizabeth Jim\u00e9nez, integrantes del equipo de gimnasia de la Universidad Aut\u00f3noma del Estado de M\u00e9xico (UAEM) conquistaron la medalla de plata en la modalidad aerodance durante el Campeonato Nacional de Gimnasia Aer\u00f3bica, celebrado en Saltillo, Coahuila este fin de semana.<\/p>\n","protected":false},"author":3,"featured_media":522253,"comment_status":"open","ping_status":"open","sticky":false,"template":"","format":"standard","meta":{"_monsterinsights_skip_tracking":false,"_monsterinsights_sitenote_active":false,"_monsterinsights_sitenote_note":"","_monsterinsights_sitenote_category":0,"footnotes":""},"categories":[5],"tags":[38,12648,1491],"class_list":["post-522132","post","type-post","status-publish","format-standard","has-post-thumbnail","hentry","category-estado-de-mexico","tag-coahuila","tag-saltillo","tag-uaem"],"_links":{"self":[{"href":"https:\/\/www.diarioimagen.net\/index.php?rest_route=\/wp\/v2\/posts\/522132","targetHints":{"allow":["GET"]}}],"collection":[{"href":"https:\/\/www.diarioimagen.net\/index.php?rest_route=\/wp\/v2\/posts"}],"about":[{"href":"https:\/\/www.diarioimagen.net\/index.php?rest_route=\/wp\/v2\/types\/post"}],"author":[{"embeddable":true,"href":"https:\/\/www.diarioimagen.net\/index.php?rest_route=\/wp\/v2\/users\/3"}],"replies":[{"embeddable":true,"href":"https:\/\/www.diarioimagen.net\/index.php?rest_route=%2Fwp%2Fv2%2Fcomments&post=522132"}],"version-history":[{"count":0,"href":"https:\/\/www.diarioimagen.net\/index.php?rest_route=\/wp\/v2\/posts\/522132\/revisions"}],"wp:featuredmedia":[{"embeddable":true,"href":"https:\/\/www.diarioimagen.net\/index.php?rest_route=\/wp\/v2\/media\/522253"}],"wp:attachment":[{"href":"https:\/\/www.diarioimagen.net\/index.php?rest_route=%2Fwp%2Fv2%2Fmedia&parent=522132"}],"wp:term":[{"taxonomy":"category","embeddable":true,"href":"https:\/\/www.diarioimagen.net\/index.php?rest_route=%2Fwp%2Fv2%2Fcategories&post=522132"},{"taxonomy":"post_tag","embeddable":true,"href":"https:\/\/www.diarioimagen.net\/index.php?rest_route=%2Fwp%2Fv2%2Ftags&post=522132"}],"curies":[{"name":"wp","href":"https:\/\/api.w.org\/{rel}","templated":true}]}}