{"id":522146,"date":"2021-09-29T00:03:53","date_gmt":"2021-09-29T05:03:53","guid":{"rendered":"https:\/\/www.diarioimagen.net\/?p=522146"},"modified":"2021-09-29T10:19:06","modified_gmt":"2021-09-29T15:19:06","slug":"aplicacion-de-segunda-dosis-contra-covid-para-personas-de-40-a-49-anos-en-tlalnepantla","status":"publish","type":"post","link":"https:\/\/www.diarioimagen.net\/?p=522146","title":{"rendered":"Aplicaci\u00f3n de segunda dosis contra Covid para personas de 40 a 49 a\u00f1os, en Tlalnepantla"},"content":{"rendered":"<p>&nbsp;<\/p>\n<p><a href=\"https:\/\/www.diarioimagen.net\/?attachment_id=522271\" rel=\"attachment wp-att-522271\"><img loading=\"lazy\" decoding=\"async\" class=\"aligncenter size-full wp-image-522271\" src=\"https:\/\/www.diarioimagen.net\/wp-content\/uploads\/2021\/09\/tlalne-9.jpg\" alt=\"\" width=\"460\" height=\"311\" \/><\/a><\/p>\n<p>&nbsp;<\/p>\n<p>&nbsp;<\/p>\n<p><strong>Tlalnepantla, Estado de M\u00e9xico<\/strong><strong>.- <\/strong>Inici\u00f3 la aplicaci\u00f3n de la segunda dosis contra Covid-19 a personas de 40 a 49 a\u00f1os y mujeres embarazadas. Consulta la ubicaci\u00f3n de los cuatro centros de vacunaci\u00f3n y el calendario en nuestras redes sociales.<\/p>\n<p>Recuerda: aunque tengas completo tu esquema, debes continuar con las medidas sanitarias como uso de cubrebocas, gel antibactarial y sana distancia. No bajes la guardia.<\/p>\n","protected":false},"excerpt":{"rendered":"<p>Inici\u00f3 la aplicaci\u00f3n de la segunda dosis contra Covid-19 a personas de 40 a 49 a\u00f1os y mujeres embarazadas. Consulta la ubicaci\u00f3n de los cuatro centros de vacunaci\u00f3n y el calendario en nuestras redes sociales.<\/p>\n","protected":false},"author":3,"featured_media":522271,"comment_status":"open","ping_status":"open","sticky":false,"template":"","format":"standard","meta":{"_monsterinsights_skip_tracking":false,"_monsterinsights_sitenote_active":false,"_monsterinsights_sitenote_note":"","_monsterinsights_sitenote_category":0,"footnotes":""},"categories":[5],"tags":[90021,43675,169,4713],"class_list":["post-522146","post","type-post","status-publish","format-standard","has-post-thumbnail","hentry","category-estado-de-mexico","tag-covid-19","tag-estado-de-mexico","tag-tlalnepantla","tag-vacuna"],"_links":{"self":[{"href":"https:\/\/www.diarioimagen.net\/index.php?rest_route=\/wp\/v2\/posts\/522146","targetHints":{"allow":["GET"]}}],"collection":[{"href":"https:\/\/www.diarioimagen.net\/index.php?rest_route=\/wp\/v2\/posts"}],"about":[{"href":"https:\/\/www.diarioimagen.net\/index.php?rest_route=\/wp\/v2\/types\/post"}],"author":[{"embeddable":true,"href":"https:\/\/www.diarioimagen.net\/index.php?rest_route=\/wp\/v2\/users\/3"}],"replies":[{"embeddable":true,"href":"https:\/\/www.diarioimagen.net\/index.php?rest_route=%2Fwp%2Fv2%2Fcomments&post=522146"}],"version-history":[{"count":0,"href":"https:\/\/www.diarioimagen.net\/index.php?rest_route=\/wp\/v2\/posts\/522146\/revisions"}],"wp:featuredmedia":[{"embeddable":true,"href":"https:\/\/www.diarioimagen.net\/index.php?rest_route=\/wp\/v2\/media\/522271"}],"wp:attachment":[{"href":"https:\/\/www.diarioimagen.net\/index.php?rest_route=%2Fwp%2Fv2%2Fmedia&parent=522146"}],"wp:term":[{"taxonomy":"category","embeddable":true,"href":"https:\/\/www.diarioimagen.net\/index.php?rest_route=%2Fwp%2Fv2%2Fcategories&post=522146"},{"taxonomy":"post_tag","embeddable":true,"href":"https:\/\/www.diarioimagen.net\/index.php?rest_route=%2Fwp%2Fv2%2Ftags&post=522146"}],"curies":[{"name":"wp","href":"https:\/\/api.w.org\/{rel}","templated":true}]}}