{"id":522154,"date":"2021-09-29T00:01:07","date_gmt":"2021-09-29T05:01:07","guid":{"rendered":"https:\/\/www.diarioimagen.net\/?p=522154"},"modified":"2021-09-29T07:40:08","modified_gmt":"2021-09-29T12:40:08","slug":"cdmx-fue-la-unica-sede-postulada-para-el-tianguis-turistico-mexico-2023-al-no-haber-de-donde-escoger-el-voto-fue-unanime","status":"publish","type":"post","link":"https:\/\/www.diarioimagen.net\/?p=522154","title":{"rendered":"CDMX fue la \u00fanica sede postulada para el Tianguis Tur\u00edstico M\u00e9xico 2023, al no haber de d\u00f3nde escoger, el voto fue un\u00e1nime"},"content":{"rendered":"<h2>De cinco estrellas<\/h2>\n<h5>Victoria Gonz\u00e1lez Prado<\/h5>\n<p>&nbsp;<\/p>\n<ul>\n<li><strong><em>Chester Cooper, es el nuevo ministro de Turismo, Inversiones y Aviaci\u00f3n de Las Bahamas<\/em><\/strong><\/li>\n<li><strong><em>Grupo Xcaret reafirma su compromiso de construir comunidad m\u00e1s pr\u00f3spera<\/em><\/strong><\/li>\n<\/ul>\n<p>&nbsp;<\/p>\n<div id=\"attachment_522233\" style=\"width: 470px\" class=\"wp-caption aligncenter\"><a href=\"https:\/\/www.diarioimagen.net\/?attachment_id=522233\" rel=\"attachment wp-att-522233\"><img loading=\"lazy\" decoding=\"async\" aria-describedby=\"caption-attachment-522233\" class=\"size-full wp-image-522233\" src=\"https:\/\/www.diarioimagen.net\/wp-content\/uploads\/2021\/09\/turismo-10.jpg\" alt=\"\" width=\"460\" height=\"270\" \/><\/a><p id=\"caption-attachment-522233\" class=\"wp-caption-text\">Ciudad de M\u00e9xico sede Tianguis Tur\u00edstico 2023.<\/p><\/div>\n<p>&nbsp;<\/p>\n<p>No pod\u00eda ser de otra manera, la Ciudad de M\u00e9xico ha busca incansablemente ser la sede del Tianguis Tur\u00edstico M\u00e9xico en 2023 y esta vez lo logr\u00f3 al ser la \u00fanica sede postulada y al no haber de d\u00f3nde escoger, el voto fue un\u00e1nime, adem\u00e1s de que cumple con todos los requisitos.<\/p>\n<p>De acuerdo al comunicado emitido por la Secretar\u00eda de Turismo federal (Sectur), en sesi\u00f3n virtual, el \u201cComit\u00e9 de Selecci\u00f3n Encargado de Analizar y Evaluar las Propuestas Presentadas por las Entidades Federativas Interesadas en ser la sede del Tianguis Tur\u00edstico M\u00e9xico 2023\u201d, reuni\u00f3n presidida por el titular de Turismo, <strong>Miguel Torruco Marqu\u00e9s<\/strong>, en su calidad de presidente, dio a conocer que la Ciudad de M\u00e9xico result\u00f3 seleccionada.<\/p>\n<p>Adem\u00e1s del Comit\u00e9 de Selecci\u00f3n, en la sesi\u00f3n estuvieron tambi\u00e9n: <strong>Emmanuel Rey<\/strong>, director general de Promoci\u00f3n y Asuntos Internacionales, y secretario t\u00e9cnico del Comit\u00e9 de Selecci\u00f3n; <strong>Humberto Hern\u00e1ndez-Haddad<\/strong>, subsecretario de Calidad y Regulaci\u00f3n de la Sectur; <strong>Juan Jos\u00e9 Fern\u00e1ndez Carrillo<\/strong>, presidente de la Asociaci\u00f3n Mexicana de Hoteles y Moteles; <strong>Josu\u00e9 Meza<\/strong>, <em>Manager Industry Relationship Americas-Field Offices <\/em>de la Asociaci\u00f3n Internacional de Transporte A\u00e9reo (IATA).<\/p>\n<p>Tambi\u00e9n, en representaci\u00f3n del presidente de la C\u00e1mara Nacional de Aerotransportes; <strong>Mar\u00eda de Lourdes Prieto M\u00e1rquez<\/strong>, directora general del Consejo Nacional Empresarial Tur\u00edstico; <strong>Olivia Soriano L\u00f3pez<\/strong>, presidente ejecutivoo de la C\u00e1mara Nacional de la Industria de Restaurantes y Alimentos Condimentados; <strong>Jos\u00e9 Tejada Shaar<\/strong>, presidente de la Confederaci\u00f3n de C\u00e1maras Nacionales de Comercio, Servicios y Turismo; <strong>Givette P\u00e9rez<\/strong>, de la Asociaci\u00f3n Nacional de Cadenas de Hoteles; <strong>Jos\u00e9 Manuel de Alba Jim\u00e9nez<\/strong>, vicepresidente de la C\u00e1mara Nacional del Autotransporte, Pasaje y Turismo.<\/p>\n<p><strong>Torruco Marqu\u00e9s<\/strong> precis\u00f3 que la pr\u00f3xima semana, conjuntamente con la jefa de gobierno de la Ciudad de M\u00e9xico, <strong>Claudia Sheinbaum Pardo<\/strong>, dar\u00e1n conferencia de prensa en las instalaciones de la Jefatura de Gobierno para dar a conocer los detalles sobre el Tianguis Tur\u00edstico 2023, a la que tambi\u00e9n asistir\u00e1n los miembros del Comit\u00e9 de Selecci\u00f3n y representantes del sector tur\u00edstico del pa\u00eds.<\/p>\n<p>\u2730\u2730\u2730\u2730\u2730 <strong>Chester Cooper<\/strong>, fue nombrado ministro de Turismo, Inversiones y Aviaci\u00f3n de Las Bahamas.<\/p>\n<p>El nombramiento del gabinete del viceprimer ministro <strong>Cooper<\/strong> ha sido de las primeras carteras asignadas por la nueva administraci\u00f3n del Partido Liberal Progresista, que se ha alzado con la victoria en las urnas el pasado 16 de septiembre.<\/p>\n<p>La directora general de Turismo, <strong>Joy Jibrilu<\/strong>, ha dijo: \u201cen el Ministerio de Turismo esperamos con entusiasmo empezar a trabajar bajo el nuevo liderazgo del ministro <strong>Cooper<\/strong>, que aportar\u00e1 a nuestro Ministerio sus conocimientos y experiencia acumulados a lo largo de su carrera como l\u00edder de \u00e9xito en el sector privado. Su energ\u00eda y su aguda visi\u00f3n empresarial son exactamente lo que necesitamos para continuar con nuestra labor de impulso hacia la recuperaci\u00f3n del turismo en medio de esta pandemia\u201d.<\/p>\n<p><strong>Chester Cooper<\/strong> ha reconocido que todos los negocios principales de las Islas Bahamas est\u00e1n impulsados por la comunidad internacional y que la comprensi\u00f3n del contexto internacional de los negocios es absolutamente fundamental para la expansi\u00f3n sostenible de los sectores del turismo, aviaci\u00f3n e inversiones en las Islas Bahamas.<\/p>\n<p><strong>Cooper<\/strong>, que ha logrado muchos \u00e9xitos en el sector privado, asume el tim\u00f3n de uno de los mayores sectores de actividad del pa\u00eds con gran responsabilidad, consciente de la enorme tarea que tiene por delante. Est\u00e1 deseando afrontar este reto al servicio de su pa\u00eds.<\/p>\n<p>El nuevo ministro es el menor de 12 hermanos, est\u00e1 casado y es orgulloso padre de tres hijos. Valiente y humilde ha sido presidente y director ejecutivo de <em>BAF Global Group<\/em> y presidente y director ejecutivo de <em>BAF Financial &amp; Insurance (Bahamas) Ltd. <\/em><\/p>\n<p>Asimismo, presidente inaugural del Comit\u00e9 Asesor de Seguros del pa\u00eds y director fundador de <em>The Bahamas Venture Fund.<\/em> Es miembro de la <em>Young Presidents Organization<\/em> (YPO), es distinguido maestro de ceremonias y miembro de varios consejos del sector privado.<\/p>\n<p>El nuevo ministro de Turismo, es en la actualidad el l\u00edder adjunto del Partido Liberal Progresista (PLP) y diputado por la circunscripci\u00f3n de Exumas y Ragged Island.<\/p>\n<p>\u2730\u2730\u2730\u2730\u2730 Grupo Xcaret reafirma su compromiso de construir comunidad m\u00e1s pr\u00f3spera, sostenible e incluyente a trav\u00e9s de esta noble industria, convencido de la importancia y beneficios presentes y futuros que conlleva el enfoque del desarrollo sostenible en el turismo.<\/p>\n<p>Este compromiso est\u00e1 proyectado para el cumplimiento de la Agenda 2030 de los Objetivos de Desarrollo Sostenible de la ONU para combatir las problem\u00e1ticas globales como la desigualdad de g\u00e9nero y el cambio clim\u00e1tico. Esto requiere no solo de la firma de documentos, sino de la suma de voluntades, compromiso, responsabilidad y visi\u00f3n de trabajo colaborativo que Grupo Xcaret integra en todos sus programas e iniciativas.<\/p>\n<p>Es as\u00ed como el grupo presenta su Memoria de Xostenibilidad 2021, en la que da a conocer los resultados registrados durante el \u00faltimo a\u00f1o de gesti\u00f3n en el que, a pesar de los grandes retos y cambios, destaca los hitos en sus acciones y programas.<\/p>\n<p>Entre los resultados de Grupo Xcaret en sus tres pilares de desarrollo sostenible, destacan:<\/p>\n<p><strong>Personas<\/strong>: participaci\u00f3n en el Programa Meta Igualdad de G\u00e9nero, iniciativa impulsada por Pacto Mundial de Naciones Unidas y ONU Mujeres, formando parte de la primera generaci\u00f3n de empresas comprometidas con el empoderamiento de las mujeres.<\/p>\n<p>Creaci\u00f3n del Modelo Xeguridad 360\u00b0 para garantizar a los viajeros experiencias seguras y garantizar entornos seguros e higi\u00e9nicos para el talento humano.<\/p>\n<p>A trav\u00e9s del programa Sonrisas fueron entregadas al personal m\u00e9dico del Instituto Mexicano del Seguro Social en el estado de Quintana Roo 2 mil 193 cortes\u00edas dobles para el parque Xcaret, agradeciendo al personal m\u00e9dico de primera l\u00ednea, su compromiso y esfuerzo incansable durante la emergencia sanitaria.<\/p>\n<p>Difusi\u00f3n y conservaci\u00f3n del patrimonio cultural de nuestro pa\u00eds, registrando en los per\u00edodos de enero-marzo y junio-diciembre 2020: 618 mil 555 visitantes en Xcaret M\u00e9xico Espectacular y, durante el periodo de cierre, 4.4 millones de vistas en la transmisi\u00f3n por internet.<\/p>\n<p>Grupo Xcaret continu\u00f3 y consolid\u00f3 programas de salud y seguridad laboral de sus colaboradores y la valoraci\u00f3n individual de grupos vulnerables identificados con factores de riesgo psicosociales de acuerdo con la NOM-33.<\/p>\n<p>Planeta: Hospital de Vida Silvestre<strong>. <\/strong>Se atendieron 35 ejemplares de especies animales, de los cuales 8 por ciento ha completado su rehabilitaci\u00f3n y fueron reintroducidas a su h\u00e1bita natural.<\/p>\n<p>Programas de Reproducci\u00f3n, Monitoreo y Conservaci\u00f3n<strong>.<\/strong> 68 ejemplares fueron puestas a resguardo por solicitud de Profepa. Se crearon ocho programas de reproducci\u00f3n y cuatro programas de monitoreo, dentro de los cuales destacan los 607 ejemplares de caracol rosado en Xel-H\u00e1 y 3 mil 313 ejemplares de peces de 59 especies en la caleta de Xel-H\u00e1.<\/p>\n<p>Adem\u00e1s, de logros significativos en sus programas de conservaci\u00f3n de guacamayas y corales; conservaci\u00f3n de ecosistemas en viveros y reforestaci\u00f3n; gesti\u00f3n responsable en el cuidado del agua, incorporaci\u00f3n de energ\u00edas limpias para reducci\u00f3n de emisi\u00f3n de gases efecto invernadero; gesti\u00f3n de residuos con importantes logros en recuperaci\u00f3n y reciclaje gracias a sus programas de sensibilizaci\u00f3n de grupos de inter\u00e9s; y la aplicaci\u00f3n de protocolos para el bienestar animal, basados en modelos internacionales para cubrir sus necesidades b\u00e1sicas.<\/p>\n<p>Prosperidad: Grupo Xcaret revis\u00f3 los preceptos de su C\u00f3digo de \u00c9tica y Conducta, y refrend\u00f3 la creaci\u00f3n de la Comisi\u00f3n de Honor y Justicia en 2020 que dar\u00e1 seguimiento a los casos que se presenten al interior del grupo y que fortalezcan sus procesos y acciones.<\/p>\n<p>Se impuls\u00f3 a la cadena de valor reconocida por el grupo para el desarrollo de cultura de sostenibilidad compartida con 3 por ciento de empresas grandes, 10 por ciento de medianas y 87 por ciento peque\u00f1as; as\u00ed como el beneficio a proveedores de comunidades rurales en Quintana Roo y Yucat\u00e1n; y productos comprados a comunidades rurales para presentaciones culturales, con lo cual gener\u00f3 impulso importante a la econom\u00eda mexicana.<\/p>\n<p><strong>Iliana Rodr\u00edguez<\/strong>, directora de Sostenibilidad de Grupo Xcaret, celebra la capacidad del sector tur\u00edstico para fomentar, difundir y velar por el desarrollo inclusivo en donde \u201cse asegure que nadie se quede atr\u00e1s; por ello, a trav\u00e9s de nuestro trabajo diario, reafirmamos nuestro compromiso a trav\u00e9s de varias acciones que tienen como eje a las personas, al planeta y a la prosperidad\u201d.<\/p>\n<p>Con relaci\u00f3n a la situaci\u00f3n actual del turismo se\u00f1al\u00f3: \u201csi bien la industria ha sufrido grandes afectaciones econ\u00f3micas y sociales como resultado de la pandemia, esta situaci\u00f3n tambi\u00e9n nos ha dado la oportunidad de demostrar cuando el turismo es sostenible, tambi\u00e9n es resiliente\u201d.<\/p>\n<p>El grupo reitera con resultados que adem\u00e1s de ser la empresa l\u00edder en recreaci\u00f3n tur\u00edstica sostenible y de generar fuerte derrama econ\u00f3mica en Quintana Roo y en la Pen\u00ednsula de Yucat\u00e1n, se ha convertido en el mayor referente regional y ejemplo a nivel nacional en cuanto a las buenas pr\u00e1cticas tur\u00edsticas sostenibles que impulsan a muchos a mantenerse a la vanguardia.<\/p>\n<p>Para conocer m\u00e1s sobre el desempe\u00f1o de Grupo Xcaret en temas sociales, ambientales y econ\u00f3micos, por favor visite nuestra Memoria de Sostenibilidad 2020.<\/p>\n<p>&nbsp;<\/p>\n<blockquote>\n<p style=\"text-align: right;\">\u201c<strong>El<\/strong> <strong>\u00e1ngel de la fama tiene sus alas hechas de papel&#8230; peri\u00f3dico\u201d.<br \/>\n<\/strong><\/p>\n<\/blockquote>\n<p>&nbsp;<\/p>\n<p><em><span class=\"Apple-converted-space\"><a href=\"mailto:victoriagprado@gmail.com\" target=\"_blank\" rel=\"noopener noreferrer\">victoriagprado@gmail.com<\/a><br \/>\nTwitter: <a href=\"https:\/\/twitter.com\/victoriagprado\" target=\"_blank\" rel=\"noopener noreferrer\">@victoriagprado<\/a><\/span><\/em><\/p>\n","protected":false},"excerpt":{"rendered":"<p>No pod\u00eda ser de otra manera, la Ciudad de M\u00e9xico ha busca incansablemente ser la sede del Tianguis Tur\u00edstico M\u00e9xico en 2023 y esta vez lo logr\u00f3 al ser la \u00fanica sede postulada y al no haber de d\u00f3nde escoger, el voto fue un\u00e1nime, adem\u00e1s de que cumple con todos los requisitos.<\/p>\n","protected":false},"author":3,"featured_media":522233,"comment_status":"open","ping_status":"open","sticky":false,"template":"","format":"standard","meta":{"_monsterinsights_skip_tracking":false,"_monsterinsights_sitenote_active":false,"_monsterinsights_sitenote_note":"","_monsterinsights_sitenote_category":0,"footnotes":""},"categories":[11],"tags":[107,43674,90758,106],"class_list":["post-522154","post","type-post","status-publish","format-standard","has-post-thumbnail","hentry","category-turismo","tag-de-cinco-estrellas","tag-opinion","tag-tursimo","tag-victoria-gonzalez-prado"],"_links":{"self":[{"href":"https:\/\/www.diarioimagen.net\/index.php?rest_route=\/wp\/v2\/posts\/522154","targetHints":{"allow":["GET"]}}],"collection":[{"href":"https:\/\/www.diarioimagen.net\/index.php?rest_route=\/wp\/v2\/posts"}],"about":[{"href":"https:\/\/www.diarioimagen.net\/index.php?rest_route=\/wp\/v2\/types\/post"}],"author":[{"embeddable":true,"href":"https:\/\/www.diarioimagen.net\/index.php?rest_route=\/wp\/v2\/users\/3"}],"replies":[{"embeddable":true,"href":"https:\/\/www.diarioimagen.net\/index.php?rest_route=%2Fwp%2Fv2%2Fcomments&post=522154"}],"version-history":[{"count":0,"href":"https:\/\/www.diarioimagen.net\/index.php?rest_route=\/wp\/v2\/posts\/522154\/revisions"}],"wp:featuredmedia":[{"embeddable":true,"href":"https:\/\/www.diarioimagen.net\/index.php?rest_route=\/wp\/v2\/media\/522233"}],"wp:attachment":[{"href":"https:\/\/www.diarioimagen.net\/index.php?rest_route=%2Fwp%2Fv2%2Fmedia&parent=522154"}],"wp:term":[{"taxonomy":"category","embeddable":true,"href":"https:\/\/www.diarioimagen.net\/index.php?rest_route=%2Fwp%2Fv2%2Fcategories&post=522154"},{"taxonomy":"post_tag","embeddable":true,"href":"https:\/\/www.diarioimagen.net\/index.php?rest_route=%2Fwp%2Fv2%2Ftags&post=522154"}],"curies":[{"name":"wp","href":"https:\/\/api.w.org\/{rel}","templated":true}]}}