{"id":522182,"date":"2021-09-29T00:03:21","date_gmt":"2021-09-29T05:03:21","guid":{"rendered":"https:\/\/www.diarioimagen.net\/?p=522182"},"modified":"2021-09-29T04:38:27","modified_gmt":"2021-09-29T09:38:27","slug":"senadores-independientes-de","status":"publish","type":"post","link":"https:\/\/www.diarioimagen.net\/?p=522182","title":{"rendered":"Senadores independientes\u2026 \u00bfde?"},"content":{"rendered":"<h2>Espacio Electoral<\/h2>\n<h5>Eleazar Flores<strong>\u00a0<\/strong><\/h5>\n<p><strong>\u00a0<\/strong><\/p>\n<p><strong>MEJOR APARTIDISTAS.- <\/strong>Como si hiciera falta, nace un nuevo grupo parlamentario en el Senado de la Rep\u00fablica, que a la larga perjudicar\u00e1 a Morena, que ver\u00e1 disminuido su n\u00famero de votos llegado el momento.<\/p>\n<p>La quinteta del nuevo grupo es \u201cGrupo Parlamentario Plural\u201d, integrado mayoritariamente por ex panistas de cepa y tambi\u00e9n de Morena y PT.<\/p>\n<p><strong>NOMBRES-. <\/strong>Como ex panistas de cepa integran este Grupo Parlamentario Plural los senadores Gustavo Enrique Madero y Germ\u00e1n Mart\u00ednez C\u00e1zarez, ambos ex presidentes del PAN en el pasado reciente, siendo Presidentes de la Rep\u00fablica, Felipe Calder\u00f3n y Enrique Pe\u00f1a Nieto.<\/p>\n<p>Tambi\u00e9n Emilio \u00c1lvarez Icaza Longoria, identificado con organismos sociales, ex presidente de la Comisi\u00f3n Interamericana de Derechos Humanos, CIDH como cargo internacional m\u00e1s relevante, pero tambi\u00e9n en el pa\u00eds con gran desempe\u00f1o, s\u00f3lo que lleg\u00f3 a Senador con la bandera del PAN\u2026 y lo dej\u00f3.<\/p>\n<p>Otras integrantes de este Grupo Parlamentario Plural son las senadoras Nancy de la Sierra y Alejandra Le\u00f3n Castellum, ambas del PT, identificado con Morena. Una disculpa que siendo mujeres las cite en segundo t\u00e9rmino, con un argumento de tener menor fama p\u00fablica partidista a los hombres, no m\u00e1s.<\/p>\n<p>Para Gustavo Enrique Madero, presidente del PAN de 2010 a 2014 en lo sexenios de Felipe Calder\u00f3n y Enrique Pe\u00f1a Nieto, es la primera ocasi\u00f3n que se \u201cdivorcia\u201d del blanquiazul, en tanto que Germ\u00e1n Mart\u00ednez C\u00e1zares, presidente panista de 2007 a 2009, renunci\u00f3 o lo movi\u00f3 Felipe Calder\u00f3n por los malos resultados electorales para dicho partido.<\/p>\n<p>Se alej\u00f3 de la pol\u00edtica y caus\u00f3 sorpresa su reaparici\u00f3n, pero con Morena, as\u00ed como su cargo como director general del IMSS, cargo al que renunci\u00f3 meses despu\u00e9s por no tener libertad para trabajar, dijo.<\/p>\n<p>Sin anunciarlo, en los hechos se alej\u00f3 de Morena y su capacidad anal\u00edtica y cr\u00edtica le permite no desentonar sus participaciones en el noticiero matutino de Ciro G\u00f3mez Leyva, una o dos veces a la semana, conservando su nivel de autocr\u00edtica, de ah\u00ed que el conductor m\u00e1s escuchado y visto del pa\u00eds en la radio y la televisi\u00f3n, lo mantenga.<\/p>\n<p><strong>SIN RECURSOS-.<\/strong> A nivel interno del Senado, se ha escuchado que este Grupo Parlamentario Plural podr\u00e1 ya haberse constituido, pero no dispondr\u00e1 de recursos propios como ya lo tienen todos los dem\u00e1s grupos parlamentarios\u2026 El argumento es que nace en forma extempor\u00e1nea.<\/p>\n<p>El l\u00edder senatorial Ricardo Monreal tendr\u00e1 que trabajar tiempo extra, pues sus \u201crivales\u201d tambi\u00e9n saben el teje y maneje econ\u00f3mico-administrativo no s\u00f3lo del Senado, tambi\u00e9n de la C\u00e1mara Baja pues en ambas instancias han estado.<\/p>\n<p>Y es que en ambas C\u00e1maras, no ahora sino desde siempre, lo que impera es la opacidad en eso de gastar y no rendir cuentas, palabra.<\/p>\n<p><em><a href=\"mailto:elefa44@gmail.com\" target=\"_blank\" rel=\"noopener noreferrer\">elefa44@gmail.com<\/a><\/em><\/p>\n","protected":false},"excerpt":{"rendered":"<p><span style=\"color: #005497;\"><strong>Eleazar Flores<\/strong><\/span><\/p>\n","protected":false},"author":3,"featured_media":0,"comment_status":"open","ping_status":"open","sticky":false,"template":"","format":"standard","meta":{"_monsterinsights_skip_tracking":false,"_monsterinsights_sitenote_active":false,"_monsterinsights_sitenote_note":"","_monsterinsights_sitenote_category":0,"footnotes":""},"categories":[81743],"tags":[81744,81776,43674],"class_list":["post-522182","post","type-post","status-publish","format-standard","hentry","category-eleazar-flores","tag-eleazar-flores","tag-espacio-electoral","tag-opinion"],"_links":{"self":[{"href":"https:\/\/www.diarioimagen.net\/index.php?rest_route=\/wp\/v2\/posts\/522182","targetHints":{"allow":["GET"]}}],"collection":[{"href":"https:\/\/www.diarioimagen.net\/index.php?rest_route=\/wp\/v2\/posts"}],"about":[{"href":"https:\/\/www.diarioimagen.net\/index.php?rest_route=\/wp\/v2\/types\/post"}],"author":[{"embeddable":true,"href":"https:\/\/www.diarioimagen.net\/index.php?rest_route=\/wp\/v2\/users\/3"}],"replies":[{"embeddable":true,"href":"https:\/\/www.diarioimagen.net\/index.php?rest_route=%2Fwp%2Fv2%2Fcomments&post=522182"}],"version-history":[{"count":0,"href":"https:\/\/www.diarioimagen.net\/index.php?rest_route=\/wp\/v2\/posts\/522182\/revisions"}],"wp:attachment":[{"href":"https:\/\/www.diarioimagen.net\/index.php?rest_route=%2Fwp%2Fv2%2Fmedia&parent=522182"}],"wp:term":[{"taxonomy":"category","embeddable":true,"href":"https:\/\/www.diarioimagen.net\/index.php?rest_route=%2Fwp%2Fv2%2Fcategories&post=522182"},{"taxonomy":"post_tag","embeddable":true,"href":"https:\/\/www.diarioimagen.net\/index.php?rest_route=%2Fwp%2Fv2%2Ftags&post=522182"}],"curies":[{"name":"wp","href":"https:\/\/api.w.org\/{rel}","templated":true}]}}