{"id":522189,"date":"2021-09-29T00:10:31","date_gmt":"2021-09-29T05:10:31","guid":{"rendered":"https:\/\/www.diarioimagen.net\/?p=522189"},"modified":"2021-09-29T04:54:29","modified_gmt":"2021-09-29T09:54:29","slug":"nueva-bancada-en-el-senado","status":"publish","type":"post","link":"https:\/\/www.diarioimagen.net\/?p=522189","title":{"rendered":"\u00bfNueva bancada en el Senado?"},"content":{"rendered":"<h2>De frente y de perfil<\/h2>\n<h5>Ram\u00f3n Zurita Sahag\u00fan<\/h5>\n<p>&nbsp;<\/p>\n<p>Desde hace varios lustros, diputados y senadores que consideran que no son reconocidos dentro de sus fracciones buscan formar su propio grupo pol\u00edtico, para gozar de prerrogativas y actuar con mayor libertad.<\/p>\n<p>Son legisladores ambiciosos que buscan sacar raja a su cargo y saltar hacia otro con mayores perspectivas y futuro.<\/p>\n<p>No causan sorpresa cuando piden su deslinde de una fracci\u00f3n legislativa y crean la suya. Lo hacen porque fueron marginados, no alcanzaron presidencia de comisi\u00f3n, cumplieron con el pacto con el partido que los postul\u00f3 o simplemente no entra en sus planes continuar dentro de un organismo pol\u00edtico que no les resulta c\u00f3modo.<\/p>\n<p>La condici\u00f3n humana es cambiante y el humor de los pol\u00edticos no es distinto al del resto de los habitantes de un pa\u00eds, por lo que esa conformaci\u00f3n de un grupo ajeno al que militaban no causa zozobra alguna.<\/p>\n<p>Tampoco lo hace el que los integrantes son personajes que en el pasado lograron tener presencia propia dentro del partido en que militaban, los que son acompa\u00f1ados por otros que no han destacado en su trabajo legislativo.<\/p>\n<p>Lo que s\u00ed es destacable es que en este nuevo grupo formado al interior del Senado de la Rep\u00fablica contenga a dos ex dirigentes nacionales del PAN, al que se suma el \u00fanico independiente que hab\u00eda en la llamada C\u00e1mara alta y dos mujeres que no han logrado destacar en la actual legislatura, como tampoco lo hicieron en la pasada.<\/p>\n<p>Eso s\u00ed, es interesante que se autonombre Grupo Plural y que algunos de ellos no renuncian a la militancia dentro de su partido, aunque no formen parte de la bancada de ese partido.<\/p>\n<p>Gustavo E. Madero y Germ\u00e1n Mart\u00ednez presidieron Acci\u00f3n Nacional hace dos d\u00e9cadas el primero y una d\u00e9cada el segundo quien fue el motor impulsor de Ricardo Anaya.<\/p>\n<p>Gustavo no se sent\u00eda a gusto en la bancada del PAN donde se siente incomprendido y cuenta con poco juego, por no ser parte de la burbuja panista. Germ\u00e1n no coincide en muchas cosas con la Cuarta Transformaci\u00f3n, aunque fue convencido de unirse a Morena, jam\u00e1s se afili\u00f3 al partido y solamente acept\u00f3 la nominaci\u00f3n a una senadur\u00eda plurinominal y colabor\u00f3 como el primer director del IMSS.<\/p>\n<p>Los dos tienen prestigio, aunque no han podido coronar sus prop\u00f3sitos. Gustavo siempre ha querido el gobierno de Chihuahua y Germ\u00e1n ya fue secretario de la Funci\u00f3n P\u00fablica por poco tiempo.<\/p>\n<p>De las otras tres personas que forman la nueva bancada, dos son mujeres y uno var\u00f3n.<\/p>\n<p>Nancy de la Sierra es una activa poblana que formaba parte de la bancada del PT y ahora se suma al Grupo Plural. Ella y su esposo han consolidado una buena estrategia que les funcion\u00f3. Milit\u00f3 por largo tiempo en el PRI donde fue diputada local en su nativa Puebla y perdi\u00f3 otra elecci\u00f3n ante candidatos del PAN. Pretendi\u00f3 el gobierno de Puebla, pero no fue considerada por su partido. Alejandra Le\u00f3n es la otra senadora, tambi\u00e9n perteneciente al PT, aunque inici\u00f3 la legislatura como parte de la bancada de Morena.<\/p>\n<p>Emilio \u00c1lvarez Icaza era antes de unirse al Grupo Plural un activista de derechos humanos que fue nominado por el PRD como candidato al Senado, aunque no form\u00f3 parte de su bancada y se mantuvo como legislador independiente.<\/p>\n<p>Los cinco buscan el reconocimiento como bancada, aunque se recuerda el antecedente de hace seis a\u00f1os, cuando Ad\u00e1n Augusto L\u00f3pez y otros senadores intentaron formar el bloque de Morena como grupo senatorial y no fueron admitidos como tales.<\/p>\n<p>Por lo pronto, la presidenta de la Mesa Directiva del Senado de la Rep\u00fablica, Olga S\u00e1nchez Cordero, avisa que no hay fundamento para una nueva bancada.<\/p>\n<p style=\"text-align: center;\"><strong>******\u00a0<\/strong><\/p>\n<p>Despu\u00e9s de m\u00e1s de un a\u00f1o y medio de la detenci\u00f3n de Genaro Garc\u00eda Luna y de un a\u00f1o del aseguramiento de su casa, siete\u00a0meses despu\u00e9s la Agencia de Investigaci\u00f3n Criminal de la FGR cate\u00f3 su casa en Jardines en la Monta\u00f1a.<\/p>\n<p>La lentitud con que act\u00faan las autoridades mexicanas es manifiesta, raz\u00f3n por la que los acusados de diversos delitos cuentan con el tiempo suficiente para huir. In\u00e9s G\u00f3mez Mont, Ra\u00fal Beyruti, V\u00edctor Manuel \u00c1lvarez Puga, Carlos Cabal, Miguel Alem\u00e1n y otros m\u00e1s se encuentran pr\u00f3fugos y en el caso de Emilio Lozoya, \u00e9l y la mayor\u00eda de sus acusados se encuentran en libertad y solamente el ex senador panista Jorge Luis Lavalle, sufre de prisi\u00f3n.<\/p>\n<p><a href=\"mailto:ramonzurita44@hotmail.com\" target=\"_blank\" rel=\"noopener noreferrer\"><em>ramonzurita44@hotmail.com<\/em><\/a><\/p>\n","protected":false},"excerpt":{"rendered":"<p><span style=\"color: #005497;\"><strong>Ram\u00f3n Zurita Sahag\u00fan<\/strong><\/span><br \/>\n<br \/>\nDesde hace varios lustros, diputados y senadores que consideran que no son reconocidos dentro de sus fracciones buscan formar su propio grupo pol\u00edtico, para gozar de prerrogativas y actuar con mayor libertad.\u00a0<\/p>\n","protected":false},"author":3,"featured_media":0,"comment_status":"open","ping_status":"open","sticky":false,"template":"","format":"standard","meta":{"_monsterinsights_skip_tracking":false,"_monsterinsights_sitenote_active":false,"_monsterinsights_sitenote_note":"","_monsterinsights_sitenote_category":0,"footnotes":""},"categories":[234],"tags":[304,43674,43687],"class_list":["post-522189","post","type-post","status-publish","format-standard","hentry","category-ramon-zurita-sahagun","tag-de-frente-y-de-perfil","tag-opinion","tag-ramon-zurita-sahagun"],"_links":{"self":[{"href":"https:\/\/www.diarioimagen.net\/index.php?rest_route=\/wp\/v2\/posts\/522189","targetHints":{"allow":["GET"]}}],"collection":[{"href":"https:\/\/www.diarioimagen.net\/index.php?rest_route=\/wp\/v2\/posts"}],"about":[{"href":"https:\/\/www.diarioimagen.net\/index.php?rest_route=\/wp\/v2\/types\/post"}],"author":[{"embeddable":true,"href":"https:\/\/www.diarioimagen.net\/index.php?rest_route=\/wp\/v2\/users\/3"}],"replies":[{"embeddable":true,"href":"https:\/\/www.diarioimagen.net\/index.php?rest_route=%2Fwp%2Fv2%2Fcomments&post=522189"}],"version-history":[{"count":0,"href":"https:\/\/www.diarioimagen.net\/index.php?rest_route=\/wp\/v2\/posts\/522189\/revisions"}],"wp:attachment":[{"href":"https:\/\/www.diarioimagen.net\/index.php?rest_route=%2Fwp%2Fv2%2Fmedia&parent=522189"}],"wp:term":[{"taxonomy":"category","embeddable":true,"href":"https:\/\/www.diarioimagen.net\/index.php?rest_route=%2Fwp%2Fv2%2Fcategories&post=522189"},{"taxonomy":"post_tag","embeddable":true,"href":"https:\/\/www.diarioimagen.net\/index.php?rest_route=%2Fwp%2Fv2%2Ftags&post=522189"}],"curies":[{"name":"wp","href":"https:\/\/api.w.org\/{rel}","templated":true}]}}