{"id":522293,"date":"2021-09-30T00:01:37","date_gmt":"2021-09-30T05:01:37","guid":{"rendered":"https:\/\/www.diarioimagen.net\/?p=522293"},"modified":"2021-09-30T07:23:13","modified_gmt":"2021-09-30T12:23:13","slug":"dr-candido-perez-estrena-en-noche-de-buenas","status":"publish","type":"post","link":"https:\/\/www.diarioimagen.net\/?p=522293","title":{"rendered":"\u201cDr. C\u00e1ndido P\u00e9rez\u201d estrena en \u201cNoche de Buenas\u201d"},"content":{"rendered":"<p>&nbsp;<\/p>\n<h3 style=\"text-align: center;\">Producci\u00f3n de Jorge y Pedro Ort\u00edz de Pinedo<\/h3>\n<p>&nbsp;<\/p>\n<ul>\n<li><strong><em>Se transmitir\u00e1 todos los jueves a partir del jueves 30 de septiembre<\/em><\/strong><\/li>\n<\/ul>\n<p>&nbsp;<\/p>\n<div id=\"attachment_522408\" style=\"width: 470px\" class=\"wp-caption aligncenter\"><a href=\"https:\/\/www.diarioimagen.net\/?attachment_id=522408\" rel=\"attachment wp-att-522408\"><img loading=\"lazy\" decoding=\"async\" aria-describedby=\"caption-attachment-522408\" class=\"size-full wp-image-522408\" src=\"https:\/\/www.diarioimagen.net\/wp-content\/uploads\/2021\/09\/candido-perez.jpg\" alt=\"\" width=\"460\" height=\"672\" \/><\/a><p id=\"caption-attachment-522408\" class=\"wp-caption-text\">La nueva versi\u00f3n de \u201cDr. C\u00e1ndido P\u00e9rez\u201d, protagonizado por Arath de la Torre, Ir\u00e1n Castillo, Raquel Garza, Lorena de la Garza, Marcia Couti\u00f1o, David Ramos, Dal\u00ed Gonz\u00e1lez y Ana Paula del Moral, se integra a la barra de comedia \u201cNoche de Buenas\u201d.<\/p><\/div>\n<p>&nbsp;<\/p>\n<p>La nueva versi\u00f3n de \u201cDr. C\u00e1ndido P\u00e9rez\u201d, protagonizado por Arath de la Torre, Ir\u00e1n Castillo, Raquel Garza, Lorena de la Garza, Marcia Couti\u00f1o, David Ramos, Dal\u00ed Gonz\u00e1lez y Ana Paula del Moral, se integra a la barra de comedia \u201cNoche de Buenas\u201d.<\/p>\n<p>El Dr. C\u00e1ndido P\u00e9rez (Arath de la Torre), es un reconocido, carism\u00e1tico y atractivo ginec\u00f3logo, que atiende en su consultorio a un gran n\u00famero de mujeres sexis. Sus pacientes lo acosar\u00e1n y lo tratar\u00e1n de seducir. A pesar de ser muy grandes las tentaciones, C\u00e1ndido mantendr\u00e1 la postura, ya que es un hombre fiel y felizmente casado, en segundas nupcias, con la adorable Silvina (Ir\u00e1n Castillo), vendedora de bienes ra\u00edces. La encargada de rescatarlo y ahuyentarle a todas las mujeres que se crucen por su camino es la recepcionista del consultorio, Paula Cecilia Guadalupe y Anexas (Marcia Couti\u00f1o), enfermera torpe y entrometida, pero de gran coraz\u00f3n.<\/p>\n<p>Por si fuera poco, \u201cel especialista en se\u00f1oras\u201d sortear\u00e1 toda clase de situaciones comprometedoras, pero muy graciosas, en su propia casa. C\u00e1ndido est\u00e1 rodeado de personajes singulares, como su \u201cquerida\u201d suegra, Do\u00f1a Cata (Raquel Garza), quien le har\u00e1 ver su suerte; su \u201cmucama\u201d, Claudia Requena (Lorena de la Garza), muchacha humilde, noble, pero chismosa y respondona; y el padre Camilo (David Ramos), un sacerdote muy moderno, hermano de C\u00e1ndido, quien lo reprender\u00e1 y guiar\u00e1, pero tambi\u00e9n solapar\u00e1 en varias ocasiones.<\/p>\n<p>A estos peculiares personajes, se suman los dos hijos de su primer matrimonio, Perlita, que vive con \u00e9l y lleva una relaci\u00f3n en paz con Silvina, e Inocencio, su hijo mayor, pero algo inmaduro y dependiente.<\/p>\n<p>Dr. C\u00e1ndido P\u00e9rez, producci\u00f3n de Jorge y Pedro Ort\u00edz de Pinedo, es una historia original de Abel Santacruz y contar\u00e1 con actuaciones especiales de Jorge Ort\u00edz de Pinedo, Raquel Bigorra, Paola Rojas, Alicia Machado, Marisol Gonz\u00e1lez, Alma Cero, Lolita Cort\u00e9s, Malillany Mar\u00edn, Andrea Escalona y Violeta Isfel, entre otros.<\/p>\n<p>Dr. C\u00e1ndido P\u00e9rez consta de 13 cap\u00edtulos y se transmitir\u00e1 todos los jueves a partir de este 30 de septiembre, en la barra de comedia Noche de Buenas de las estrellas, al terminar el noticiero de Denise Maerker.<\/p>\n","protected":false},"excerpt":{"rendered":"<p>La nueva versi\u00f3n de \u201cDr. C\u00e1ndido P\u00e9rez\u201d, protagonizado por Arath de la Torre, Ir\u00e1n Castillo, Raquel Garza, Lorena de la Garza, Marcia Couti\u00f1o, David Ramos, Dal\u00ed Gonz\u00e1lez y Ana Paula del Moral, se integra a la barra de comedia \u201cNoche de Buenas\u201d.<\/p>\n","protected":false},"author":3,"featured_media":522408,"comment_status":"open","ping_status":"open","sticky":false,"template":"","format":"standard","meta":{"_monsterinsights_skip_tracking":false,"_monsterinsights_sitenote_active":false,"_monsterinsights_sitenote_note":"","_monsterinsights_sitenote_category":0,"footnotes":""},"categories":[12],"tags":[92491,43682,83948],"class_list":["post-522293","post","type-post","status-publish","format-standard","has-post-thumbnail","hentry","category-espectaculos","tag-dr-candido-perez","tag-espectaculos","tag-noche-de-buenas"],"_links":{"self":[{"href":"https:\/\/www.diarioimagen.net\/index.php?rest_route=\/wp\/v2\/posts\/522293","targetHints":{"allow":["GET"]}}],"collection":[{"href":"https:\/\/www.diarioimagen.net\/index.php?rest_route=\/wp\/v2\/posts"}],"about":[{"href":"https:\/\/www.diarioimagen.net\/index.php?rest_route=\/wp\/v2\/types\/post"}],"author":[{"embeddable":true,"href":"https:\/\/www.diarioimagen.net\/index.php?rest_route=\/wp\/v2\/users\/3"}],"replies":[{"embeddable":true,"href":"https:\/\/www.diarioimagen.net\/index.php?rest_route=%2Fwp%2Fv2%2Fcomments&post=522293"}],"version-history":[{"count":0,"href":"https:\/\/www.diarioimagen.net\/index.php?rest_route=\/wp\/v2\/posts\/522293\/revisions"}],"wp:featuredmedia":[{"embeddable":true,"href":"https:\/\/www.diarioimagen.net\/index.php?rest_route=\/wp\/v2\/media\/522408"}],"wp:attachment":[{"href":"https:\/\/www.diarioimagen.net\/index.php?rest_route=%2Fwp%2Fv2%2Fmedia&parent=522293"}],"wp:term":[{"taxonomy":"category","embeddable":true,"href":"https:\/\/www.diarioimagen.net\/index.php?rest_route=%2Fwp%2Fv2%2Fcategories&post=522293"},{"taxonomy":"post_tag","embeddable":true,"href":"https:\/\/www.diarioimagen.net\/index.php?rest_route=%2Fwp%2Fv2%2Ftags&post=522293"}],"curies":[{"name":"wp","href":"https:\/\/api.w.org\/{rel}","templated":true}]}}