{"id":522311,"date":"2021-09-30T00:02:28","date_gmt":"2021-09-30T05:02:28","guid":{"rendered":"https:\/\/www.diarioimagen.net\/?p=522311"},"modified":"2021-09-30T07:38:16","modified_gmt":"2021-09-30T12:38:16","slug":"el-alcalde-mason-orta-pide-a-ciudadanos-denunciar-a-los-malos-servidores-publicos","status":"publish","type":"post","link":"https:\/\/www.diarioimagen.net\/?p=522311","title":{"rendered":"El alcalde Mas\u00f3n Orta pide a ciudadanos denunciar a los malos servidores p\u00fablicos"},"content":{"rendered":"<p>&nbsp;<\/p>\n<ul>\n<li><strong><em>Para mejorar la atenci\u00f3n a los cuautitlenses<\/em><\/strong><\/li>\n<\/ul>\n<p>&nbsp;<\/p>\n<div id=\"attachment_522417\" style=\"width: 470px\" class=\"wp-caption aligncenter\"><a href=\"https:\/\/www.diarioimagen.net\/?attachment_id=522417\" rel=\"attachment wp-att-522417\"><img loading=\"lazy\" decoding=\"async\" aria-describedby=\"caption-attachment-522417\" class=\"size-full wp-image-522417\" src=\"https:\/\/www.diarioimagen.net\/wp-content\/uploads\/2021\/09\/cuautitlan-13.jpg\" alt=\"\" width=\"460\" height=\"270\" \/><\/a><p id=\"caption-attachment-522417\" class=\"wp-caption-text\">El alcalde Cuauht\u00e9moc Mas\u00f3n Orta encabez\u00f3 los trabajos de la D\u00e9cima Sexta Sesi\u00f3n Ordinaria del Consejo Municipal\u00a0 de Seguridad P\u00fablica en Cuautitl\u00e1n.<\/p><\/div>\n<p>&nbsp;<\/p>\n<p><strong>Cuautitl\u00e1n, Estado de M\u00e9xico<\/strong>.- El presidente municipal Cuauht\u00e9moc Mas\u00f3n Orta encabez\u00f3 los trabajos de la D\u00e9cima Sexta Sesi\u00f3n Ordinaria del Consejo Municipal de Seguridad P\u00fablica en Cuautitl\u00e1n, como parte de los trabajos coordinados que realizan los tres niveles de gobierno en materia de prevenci\u00f3n del delito y en apoyo a la poblaci\u00f3n.<\/p>\n<p>Acompa\u00f1ado de la secretaria del ayuntamiento, representantes del Secretariado Ejecutivo De Seguridad P\u00fablica, Guardia Nacional, Fiscal\u00eda General de Justicia de la entidad, Polic\u00eda del Estado de M\u00e9xico, as\u00ed como representantes vecinales, Mas\u00f3n Orta, llam\u00f3 a la ciudadan\u00eda a realizar las denuncias correspondientes en contra de las malas actuaciones de los servidores p\u00fablicos.<\/p>\n<p>Esto, como parte de mejorar la atenci\u00f3n a los vecinos que demandan soluci\u00f3n a sus peticiones y para evitar especulaciones sobre temas que no han sido resueltos y que afectan a terceros, por lo que dijo \u201cno podemos actuar fuera de la Ley\u201d y pidi\u00f3 no dejarse enga\u00f1ar sobre temas que son utilizados para exaltar la violencia en contra de los dem\u00e1s, asever\u00f3.<\/p>\n<p>Sobre la necesidad de atender los temas de seguridad en las comunidades, dijo que a trav\u00e9s de las sesiones del Consejo de Seguridad municipal se logra la comunicaci\u00f3n y el di\u00e1logo, mecanismo que siempre ha propuesto la presente administraci\u00f3n entre las autoridades y vecinos, donde los COPACI tienen la palabra y pueden se\u00f1alar las peticiones que no han sido atendidas.<\/p>\n<p>Ante los hechos violentos acontecidos en d\u00edas anteriores, dijo que muchos vecinos acudieron enga\u00f1ados, sin embargo, apunt\u00f3 que en todo momento han sido atendidos en un di\u00e1logo abierto con el fin de avanzar en la b\u00fasqueda de mejores condiciones de vida para todos, porque las discusiones no se ganan, solo se buscan las soluciones, enfatiz\u00f3.<\/p>\n","protected":false},"excerpt":{"rendered":"<p>El presidente municipal Cuauht\u00e9moc Mas\u00f3n Orta encabez\u00f3 los trabajos de la D\u00e9cima Sexta Sesi\u00f3n Ordinaria del Consejo Municipal de Seguridad P\u00fablica en Cuautitl\u00e1n, como parte de los trabajos coordinados que realizan los tres niveles de gobierno en materia de prevenci\u00f3n del delito y en apoyo a la poblaci\u00f3n.<\/p>\n","protected":false},"author":3,"featured_media":522417,"comment_status":"open","ping_status":"open","sticky":false,"template":"","format":"standard","meta":{"_monsterinsights_skip_tracking":false,"_monsterinsights_sitenote_active":false,"_monsterinsights_sitenote_note":"","_monsterinsights_sitenote_category":0,"footnotes":""},"categories":[5],"tags":[681,43675,93742],"class_list":["post-522311","post","type-post","status-publish","format-standard","has-post-thumbnail","hentry","category-estado-de-mexico","tag-cuautitlan","tag-estado-de-mexico","tag-malos-servidores"],"_links":{"self":[{"href":"https:\/\/www.diarioimagen.net\/index.php?rest_route=\/wp\/v2\/posts\/522311","targetHints":{"allow":["GET"]}}],"collection":[{"href":"https:\/\/www.diarioimagen.net\/index.php?rest_route=\/wp\/v2\/posts"}],"about":[{"href":"https:\/\/www.diarioimagen.net\/index.php?rest_route=\/wp\/v2\/types\/post"}],"author":[{"embeddable":true,"href":"https:\/\/www.diarioimagen.net\/index.php?rest_route=\/wp\/v2\/users\/3"}],"replies":[{"embeddable":true,"href":"https:\/\/www.diarioimagen.net\/index.php?rest_route=%2Fwp%2Fv2%2Fcomments&post=522311"}],"version-history":[{"count":0,"href":"https:\/\/www.diarioimagen.net\/index.php?rest_route=\/wp\/v2\/posts\/522311\/revisions"}],"wp:featuredmedia":[{"embeddable":true,"href":"https:\/\/www.diarioimagen.net\/index.php?rest_route=\/wp\/v2\/media\/522417"}],"wp:attachment":[{"href":"https:\/\/www.diarioimagen.net\/index.php?rest_route=%2Fwp%2Fv2%2Fmedia&parent=522311"}],"wp:term":[{"taxonomy":"category","embeddable":true,"href":"https:\/\/www.diarioimagen.net\/index.php?rest_route=%2Fwp%2Fv2%2Fcategories&post=522311"},{"taxonomy":"post_tag","embeddable":true,"href":"https:\/\/www.diarioimagen.net\/index.php?rest_route=%2Fwp%2Fv2%2Ftags&post=522311"}],"curies":[{"name":"wp","href":"https:\/\/api.w.org\/{rel}","templated":true}]}}