{"id":522313,"date":"2021-09-30T00:01:52","date_gmt":"2021-09-30T05:01:52","guid":{"rendered":"https:\/\/www.diarioimagen.net\/?p=522313"},"modified":"2021-09-30T07:56:54","modified_gmt":"2021-09-30T12:56:54","slug":"reconocen-gestion-del-alcalde-de-tlalnepantla-raciel-perez-cruz","status":"publish","type":"post","link":"https:\/\/www.diarioimagen.net\/?p=522313","title":{"rendered":"Reconocen gesti\u00f3n del alcalde de Tlalnepantla, Raciel P\u00e9rez Cruz"},"content":{"rendered":"<p>&nbsp;<\/p>\n<p><a href=\"https:\/\/www.diarioimagen.net\/?attachment_id=522415\" rel=\"attachment wp-att-522415\"><img loading=\"lazy\" decoding=\"async\" class=\"aligncenter size-full wp-image-522415\" src=\"https:\/\/www.diarioimagen.net\/wp-content\/uploads\/2021\/09\/tlalnepantla-7.jpg\" alt=\"\" width=\"460\" height=\"270\" \/><\/a><\/p>\n<p>&nbsp;<\/p>\n<p><strong>Tlalnepantla, Estado de M\u00e9xico<\/strong><strong>.- <\/strong>Ante la presencia de la doctora Claudia Sheinbaum Pardo, Jefa de Gobierno de la Ciudad de M\u00e9xico, el presidente municipal de Tlalnepantla, Raciel P\u00e9rez Cruz, recibi\u00f3 un reconocimiento de la Asociaci\u00f3n de Autoridades Locales de M\u00e9xico A.C. (AALMAC) por su gesti\u00f3n como titular del Ejecutivo municipal.<\/p>\n","protected":false},"excerpt":{"rendered":"<p>Ante la presencia de la doctora Claudia Sheinbaum Pardo, Jefa de Gobierno de la Ciudad de M\u00e9xico, el presidente municipal de Tlalnepantla, Raciel P\u00e9rez Cruz, recibi\u00f3 un reconocimiento de la Asociaci\u00f3n de Autoridades Locales de M\u00e9xico A.C. (AALMAC) por su gesti\u00f3n como titular del Ejecutivo municipal.<\/p>\n","protected":false},"author":3,"featured_media":522415,"comment_status":"open","ping_status":"open","sticky":false,"template":"","format":"standard","meta":{"_monsterinsights_skip_tracking":false,"_monsterinsights_sitenote_active":false,"_monsterinsights_sitenote_note":"","_monsterinsights_sitenote_category":0,"footnotes":""},"categories":[5],"tags":[43675,81517,169],"class_list":["post-522313","post","type-post","status-publish","format-standard","has-post-thumbnail","hentry","category-estado-de-mexico","tag-estado-de-mexico","tag-raciel-perez-cruz","tag-tlalnepantla"],"_links":{"self":[{"href":"https:\/\/www.diarioimagen.net\/index.php?rest_route=\/wp\/v2\/posts\/522313","targetHints":{"allow":["GET"]}}],"collection":[{"href":"https:\/\/www.diarioimagen.net\/index.php?rest_route=\/wp\/v2\/posts"}],"about":[{"href":"https:\/\/www.diarioimagen.net\/index.php?rest_route=\/wp\/v2\/types\/post"}],"author":[{"embeddable":true,"href":"https:\/\/www.diarioimagen.net\/index.php?rest_route=\/wp\/v2\/users\/3"}],"replies":[{"embeddable":true,"href":"https:\/\/www.diarioimagen.net\/index.php?rest_route=%2Fwp%2Fv2%2Fcomments&post=522313"}],"version-history":[{"count":0,"href":"https:\/\/www.diarioimagen.net\/index.php?rest_route=\/wp\/v2\/posts\/522313\/revisions"}],"wp:featuredmedia":[{"embeddable":true,"href":"https:\/\/www.diarioimagen.net\/index.php?rest_route=\/wp\/v2\/media\/522415"}],"wp:attachment":[{"href":"https:\/\/www.diarioimagen.net\/index.php?rest_route=%2Fwp%2Fv2%2Fmedia&parent=522313"}],"wp:term":[{"taxonomy":"category","embeddable":true,"href":"https:\/\/www.diarioimagen.net\/index.php?rest_route=%2Fwp%2Fv2%2Fcategories&post=522313"},{"taxonomy":"post_tag","embeddable":true,"href":"https:\/\/www.diarioimagen.net\/index.php?rest_route=%2Fwp%2Fv2%2Ftags&post=522313"}],"curies":[{"name":"wp","href":"https:\/\/api.w.org\/{rel}","templated":true}]}}