{"id":522323,"date":"2021-09-30T00:02:10","date_gmt":"2021-09-30T05:02:10","guid":{"rendered":"https:\/\/www.diarioimagen.net\/?p=522323"},"modified":"2021-09-30T04:21:02","modified_gmt":"2021-09-30T09:21:02","slug":"adan-augusto-lopez-llama-a-construir-consensos-mientras-amlo-sigue-polarizando","status":"publish","type":"post","link":"https:\/\/www.diarioimagen.net\/?p=522323","title":{"rendered":"Ad\u00e1n Augusto L\u00f3pez llama a construir consensos, mientras AMLO sigue polarizando"},"content":{"rendered":"<h2>La Retaguardia<\/h2>\n<h5>Adriana Moreno Cordero<\/h5>\n<p>&nbsp;<\/p>\n<p>Muy interesante y no deja de llamar la atenci\u00f3n, que el secretario de Gobernaci\u00f3n, <strong>Ad\u00e1n Augusto L\u00f3pez Hern\u00e1ndez<\/strong>, durante su comparecencia en el Senado de la Rep\u00fablica, donde buena parte se dedic\u00f3 a informar sobre lo que hab\u00eda hecho su antecesora, la ahora presidenta de la C\u00e1mara alta, <strong>Olga S\u00e1nchez Cordero<\/strong>, o sea, nada, ha abierto las puertas de la Segob a todos los actores pol\u00edticos y subray\u00f3 que la dependencia que recientemente dirige, ahora se dedica a\u00a0 prevenir y solucionar conflictos mediante el consenso. \u00bfSer\u00e1?<\/p>\n<p>Agreg\u00f3 el responsable de la pol\u00edtica interna del pa\u00eds que en la construcci\u00f3n de la democracia y el consenso todos tienen responsabilidad, independientemente de su filiaci\u00f3n pol\u00edtica, por lo que tambi\u00e9n insisti\u00f3 en que nadie es due\u00f1o de la verdad absoluta.<\/p>\n<p>\u00bfSer\u00e1 acaso que tanto <strong>Andr\u00e9s Manuel L\u00f3pez Obrador<\/strong> y su equipo finalmente ya se dieron cuenta que no pueden por el paquete, a la mitad del camino?<\/p>\n<p>Con la \u201cbanderita blanca\u201d totalmente extendida, L\u00f3pez Hern\u00e1ndez se\u00f1al\u00f3 que M\u00e9xico no merece un clima de crispaci\u00f3n como el que sin duda, tiene en la actualidad e hizo un llamado a la construcci\u00f3n de acuerdos y a hacer a un lado las diferencias ideol\u00f3gicas esto, sin dejar de reconocer que existen.<\/p>\n<p>Llam\u00f3 la atenci\u00f3n que a diferencia de sus compa\u00f1eros de partido, el ex gobernador tabasque\u00f1o no culpara al pasado de la evidente falta de eficiencia y capacidad que tiene esta errada y llamada Cuarta Transformaci\u00f3n para gobernar a un pa\u00eds, como en cambio s\u00ed lo hizo el senador <strong>C\u00e9sar Cravioto<\/strong>, a la hora de fijar la postura de la bancada de Morena; un recurso ya muy desgastado.<\/p>\n<p>El secretario L\u00f3pez Hern\u00e1ndez no estuvo presente, por cierto, a la hora que las diferentes fracciones parlamentarias fijaron postura. La senadora de Movimiento Ciudadano, <strong>Ver\u00f3nica Delgadillo,<\/strong> fue de las primeras en se\u00f1alar las muchas deficiencias de esta errada y llamada Cuarta Transformaci\u00f3n al indicar que:\u00a0 \u201cM\u00e9xico sigue siendo un pa\u00eds letal para las mujeres, uno de los m\u00e1s letales en el mundo y por eso es incomprensible que la pol\u00edtica interior de este pa\u00eds tenga o\u00eddos sordos y puertas cerradas hacia las mujeres, hacia las ni\u00f1as y las mujeres de nuestro pa\u00eds, la pregunta que hoy nos hacemos es\u00a0\u00bfpor qu\u00e9 nos tienen tanto miedo a las mujeres en M\u00e9xico?, \u00bfpor qu\u00e9 la respuesta siempre son granaderos, vallas y estigmatizaciones?\u201d.<\/p>\n<p>En este punto vale la pena se\u00f1alar sobre un tema relacionado, que el presidente L\u00f3pez Obrador, no ha manifestado postura alguna en cuanto a la prohibici\u00f3n de considerar el aborto como un delito, simple y llanamente porque est\u00e1 en contra.<\/p>\n<p>La senadora Delgadillo no se refiri\u00f3 al titular de la Segob, sino al Presidente de la Rep\u00fablica al que le cuestion\u00f3: \u201c\u00bfdesde cu\u00e1ndo pedir empat\u00eda es un exceso?, \u00bfdesde cu\u00e1ndo luchar por nuestra vida se considera un complot conservador?\u201d<\/p>\n<p>Por su parte, el senador panista <strong>Marco Gama Basarte<\/strong>, exhibi\u00f3 el m\u00e1s reciente libro de L\u00f3pez Obrador, <em>A la mitad del camino <\/em>y cuestion\u00f3: \u201c\u2026 en lo que no estoy de acuerdo es en la afirmaci\u00f3n que esgrime en este mismo libro al escribir que en este per\u00edodo podr\u00eda usted dejar la Presidencia sin sentirse mal con su conciencia. No, se\u00f1or Presidente, no vamos bien, no le est\u00e1 funcionando su proceso de pedagog\u00eda pol\u00edtica y concientizaci\u00f3n continua, como tambi\u00e9n lo manifiesta aqu\u00ed en su mayor \u00e9xito. Ese que dice que lo hace claro todas las ma\u00f1anas en sus conferencias p\u00fablicas y en sus discursos. Estos ejercicios ma\u00f1aneros s\u00f3lo han servido para dar brillo a su obsesiva actitud de confrontar a todo aquel que se atreve a se\u00f1alarle sus errores. A la mitad del camino, la pol\u00edtica interior del pa\u00eds no est\u00e1 generando ni estabilidad ni gobernabilidad\u201d.<\/p>\n<p>A su vez, la senadora panista <strong>Kenia L\u00f3pez Rabad\u00e1n<\/strong> fue tambi\u00e9n muy contundente al indicarle al titular de la Segob: \u201clamento decirle que se ha incorporado usted al peor gobierno de la historia de nuestro pa\u00eds\u2026 Todos los d\u00edas nos despertamos con un nuevo berrinche, un nuevo pleito, un se\u00f1alamiento; todos los d\u00edas buscan destruir una instituci\u00f3n, acallar una opini\u00f3n o incluso quitar un derecho. Para los mexicanos, abund\u00f3, este gobierno ha sido una prueba de resistencia: resistir, aunque todo suba de precio; resistir, para no ser de los 4 millones de nuevos pobres que ha generado este gobierno; resistir, para sobrevivir a la crisis; resistir, para no ser de los 2 millones de mexicanos que se han quedado sin empleo\u201d.<\/p>\n<p>Por eso llama la atenci\u00f3n que el secretario Ad\u00e1n Augusto L\u00f3pez haya dicho que \u201cen el gobierno de la Cuarta Transformaci\u00f3n es prioridad propiciar el di\u00e1logo y la construcci\u00f3n de acuerdos entre todas y todos los actores pol\u00edticos y sociales del pa\u00eds, a fin de alcanzar los acuerdos orientados a consolidar la gobernabilidad democr\u00e1tica, la construcci\u00f3n de la paz y el fortalecimiento del Estado de derecho\u201d.<\/p>\n<p>En Palacio Nacional, la actitud es otra totalmente diferente, pues en los tres a\u00f1os que van de la actual administraci\u00f3n, L\u00f3pez Obrador se ha dedicado a polarizar y a perseguir a quienes considera sus enemigos bajo la falsa bandera de un inexistente combate a la corrupci\u00f3n, cuando en realidad se trata de un nepotismo rampl\u00f3n.<\/p>\n<p>Y si alg\u00fan ejemplo se buscara de esta situaci\u00f3n, ah\u00ed est\u00e1 la persecuci\u00f3n a los 31 cient\u00edficos del Conacyt, en el que mientras el ministro-presidente de la Suprema Corte de Justicia de la Naci\u00f3n, Arturo Zald\u00edvar, atendi\u00f3 a los cient\u00edficos y acad\u00e9micos acusados por quien tambi\u00e9n es conocido como \u201cel fiscal carnal\u201d, <strong>Alejandro Gertz<\/strong>, los atendi\u00f3 y escuch\u00f3 sus inquietudes, comprometi\u00e9ndose a seguir actuando con independencia e imparcialidad en el cumplimiento de su deber\u201d, el flamante vocero de la Presidencia, <strong>Jes\u00fas Ram\u00edrez Cuevas<\/strong>, al acusar que supuestamente desde hace 16 a\u00f1os, el Foro Consultivo Cient\u00edfico y Tecnol\u00f3gico (FCCyT), habr\u00eda recibido 571 millones de pesos y s\u00f3lo 100 millones de pesos fueron utilizados para proyectos de ciencia y tecnolog\u00eda.<\/p>\n<p>Por lo visto, mucha basura tiene que esconder bajo la alfombra el flamant\u00edsimo vocero, por consigna de su jefe; para ocultar la corrupci\u00f3n que ha venido caracterizando a esta errada y llamada Cuarta Transformaci\u00f3n. Esos \u201ctrapitos\u201d, ya empezaron a salir al sol.<\/p>\n<p><u><a href=\"mailto:morcora@gmail.com\" target=\"_blank\" rel=\"noopener noreferrer\"><em>morcora@gmail.com<\/em><\/a><\/u><\/p>\n","protected":false},"excerpt":{"rendered":"<p><span style=\"color: #005497;\"><strong>Adriana Moreno Cordero<\/strong><\/span><\/p>\n","protected":false},"author":3,"featured_media":0,"comment_status":"open","ping_status":"open","sticky":false,"template":"","format":"standard","meta":{"_monsterinsights_skip_tracking":false,"_monsterinsights_sitenote_active":false,"_monsterinsights_sitenote_note":"","_monsterinsights_sitenote_category":0,"footnotes":""},"categories":[69370],"tags":[69369,69368,43674],"class_list":["post-522323","post","type-post","status-publish","format-standard","hentry","category-adriana-moreno-cordero","tag-adriana-moreno-cordero","tag-la-retaguardia","tag-opinion"],"_links":{"self":[{"href":"https:\/\/www.diarioimagen.net\/index.php?rest_route=\/wp\/v2\/posts\/522323","targetHints":{"allow":["GET"]}}],"collection":[{"href":"https:\/\/www.diarioimagen.net\/index.php?rest_route=\/wp\/v2\/posts"}],"about":[{"href":"https:\/\/www.diarioimagen.net\/index.php?rest_route=\/wp\/v2\/types\/post"}],"author":[{"embeddable":true,"href":"https:\/\/www.diarioimagen.net\/index.php?rest_route=\/wp\/v2\/users\/3"}],"replies":[{"embeddable":true,"href":"https:\/\/www.diarioimagen.net\/index.php?rest_route=%2Fwp%2Fv2%2Fcomments&post=522323"}],"version-history":[{"count":0,"href":"https:\/\/www.diarioimagen.net\/index.php?rest_route=\/wp\/v2\/posts\/522323\/revisions"}],"wp:attachment":[{"href":"https:\/\/www.diarioimagen.net\/index.php?rest_route=%2Fwp%2Fv2%2Fmedia&parent=522323"}],"wp:term":[{"taxonomy":"category","embeddable":true,"href":"https:\/\/www.diarioimagen.net\/index.php?rest_route=%2Fwp%2Fv2%2Fcategories&post=522323"},{"taxonomy":"post_tag","embeddable":true,"href":"https:\/\/www.diarioimagen.net\/index.php?rest_route=%2Fwp%2Fv2%2Ftags&post=522323"}],"curies":[{"name":"wp","href":"https:\/\/api.w.org\/{rel}","templated":true}]}}