{"id":522336,"date":"2021-09-30T00:08:05","date_gmt":"2021-09-30T05:08:05","guid":{"rendered":"https:\/\/www.diarioimagen.net\/?p=522336"},"modified":"2021-09-30T04:36:54","modified_gmt":"2021-09-30T09:36:54","slug":"periodista-asesinado-6","status":"publish","type":"post","link":"https:\/\/www.diarioimagen.net\/?p=522336","title":{"rendered":"Periodista asesinado"},"content":{"rendered":"<h2>Punto por punto<\/h2>\n<h5>Augusto Corro<\/h5>\n<p>&nbsp;<\/p>\n<p>Sin duda, M\u00e9xico es uno de los pa\u00edses m\u00e1s peligrosos para el ejercicio del periodismo. Las autoridades poco o nada hacen para evitar las agresiones contra los comunicadores.<\/p>\n<p>El martes en la tarde fue asesinado a balazos el periodista Manuel Gonz\u00e1lez Reyes, director del medio digital \u201cPortal Morelos\u201d, en Cuernavaca, Morelos.<\/p>\n<p>La organizaci\u00f3n Art\u00edculo 19 inform\u00f3 documenta la muerte del comunicador en la que participaron dos sujetos que viajaban a bordo de una motocicleta.<\/p>\n<p>Las autoridades dijeron que Gonz\u00e1lez Reyes particip\u00f3 en el pasado proceso electoral, como candidato a la alcald\u00eda de Emiliano Zapata, una de las m\u00e1s peligrosas de la zona.<\/p>\n<p>En varias regiones de M\u00e9xico, el crimen organizado y los caciques libran una guerra contra los medios de comunicaci\u00f3n, en la que imponen su ley apoyados en la violencia.<\/p>\n<p>M\u00e9xico est\u00e1 colocado entre los pa\u00edses con mayor violencia contra los periodistas. As\u00ed lo demuestra la cifra de 142 comunicadores asesinados desde 2000 a la fecha. De \u00e9stos, 22 ocurrieron en el sexenio del presidente L\u00f3pez Obrador.<\/p>\n<p>Del total de cr\u00edmenes, m\u00e1s del noventa por ciento los presuntos asesinos burlaron a la justicia. Los casos no fueron investigados. Por ahora se encuentran archivados. En fin, nadie castiga a los delincuentes. Cuando un periodista es asesinado, las organizaciones defensoras de los derechos humanos condenan el hecho; pero nadie les hace caso.<\/p>\n<p>La delincuencia organizada debe estar tranquila, pues las autoridades no se cansan de repetir que prefieren los abrazos y no los balazos para combatirla.<\/p>\n<p style=\"text-align: center;\"><strong>Senadores dejan su partido<\/strong><\/p>\n<p>Cinco senadores dejan Morena, PAN y PT para formar nuevo grupo parlamentario.<\/p>\n<p>Esos legisladores son Nancy de la Sierra y Alejandra Le\u00f3n Gast\u00e9lum, quienes eran parte de la bancada del Partido del Trabajo (PT).<\/p>\n<p>El controvertido senador Gustavo Madero, que deja Acci\u00f3n Nacional; Germ\u00e1n Mart\u00ednez se va de Morena y Emilio \u00c1lvarez Icaza, que no pertenec\u00eda a ninguna bancada.<\/p>\n<p>El nuevo grupo de legisladores re\u00fane a pol\u00edticos que en su momento se enfrentaron a los dirigentes de sus respectivos partidos.<\/p>\n<p>Por ejemplo, Germ\u00e1n Mart\u00ednez era un panista de hueso colorado, incondicional del ex presidente Felipe Calder\u00f3n. Se pelearon y el rebelde se refugi\u00f3 en el partido Movimiento Regeneraci\u00f3n Nacional (Morena).<\/p>\n<p>El l\u00edder de Morena, L\u00f3pez Obrador, invit\u00f3 al ex panista a formar parte de los senadores de su partido. Tambi\u00e9n, seg\u00fan dicen, la titularidad de la Fiscal\u00eda General de la Rep\u00fablica, que no acept\u00f3.<\/p>\n<p>Sin embargo, Germ\u00e1n Mart\u00ednez s\u00ed acept\u00f3 la direcci\u00f3n del IMSS, cargo al que despu\u00e9s de una temporada renunci\u00f3.<\/p>\n<p>El multicitado Germ\u00e1n Mart\u00ednez fue uno m\u00e1s de las decenas de pol\u00edticos de diferentes partidos que encontraron refugio en Morena. Cabe se\u00f1alar que nunca se sinti\u00f3 morenista. Siempre que pod\u00eda despotricaba contra el partido guinda.<\/p>\n<p>Por otra parte, el senador Gustavo Madero se sentir\u00e1 realizado al dejar la representaci\u00f3n de su organizaci\u00f3n pol\u00edtica en el Senado.<\/p>\n<p>Una de sus ilusiones era ser gobernador de Chihuahua, su estado natal. No pudo en esta ocasi\u00f3n. No le qued\u00f3 otra salida que regresar a su esca\u00f1o.<\/p>\n<p>Y Emilio \u00c1lvarez Icaza es un senador independiente comprometido con la defensa de los derechos humanos. No tiene que rendirle cuentas a ning\u00fan partido.<\/p>\n<p>En los casos de Germ\u00e1n Mart\u00ednez y Gustavo Madero no fue una sorpresa la decisi\u00f3n de abandonar a sus partidos. \u00bfCu\u00e1l ser\u00e1 la l\u00ednea pol\u00edtica que adoptaran, que se apegue a sus principios pol\u00edticos?<\/p>\n<p>Ambos, Germ\u00e1n y Gustavo, llegaron al Senado como representantes de miles de electores; pero no los tomaron en cuenta. \u00bfCu\u00e1l ser\u00e1 el papel de los disidentes? Pues continuar con la pr\u00e1ctica de la pol\u00edtica a la mexicana, que tiene entre sus ejes principales la b\u00fasqueda de los beneficios personales.<\/p>\n<p>\u00bfUsted qu\u00e9 opina amable lector?<\/p>\n<p><a href=\"mailto:aco2742@hotmail.com\" target=\"_blank\" rel=\"noopener noreferrer\"><em>aco2742@hotmail.com<\/em><\/a><\/p>\n","protected":false},"excerpt":{"rendered":"<p><span style=\"color: #005497;\"><strong>Augusto Corro<\/strong><\/span><\/p>\n","protected":false},"author":3,"featured_media":0,"comment_status":"open","ping_status":"open","sticky":false,"template":"","format":"standard","meta":{"_monsterinsights_skip_tracking":false,"_monsterinsights_sitenote_active":false,"_monsterinsights_sitenote_note":"","_monsterinsights_sitenote_category":0,"footnotes":""},"categories":[157],"tags":[43686,43674,11515],"class_list":["post-522336","post","type-post","status-publish","format-standard","hentry","category-augusto-corro","tag-augusto-corro","tag-opinion","tag-punto-por-punto"],"_links":{"self":[{"href":"https:\/\/www.diarioimagen.net\/index.php?rest_route=\/wp\/v2\/posts\/522336","targetHints":{"allow":["GET"]}}],"collection":[{"href":"https:\/\/www.diarioimagen.net\/index.php?rest_route=\/wp\/v2\/posts"}],"about":[{"href":"https:\/\/www.diarioimagen.net\/index.php?rest_route=\/wp\/v2\/types\/post"}],"author":[{"embeddable":true,"href":"https:\/\/www.diarioimagen.net\/index.php?rest_route=\/wp\/v2\/users\/3"}],"replies":[{"embeddable":true,"href":"https:\/\/www.diarioimagen.net\/index.php?rest_route=%2Fwp%2Fv2%2Fcomments&post=522336"}],"version-history":[{"count":0,"href":"https:\/\/www.diarioimagen.net\/index.php?rest_route=\/wp\/v2\/posts\/522336\/revisions"}],"wp:attachment":[{"href":"https:\/\/www.diarioimagen.net\/index.php?rest_route=%2Fwp%2Fv2%2Fmedia&parent=522336"}],"wp:term":[{"taxonomy":"category","embeddable":true,"href":"https:\/\/www.diarioimagen.net\/index.php?rest_route=%2Fwp%2Fv2%2Fcategories&post=522336"},{"taxonomy":"post_tag","embeddable":true,"href":"https:\/\/www.diarioimagen.net\/index.php?rest_route=%2Fwp%2Fv2%2Ftags&post=522336"}],"curies":[{"name":"wp","href":"https:\/\/api.w.org\/{rel}","templated":true}]}}