{"id":522467,"date":"2021-10-01T00:01:22","date_gmt":"2021-10-01T05:01:22","guid":{"rendered":"https:\/\/www.diarioimagen.net\/?p=522467"},"modified":"2021-10-01T07:01:35","modified_gmt":"2021-10-01T12:01:35","slug":"brayan-arturo-perez-morales-gano-el-primer-lugar-del-concurso-la-patata-marciana","status":"publish","type":"post","link":"https:\/\/www.diarioimagen.net\/?p=522467","title":{"rendered":"Brayan Arturo P\u00e9rez Morales, gan\u00f3 el primer lugar del concurso \u201cLa patata marciana\u201d"},"content":{"rendered":"<h2>De cinco estrellas<\/h2>\n<h5>Victoria Gonz\u00e1lez Prado<\/h5>\n<p><strong>\u00a0<\/strong><\/p>\n<ul>\n<li><strong><em>Implementa, Emirates, el IATA Travel Pass en todos los continentes<\/em><\/strong><\/li>\n<li><strong><em>En Riviera Nayarit, se registr\u00f3, durante el verano, mayor afluencia de viajeros<\/em><\/strong><\/li>\n<li><strong><em>Nuevo c\u00f3digo compartido entre <\/em>American Airlines<em> e<\/em>IndiGo<\/strong><\/li>\n<\/ul>\n<p>&nbsp;<\/p>\n<div id=\"attachment_522559\" style=\"width: 470px\" class=\"wp-caption aligncenter\"><a href=\"https:\/\/www.diarioimagen.net\/?attachment_id=522559\" rel=\"attachment wp-att-522559\"><img loading=\"lazy\" decoding=\"async\" aria-describedby=\"caption-attachment-522559\" class=\"size-full wp-image-522559\" src=\"https:\/\/www.diarioimagen.net\/wp-content\/uploads\/2021\/10\/turismo.jpg\" alt=\"\" width=\"460\" height=\"270\" \/><\/a><p id=\"caption-attachment-522559\" class=\"wp-caption-text\">Durante la premiaci\u00f3n de \u201cLa Patata Marciana\u201d.<\/p><\/div>\n<p>&nbsp;<\/p>\n<p><strong>Brayan Arturo P\u00e9rez Morales<\/strong>, gan\u00f3 el primer lugar del concurso \u201cLa patata marciana\u201d, que tuvo lugar en Alcal\u00e1 de Henares, Espa\u00f1a. <strong>Brayan<\/strong> es estudiante de la licenciatura en Gastronom\u00eda y tesista del Centro de Investigaci\u00f3n y Capacitaci\u00f3n en Gastronom\u00eda,<\/p>\n<p>El estudiante mexicano se enfrent\u00f3, en la categor\u00eda profesional, a las propuestas culinarias de Espa\u00f1a: <em>Fobos al mojo canario<\/em>, de <strong>Antonio Figueroa<\/strong>, y Las capas de Marte, de <strong>V\u00edctor Guerra<\/strong>, y a la tambi\u00e9n mexicana <strong>Carla Schettino<\/strong> con su postre PotaBR\u00dc-D.<\/p>\n<p>La papa que quiso ser alb\u00f3ndiga logr\u00f3 posicionarse en el primer lugar y <strong>Brayan<\/strong> obtuvo 500 euros como premio y diploma con alto valor curricular. Su receta formar\u00e1 parte de la gastronom\u00eda de base permanente en Marte.<\/p>\n<p>El jurado estuvo integrado por el chef <strong>Ivan Plademunt<\/strong> y <strong>Carlos Acir\u00f3n<\/strong>, presidente de la Fundaci\u00f3n Albireo. La Universidad de Ingenier\u00eda y Tecnolog\u00eda-asociada, <em>NASA Astrobiology Institute<\/em> y el Centro Internacional de la Papa (con sede en Estados Unidos), convocaron al certamen.<\/p>\n<p>La papa que quiso ser alb\u00f3ndiga est\u00e1 inspirada en dos recetas tradicionales mexicanas: alb\u00f3ndigas en caldillo de jitomate (consumidas en el centro del pa\u00eds) y la machaca con huevo (del norte de M\u00e9xico).<\/p>\n<p>\u2730\u2730\u2730\u2730\u2730 Tras las pruebas realizadas por <em>Emirates<\/em> <em>Airways<\/em> con el <em>IATA Travel Pass<\/em> de la Asociaci\u00f3n Internacional de Transporte A\u00e9reo, ha extendido su aplicaci\u00f3n a todos sus destinos.<\/p>\n<p>Cabe destacar que es la primera aerol\u00ednea que implementa el <em>IATA Travel Pass<\/em> y lo ofrece en todos sus destinos por lo que la aerol\u00ednea firm\u00f3 contrato con IATA para implantar la soluci\u00f3n en toda su red global.<\/p>\n<p>Las pruebas fueron realizadas con \u00e9xito desde abril en rutas seleccionadas desde su centro de operaciones de Dub\u00e1i. Actualmente, est\u00e1 disponible para los clientes de <em>Emirates<\/em> que viajan desde 50 ciudades, y en los m\u00e1s de 120 destinos de <em>Emirates <\/em>se completar\u00e1 en este octubre.<\/p>\n<p><strong>Adel Al Redha<\/strong>, director de operaciones de Emirates, asegur\u00f3: \u201cinvertimos en tecnolog\u00eda y soluciones para poder ofrecer a los clientes viajes fluidos y experiencias sin contacto, y permitir a nuestros equipos de aeropuerto gestionar los controles de documentos de forma eficiente cumpliendo con los requisitos normativos\u201d.<\/p>\n<p>Por su parte, <strong>Nick Careen<\/strong>, vicepresidente senior de operaciones, Seguridad y Protecci\u00f3n de lATA, dijo: \u201c<em>Emirates<\/em> consolida su papel como agente clave en la gesti\u00f3n de la compleja verificaci\u00f3n de los criterios sanitarios necesarios para viaja y proporciona alternativa para tramitar estas credenciales a trav\u00e9s de proceso automatizado y seguro. As\u00ed llegan al aeropuerto listos para volar y aprovechan estas mejoras lo que evita largas filas y la congesti\u00f3n en los controles de documentos\u201d.<strong>\u00a0<\/strong><\/p>\n<p>\u2730\u2730\u2730\u2730\u2730 La Riviera Nayarit, al concluir la temporada vacacional de verano, (en la zona Bah\u00eda de Banderas) cerr\u00f3 con 65 por ciento de ocupaci\u00f3n hotelera promedio y afluencia tur\u00edstica de 242 mil 156 visitantes, \u20141 por ciento menos respecto a la afluencia registrada en 2019\u2014, a\u00f1o en que registr\u00f3 244 mil 212 viajeros.<\/p>\n<p>En cuanto a la derrama econ\u00f3mica, informe del \u00e1rea de Estudios e Investigaci\u00f3n de la Oficina de Visitantes y Convenciones de Riviera Nayarit (OVC) indica que, en este periodo \u2013del 1\u00b0 de julio al 8 de agosto\u2013 la captaci\u00f3n fue de 183 millones 164 mil 161 d\u00f3lares, 15.5 por ciento m\u00e1s que en 2019, cuando se registr\u00f3 derrama econ\u00f3mica de 158 millones, 617 mil 185 d\u00f3lares.<\/p>\n<p>\u201cLas cifras confirman las expectativas e indican que la recuperaci\u00f3n econ\u00f3mica sigue avanzando ya que casi se alcanzan los n\u00fameros obtenidos antes de la pandemia de Covid-19\u201d, se\u00f1al\u00f3 <strong>Jes\u00fas Carmona Jim\u00e9nez<\/strong>, presidente de la Asociaci\u00f3n de Hoteles y Moteles de Bah\u00eda de Banderas y de la Oficina de Visitantes y Convenciones de Riviera Nayarit (OVC).<\/p>\n<p>El destino, agreg\u00f3, \u201cse ha mantenido en la mente de los viajeros y fue uno de los favoritos para vacacionar en las fechas mencionadas, pese a que por disposici\u00f3n oficial los hoteles\u00a0 operan al 70 por ciento de su capacidad. Tambi\u00e9n ha estado en la mente de los inversionistas, ya que de 2019 a 2021 tenemos 12 por ciento m\u00e1s de habitaciones hoteleras, tan solo en Bah\u00eda de Banderas.<\/p>\n<p>El presidente de los hoteleros indic\u00f3 que hay estrecha relaci\u00f3n entre la OVC y las asociaciones de hoteles de Bah\u00eda de Banderas, Compostela y San Blas, la cual se ha enfocado en la recuperaci\u00f3n del turismo. Para esto, se han establecido lineamientos a seguir para enfrentar los retos y superar la situaci\u00f3n actual, reiterando su posici\u00f3n como destinos seguros y preparados para recibir a los turistas.<\/p>\n<p>Recalc\u00f3 que hasta el mes de septiembre de 2021 el inventario de habitaciones en Riviera Nayarit es de 19 mil 902 habitaciones, siendo Bah\u00eda de Banderas el municipio con m\u00e1s establecimientos hoteleros, al contar con 14 mil 398.<\/p>\n<p>Riviera Nayarit es destino seguro. Los hoteles y restaurantes siguen todos los protocolos sanitarios establecidos por la Secretar\u00eda de Salud del Gobierno Federal y operan a la capacidad permitida; el acceso a las playas es limitado. S\u00e9 un turista responsable, utiliza el cubrebocas y cuida tu distancia.<strong>\u00a0<\/strong><\/p>\n<p>\u2730\u2730\u2730\u2730\u2730 <em>American Airlines<\/em> tiene nuevo acuerdo de c\u00f3digo compartido con <em>IndiGo,<\/em> la aerol\u00ednea de India, lo que colocar\u00e1 a la norteamericana en 29 de las rutas nacionales de <em>IndiGo<\/em>, dando opci\u00f3n para los clientes de <em>American<\/em> que lleguen en los nuevos vuelos de la aerol\u00ednea en Bangalore y Delhi, India.<\/p>\n<p>El c\u00f3digo compartido, que requerir\u00e1 aprobaci\u00f3n de los gobiernos de EU e India, iniciar\u00e1 el 31 de octubre, cuando la norteamericana lance nuevo servicio entre Nueva York y Delhi, y entre Seattle y Bengaluru, India el 4 de enero de 2022.<\/p>\n<p><strong>Vasu Raja<\/strong>, <em>Chief Renevue<\/em> <em>Officer<\/em> de la aerol\u00ednea de bandera estadounidense dijo: \u201cestamos emocionados por agregar a <em>IndiGo<\/em> como nuestro socio de confianza en la India. Ya sea para clientes de negocios o placer, este acuerdo facilita el acceso a los cuatro rincones de la India. Estamos agregando 29 nuevas rutas a nuestro mapa como resultado de este acuerdo y m\u00e1s opciones alrededor del mundo\u201d.<\/p>\n<p>Cuando inicie el c\u00f3digo compartido, los miembros del programa de lealtad <em>AAdvantage <\/em>acumular\u00e1n millas y quienes a\u00fan no son miembros del programa pueden inscribirse en l\u00ednea y disfrutar los beneficios de inmediato.<\/p>\n<p><strong>Ronojoy Dutta<\/strong>, director ejecutivo de la compa\u00f1\u00eda hind\u00fa se\u00f1al\u00f3: \u201cconfiamos en que esta ser\u00e1 s\u00f3lida asociaci\u00f3n que crear\u00e1 muchas oportunidades para el comercio y el turismo a trav\u00e9s de la perfecta conectividad nacional de <em>IndiGo.<\/em> Esperamos tener pronto nuevos viajeros volando en nuestros aviones, ya que les ofrecemos experiencia de viaje puntual, asequible, cort\u00e9s y sin complicaciones\u201d.<\/p>\n<p>&nbsp;<\/p>\n<blockquote>\n<p style=\"text-align: right;\">\u201c<strong>El<\/strong> <strong>\u00e1ngel de la fama tiene sus alas hechas de papel&#8230; peri\u00f3dico\u201d.<br \/>\n<\/strong><\/p>\n<\/blockquote>\n<p>&nbsp;<\/p>\n<p><em><span class=\"Apple-converted-space\"><a href=\"mailto:victoriagprado@gmail.com\" target=\"_blank\" rel=\"noopener noreferrer\">victoriagprado@gmail.com<\/a><br \/>\nTwitter: <a href=\"https:\/\/twitter.com\/victoriagprado\" target=\"_blank\" rel=\"noopener noreferrer\">@victoriagprado<\/a><\/span><\/em><\/p>\n","protected":false},"excerpt":{"rendered":"<p><strong>Brayan Arturo P\u00e9rez Morales<\/strong>, gan\u00f3 el primer lugar del concurso \u201cLa patata marciana\u201d, que tuvo lugar en Alcal\u00e1 de Henares, Espa\u00f1a. <strong>Brayan<\/strong> es estudiante de la licenciatura en Gastronom\u00eda y tesista del Centro de Investigaci\u00f3n y Capacitaci\u00f3n en Gastronom\u00eda,<\/p>\n","protected":false},"author":3,"featured_media":522559,"comment_status":"open","ping_status":"open","sticky":false,"template":"","format":"standard","meta":{"_monsterinsights_skip_tracking":false,"_monsterinsights_sitenote_active":false,"_monsterinsights_sitenote_note":"","_monsterinsights_sitenote_category":0,"footnotes":""},"categories":[11],"tags":[107,43674,43681,106],"class_list":["post-522467","post","type-post","status-publish","format-standard","has-post-thumbnail","hentry","category-turismo","tag-de-cinco-estrellas","tag-opinion","tag-turismo","tag-victoria-gonzalez-prado"],"_links":{"self":[{"href":"https:\/\/www.diarioimagen.net\/index.php?rest_route=\/wp\/v2\/posts\/522467","targetHints":{"allow":["GET"]}}],"collection":[{"href":"https:\/\/www.diarioimagen.net\/index.php?rest_route=\/wp\/v2\/posts"}],"about":[{"href":"https:\/\/www.diarioimagen.net\/index.php?rest_route=\/wp\/v2\/types\/post"}],"author":[{"embeddable":true,"href":"https:\/\/www.diarioimagen.net\/index.php?rest_route=\/wp\/v2\/users\/3"}],"replies":[{"embeddable":true,"href":"https:\/\/www.diarioimagen.net\/index.php?rest_route=%2Fwp%2Fv2%2Fcomments&post=522467"}],"version-history":[{"count":0,"href":"https:\/\/www.diarioimagen.net\/index.php?rest_route=\/wp\/v2\/posts\/522467\/revisions"}],"wp:featuredmedia":[{"embeddable":true,"href":"https:\/\/www.diarioimagen.net\/index.php?rest_route=\/wp\/v2\/media\/522559"}],"wp:attachment":[{"href":"https:\/\/www.diarioimagen.net\/index.php?rest_route=%2Fwp%2Fv2%2Fmedia&parent=522467"}],"wp:term":[{"taxonomy":"category","embeddable":true,"href":"https:\/\/www.diarioimagen.net\/index.php?rest_route=%2Fwp%2Fv2%2Fcategories&post=522467"},{"taxonomy":"post_tag","embeddable":true,"href":"https:\/\/www.diarioimagen.net\/index.php?rest_route=%2Fwp%2Fv2%2Ftags&post=522467"}],"curies":[{"name":"wp","href":"https:\/\/api.w.org\/{rel}","templated":true}]}}