{"id":522474,"date":"2021-10-01T00:15:48","date_gmt":"2021-10-01T05:15:48","guid":{"rendered":"https:\/\/www.diarioimagen.net\/?p=522474"},"modified":"2021-10-01T05:11:16","modified_gmt":"2021-10-01T10:11:16","slug":"cuales-feministas","status":"publish","type":"post","link":"https:\/\/www.diarioimagen.net\/?p=522474","title":{"rendered":"\u00bfCu\u00e1les feministas?"},"content":{"rendered":"<h2>Por la Derecha..!<\/h2>\n<h5>Luis \u00c1ngel Garc\u00eda<\/h5>\n<p>&nbsp;<\/p>\n<p>Cuando se ve en los medios las im\u00e1genes cada vez m\u00e1s recurrentes de embozadas y an\u00f3nimas \u201cfeministas\u201d que agreden lo mismo a inermes mujeres polic\u00edas que a ciudadanos indefensos, se puede parafrasear a un agredido ex presidente Luis Echeverr\u00eda que dec\u00eda a sus sordos interlocutores en CU, \u201cj\u00f3venes del coro f\u00e1cil, as\u00ed actuaban las juventudes fascistas de Hitler y Mussolini\u201d; m\u00e1s que mujeres revolucionarias, reivindicadoras sociales de las causas populares, estas seudo anarquistas parecen v\u00e1ndalos comunes y corrientes, emisarias de la ultra reacci\u00f3n.<\/p>\n<p>No nos confundamos, la izquierda tambi\u00e9n puede ser reaccionaria y fomentar la violencia; aparentar con su excesiva agresividad que se busca desestabilizar al Estado para imponer un nuevo orden donde se dignifique a la mujer. Pero su actitud beligerante s\u00f3lo alienta la provocaci\u00f3n que invite a la represi\u00f3n, lo que menos importa es dar voz a las de su g\u00e9nero. Las nuevas <em>anonymous<\/em> de cuarta, falsas anarquistas retan al gobierno bajo banderas aparentemente progresistas e incluyentes, defensoras de la mujer, a sabiendas de que esta administraci\u00f3n solapar\u00e1 todas sus agresiones porque, hasta hace no mucho, eran sus c\u00f3mplices y justificaban su beligerancia contra los reg\u00edmenes priistas o panistas. Estas aprendices de bolcheviques saben que la 4T no es partidaria de la pol\u00edtica represora al estilo del estalinismo, aunque practique otros muchos de los defectos del \u201czar rojo\u201d.<\/p>\n<p>Las verdaderas feministas que marcharon de blanco en 2001 por la paz y denunciaron las agresiones a las mujeres; las mismas que se sumaron, contra el abuso sexual, al movimiento <em>me too<\/em>; que protestaron por la falta de reconocimiento a la funci\u00f3n social de la mujer en el trabajo o el hogar y convocaron a un paro nacional para no ir a laborar, estudiar, hacer labores dom\u00e9sticas o cuidar hijos bajo el lema \u201cel nueve ninguna se mueve\u201d; que mostraron su indignaci\u00f3n por los feminicidios y la violencia intrafamiliar, permitieron que se infiltraran estos grup\u00fasculos en sus marchas y m\u00edtines con el consecuente descr\u00e9dito para sus leg\u00edtimas demandas.<\/p>\n<p>Bajo el cobarde anonimato, estas provocadoras se han dedicado a destruir monumentos que forman parte del patrimonio cultural del pa\u00eds, da\u00f1ar negocios y comercios, destrozar el mobiliario urbano y las se\u00f1alizaciones, quemar carros de bomberos, estaciones del transporte p\u00fablico, edificios e instalaciones gubernamentales o de polic\u00eda, agredir a funcionarios y a un secretario de Seguridad Ciudadana que fue ba\u00f1ado con diamantina. El pretexto es siempre el mismo, protestar aparentemente por la violencia, los feminicidios, el aborto y causas feministas. El gobierno encubre los actos vand\u00e1licos y propicia los abusos y malos tratos a sus polic\u00edas, sobre todo las uniformadas. Con el brete de que las autoridades no son represoras, ridiculizan la funci\u00f3n policial que se reduce al acompa\u00f1amiento de las violentas y resistir el embate de esas anarquistas, agresiones que incluyen el uso de sopletes, martillos y metales. El gobierno le da la espalda al uso leg\u00edtimo de la fuerza para no parecer estalinista, pero eso s\u00f3lo debilita el Estado de derecho.<\/p>\n<p>Para evitar que se pierda la gobernanza, deben ser las aut\u00e9nticas feministas quienes expulsen a las ultras, no permitir que se contaminen sus causas, ejercer su empoderamiento aut\u00e9ntico para exigir el freno a la violencia contra ellas. Por su parte, el gobierno debe abandonar su hip\u00f3crita careta de no represor y asumir su responsabilidad de proteger la vida y patrimonio de los ciudadanos, que incluye la integridad de las mujeres polic\u00edas y su equipamiento.<\/p>\n<p>La violencia no se combate con m\u00e1s violencia, ni puede ser causa desestabilizadora. Cierto, las seudo anarquistas se parecen m\u00e1s a las juventudes fascistas, ese coro f\u00e1cil, que tanto denunciaba Echeverr\u00eda.<\/p>\n","protected":false},"excerpt":{"rendered":"<p><span style=\"color: #005497;\"><strong>Luis \u00c1ngel Garc\u00eda<\/strong><\/span><br \/>\n<br \/>\nCuando se ve en los medios las im\u00e1genes cada vez m\u00e1s recurrentes de embozadas y an\u00f3nimas \u201cfeministas\u201d que agreden lo mismo a inermes mujeres polic\u00edas que a ciudadanos indefensos, se puede parafrasear a un agredido ex presidente Luis Echeverr\u00eda que dec\u00eda a sus sordos interlocutores en CU, \u201cj\u00f3venes del coro f\u00e1cil, as\u00ed actuaban las juventudes fascistas de Hitler y Mussolini\u201d; m\u00e1s que mujeres revolucionarias, reivindicadoras sociales de las causas populares, estas seudo anarquistas parecen v\u00e1ndalos comunes y corrientes, emisarias de la ultra reacci\u00f3n.<\/p>\n","protected":false},"author":3,"featured_media":0,"comment_status":"open","ping_status":"open","sticky":false,"template":"","format":"standard","meta":{"_monsterinsights_skip_tracking":false,"_monsterinsights_sitenote_active":false,"_monsterinsights_sitenote_note":"","_monsterinsights_sitenote_category":0,"footnotes":""},"categories":[92115],"tags":[92117,43674,92116],"class_list":["post-522474","post","type-post","status-publish","format-standard","hentry","category-luis-angel-garcia","tag-luis-angel-garcia","tag-opinion","tag-por-la-derecha"],"_links":{"self":[{"href":"https:\/\/www.diarioimagen.net\/index.php?rest_route=\/wp\/v2\/posts\/522474","targetHints":{"allow":["GET"]}}],"collection":[{"href":"https:\/\/www.diarioimagen.net\/index.php?rest_route=\/wp\/v2\/posts"}],"about":[{"href":"https:\/\/www.diarioimagen.net\/index.php?rest_route=\/wp\/v2\/types\/post"}],"author":[{"embeddable":true,"href":"https:\/\/www.diarioimagen.net\/index.php?rest_route=\/wp\/v2\/users\/3"}],"replies":[{"embeddable":true,"href":"https:\/\/www.diarioimagen.net\/index.php?rest_route=%2Fwp%2Fv2%2Fcomments&post=522474"}],"version-history":[{"count":0,"href":"https:\/\/www.diarioimagen.net\/index.php?rest_route=\/wp\/v2\/posts\/522474\/revisions"}],"wp:attachment":[{"href":"https:\/\/www.diarioimagen.net\/index.php?rest_route=%2Fwp%2Fv2%2Fmedia&parent=522474"}],"wp:term":[{"taxonomy":"category","embeddable":true,"href":"https:\/\/www.diarioimagen.net\/index.php?rest_route=%2Fwp%2Fv2%2Fcategories&post=522474"},{"taxonomy":"post_tag","embeddable":true,"href":"https:\/\/www.diarioimagen.net\/index.php?rest_route=%2Fwp%2Fv2%2Ftags&post=522474"}],"curies":[{"name":"wp","href":"https:\/\/api.w.org\/{rel}","templated":true}]}}