{"id":522477,"date":"2021-10-01T00:01:09","date_gmt":"2021-10-01T05:01:09","guid":{"rendered":"https:\/\/www.diarioimagen.net\/?p=522477"},"modified":"2021-10-01T07:18:26","modified_gmt":"2021-10-01T12:18:26","slug":"urge-recuperar-grandeza-industrial-de-naucalpan-david-parra-sanchez","status":"publish","type":"post","link":"https:\/\/www.diarioimagen.net\/?p=522477","title":{"rendered":"Urge recuperar grandeza industrial de Naucalpan: David Parra S\u00e1nchez"},"content":{"rendered":"<p>&nbsp;<\/p>\n<ul>\n<li><strong><em>Incertidumbre en el sector productivo<\/em><\/strong><\/li>\n<\/ul>\n<p>&nbsp;<\/p>\n<div id=\"attachment_522582\" style=\"width: 470px\" class=\"wp-caption aligncenter\"><a href=\"https:\/\/www.diarioimagen.net\/?attachment_id=522582\" rel=\"attachment wp-att-522582\"><img loading=\"lazy\" decoding=\"async\" aria-describedby=\"caption-attachment-522582\" class=\"size-full wp-image-522582\" src=\"https:\/\/www.diarioimagen.net\/wp-content\/uploads\/2021\/10\/naucalpan.jpg\" alt=\"\" width=\"460\" height=\"270\" \/><\/a><p id=\"caption-attachment-522582\" class=\"wp-caption-text\">David Parra S\u00e1nchez, diputado local por el Estado de M\u00e9xico, llam\u00f3 a recuperar la grandeza de Naucalpan.<\/p><\/div>\n<p>&nbsp;<\/p>\n<p><strong>Naucalpan, Estado de M\u00e9xico<\/strong>.- \u201cNecesitamos recuperar la grandeza de Naucalpan y llevarlo al lugar en donde estuvo por su auge industrial\u201d, sostuvo, David Parra S\u00e1nchez, diputado local por el Estado de M\u00e9xico.<\/p>\n<p>Reconoci\u00f3 precisamente esa grandeza, en donde el municipio dijo, fue el n\u00famero uno de Am\u00e9rica Latina y de M\u00e9xico y que lamentablemente \u201cse ha perdido toda esa competitividad por los malos gobiernos que han administrado la demarcaci\u00f3n y esa es una realidad\u201d.<\/p>\n<p>En ese sentido, estim\u00f3 que es necesario reactivar la econom\u00eda, recuperar los parques Industriales que se encuentran en el abandono, los cuales est\u00e1n ubicados estrat\u00e9gicamente en el mejor lugar del pa\u00eds.<\/p>\n<p>Deplor\u00f3 que las inversiones en el municipio se han ido por falta de seguridad, toda vez que no hay confianza y tampoco se le genera certidumbre al sector productivo, \u201clas cuales se van a causa de este tema y a las briboner\u00edas de las autoridades\u201d.<\/p>\n<p>Al ser entrevistado tras la inauguraci\u00f3n de las oficinas de Atenci\u00f3n Ciudadana de los Distritos 030 y 032 del Edom\u00e9x en la sede del Comit\u00e9 Municipal del PRI, Parra S\u00e1nchez a\u00f1adi\u00f3 tambi\u00e9n recuperar la cultura del medio ambiente.<\/p>\n<p>\u201cNaucalpan es un municipio donde a la ecolog\u00eda no le han dado la importancia que merece y ocupa; hay muchos tiraderos al aire libre, hay contaminaci\u00f3n de cuerpos de agua, y eso ya no puede estar ocurriendo, hay muchos ojos de gua que est\u00e1n secos\u201d, apunt\u00f3.<\/p>\n<p>Subray\u00f3 que en la legislatura habr\u00e1n de proponer leyes con sentido humano, pero tambi\u00e9n en temas de car\u00e1cter social, a la vez de los ecol\u00f3gicos como el envenenamiento de los cuerpos de agua.<\/p>\n<p>Manifest\u00f3 la preocupaci\u00f3n latente de la grave contaminaci\u00f3n en la Presa Mad\u00edn, los 34 tiraderos de desechos al aire libre, la falta de movilidad y de mantenimiento urbano.<\/p>\n<p>Acot\u00f3 del fuerte trabajo que requiere el municipio, en el que tres a\u00f1os no es suficiente para planear, desarrollar y ejecutar proyectos de mediano y largo plazo, y que \u201ccada gobernante que llegue asuma su rol social y empiece a recuperar el Naucalpan en el que vivimos nosotros\u201d.<\/p>\n<p>Al referirse al endeudamiento p\u00fablico que documenta el gobierno de Naucalpan, asever\u00f3 que ser\u00e1 cuesti\u00f3n de la presidenta electa a resolver el tema, sin embargo, indic\u00f3 que desde el congreso tratar\u00e1n de \u201cjalar recursos del estado\u201d para que el gobierno municipal tenga mayor solvencia.<\/p>\n","protected":false},"excerpt":{"rendered":"<p>\u201cNecesitamos recuperar la grandeza de Naucalpan y llevarlo al lugar en donde estuvo por su auge industrial\u201d, sostuvo, David Parra S\u00e1nchez, diputado local por el Estado de M\u00e9xico.<\/p>\n","protected":false},"author":3,"featured_media":522582,"comment_status":"open","ping_status":"open","sticky":false,"template":"","format":"standard","meta":{"_monsterinsights_skip_tracking":false,"_monsterinsights_sitenote_active":false,"_monsterinsights_sitenote_note":"","_monsterinsights_sitenote_category":0,"footnotes":""},"categories":[5],"tags":[29035,43675,970],"class_list":["post-522477","post","type-post","status-publish","format-standard","has-post-thumbnail","hentry","category-estado-de-mexico","tag-david-parra-sanchez","tag-estado-de-mexico","tag-naucalpan"],"_links":{"self":[{"href":"https:\/\/www.diarioimagen.net\/index.php?rest_route=\/wp\/v2\/posts\/522477","targetHints":{"allow":["GET"]}}],"collection":[{"href":"https:\/\/www.diarioimagen.net\/index.php?rest_route=\/wp\/v2\/posts"}],"about":[{"href":"https:\/\/www.diarioimagen.net\/index.php?rest_route=\/wp\/v2\/types\/post"}],"author":[{"embeddable":true,"href":"https:\/\/www.diarioimagen.net\/index.php?rest_route=\/wp\/v2\/users\/3"}],"replies":[{"embeddable":true,"href":"https:\/\/www.diarioimagen.net\/index.php?rest_route=%2Fwp%2Fv2%2Fcomments&post=522477"}],"version-history":[{"count":0,"href":"https:\/\/www.diarioimagen.net\/index.php?rest_route=\/wp\/v2\/posts\/522477\/revisions"}],"wp:featuredmedia":[{"embeddable":true,"href":"https:\/\/www.diarioimagen.net\/index.php?rest_route=\/wp\/v2\/media\/522582"}],"wp:attachment":[{"href":"https:\/\/www.diarioimagen.net\/index.php?rest_route=%2Fwp%2Fv2%2Fmedia&parent=522477"}],"wp:term":[{"taxonomy":"category","embeddable":true,"href":"https:\/\/www.diarioimagen.net\/index.php?rest_route=%2Fwp%2Fv2%2Fcategories&post=522477"},{"taxonomy":"post_tag","embeddable":true,"href":"https:\/\/www.diarioimagen.net\/index.php?rest_route=%2Fwp%2Fv2%2Ftags&post=522477"}],"curies":[{"name":"wp","href":"https:\/\/api.w.org\/{rel}","templated":true}]}}