{"id":522481,"date":"2021-10-01T00:04:24","date_gmt":"2021-10-01T05:04:24","guid":{"rendered":"https:\/\/www.diarioimagen.net\/?p=522481"},"modified":"2021-10-01T07:11:14","modified_gmt":"2021-10-01T12:11:14","slug":"refuerza-tlalnepantla-acciones-contra-trabajo-infantil-y-adolescente","status":"publish","type":"post","link":"https:\/\/www.diarioimagen.net\/?p=522481","title":{"rendered":"Refuerza Tlalnepantla acciones contra trabajo infantil y adolescente"},"content":{"rendered":"<p>&nbsp;<\/p>\n<p><a href=\"https:\/\/www.diarioimagen.net\/?attachment_id=522571\" rel=\"attachment wp-att-522571\"><img loading=\"lazy\" decoding=\"async\" class=\"aligncenter size-full wp-image-522571\" src=\"https:\/\/www.diarioimagen.net\/wp-content\/uploads\/2021\/10\/tlalnepantla.jpg\" alt=\"\" width=\"460\" height=\"270\" \/><\/a><\/p>\n<p>&nbsp;<\/p>\n<p><strong>Tlalnepantla, Estado de M\u00e9xico<\/strong><strong>.-<\/strong> El gobierno de Tlalnepantla realiz\u00f3 38 actividades durante la \u201cSemana de prevenci\u00f3n para la eliminaci\u00f3n del trabajo infantil y adolescente\u201d con el fin de mitigar y erradicar las condiciones que favorecen su existencia y promover el respeto de los derechos de las ni\u00f1as, ni\u00f1os y adolescentes.<\/p>\n<p>En la Primera Sesi\u00f3n Ordinaria del Comit\u00e9 Municipal para la Erradicaci\u00f3n del Trabajo Infantil, encabezada por el Presidente Municipal Raciel P\u00e9rez Cruz, se inform\u00f3 que estas actividades se realizaron del 28 de junio al 2 de julio, con el apoyo de asociaciones civiles y diversas dependencias de la administraci\u00f3n municipal.<\/p>\n<p>Durante la sesi\u00f3n virtual, el Edil explic\u00f3 que se realizaron tres recorridos con intervenci\u00f3n cultural y orientaci\u00f3n jur\u00eddica en cruceros urbanos para invitar a ni\u00f1as, ni\u00f1os y adolescentes a participar en cursos, talleres y pl\u00e1ticas de los Clubes de Habilidades para la Vida (CHAVIS) del Sistema Municipal para el Desarrollo Integral de la Familia (SMDIF).<\/p>\n","protected":false},"excerpt":{"rendered":"<p>El gobierno de Tlalnepantla realiz\u00f3 38 actividades durante la \u201cSemana de prevenci\u00f3n para la eliminaci\u00f3n del trabajo infantil y adolescente\u201d con el fin de mitigar y erradicar las condiciones que favorecen su existencia y promover el respeto de los derechos de las ni\u00f1as, ni\u00f1os y adolescentes.<\/p>\n","protected":false},"author":3,"featured_media":522571,"comment_status":"open","ping_status":"open","sticky":false,"template":"","format":"standard","meta":{"_monsterinsights_skip_tracking":false,"_monsterinsights_sitenote_active":false,"_monsterinsights_sitenote_note":"","_monsterinsights_sitenote_category":0,"footnotes":""},"categories":[5],"tags":[46009,43675,81517,169],"class_list":["post-522481","post","type-post","status-publish","format-standard","has-post-thumbnail","hentry","category-estado-de-mexico","tag-acciones","tag-estado-de-mexico","tag-raciel-perez-cruz","tag-tlalnepantla"],"_links":{"self":[{"href":"https:\/\/www.diarioimagen.net\/index.php?rest_route=\/wp\/v2\/posts\/522481","targetHints":{"allow":["GET"]}}],"collection":[{"href":"https:\/\/www.diarioimagen.net\/index.php?rest_route=\/wp\/v2\/posts"}],"about":[{"href":"https:\/\/www.diarioimagen.net\/index.php?rest_route=\/wp\/v2\/types\/post"}],"author":[{"embeddable":true,"href":"https:\/\/www.diarioimagen.net\/index.php?rest_route=\/wp\/v2\/users\/3"}],"replies":[{"embeddable":true,"href":"https:\/\/www.diarioimagen.net\/index.php?rest_route=%2Fwp%2Fv2%2Fcomments&post=522481"}],"version-history":[{"count":0,"href":"https:\/\/www.diarioimagen.net\/index.php?rest_route=\/wp\/v2\/posts\/522481\/revisions"}],"wp:featuredmedia":[{"embeddable":true,"href":"https:\/\/www.diarioimagen.net\/index.php?rest_route=\/wp\/v2\/media\/522571"}],"wp:attachment":[{"href":"https:\/\/www.diarioimagen.net\/index.php?rest_route=%2Fwp%2Fv2%2Fmedia&parent=522481"}],"wp:term":[{"taxonomy":"category","embeddable":true,"href":"https:\/\/www.diarioimagen.net\/index.php?rest_route=%2Fwp%2Fv2%2Fcategories&post=522481"},{"taxonomy":"post_tag","embeddable":true,"href":"https:\/\/www.diarioimagen.net\/index.php?rest_route=%2Fwp%2Fv2%2Ftags&post=522481"}],"curies":[{"name":"wp","href":"https:\/\/api.w.org\/{rel}","templated":true}]}}