{"id":522490,"date":"2021-10-01T00:04:59","date_gmt":"2021-10-01T05:04:59","guid":{"rendered":"https:\/\/www.diarioimagen.net\/?p=522490"},"modified":"2021-10-01T05:41:41","modified_gmt":"2021-10-01T10:41:41","slug":"aumento-en-bienestar","status":"publish","type":"post","link":"https:\/\/www.diarioimagen.net\/?p=522490","title":{"rendered":"Aumento en Bienestar"},"content":{"rendered":"<h2>Desde el portal<\/h2>\n<h5>\u00c1ngel Soriano<\/h5>\n<p>&nbsp;<\/p>\n<p>El secretario de Bienestar, Javier May, inform\u00f3 que en 2022 el presupuesto federal dedicado a grupos vulnerables ser\u00e1 de 289,000 millones de pesos, cifra muy superior a la de a\u00f1os y administraciones pasadas con lo cual se privilegiar\u00e1 a los que menos tienen, contrariamente a lo que ocurr\u00eda antes, que se daba preferencia a grupos privilegiados.<\/p>\n<p>Esa es la diferencia, de acuerdo al gobierno de la IV Transformaci\u00f3n, hoy el presupuesto va hacia abajo, no hacia arriba, en el que una minor\u00eda de privilegiados se beneficiaba de los recursos p\u00fablicos mediante obras con costos inflados, concesiones u organismos presuntamente aut\u00f3nomos e independientes mediante los cuales ten\u00edan acceso a los recursos p\u00fablicos.<\/p>\n<p>El presidente Andr\u00e9s Manuel L\u00f3pez Obrador ha dicho que no s\u00f3lo se mantendr\u00e1n los programas sociales, sino que se terminar\u00e1n las megaobras en marcha: el Aeropuerto de Santa Luc\u00eda, refiner\u00eda Dos Bocas, corredor trans\u00edstmico, lo que permitir\u00e1 detonar la econom\u00eda regional y la del pa\u00eds.<\/p>\n<p>Desde luego, estamos a unos meses para ver si esto ser\u00e1 realidad: la conclusi\u00f3n, primero, de los megaproyectos y su funcionamiento y rentabilidad y la permanencia de los programas sociales que han alcanzado rango constitucional y los cuales ser\u00e1 dif\u00edcil que se den marcha atr\u00e1s, para que, efectivamente, la transformaci\u00f3n se convierta en realidad.<\/p>\n<p style=\"text-align: center;\"><strong>Turbulencias<br \/>\nAznar en la pol\u00e9mica hist\u00f3rica<\/strong><\/p>\n<p>El ex jefe del gobierno espa\u00f1ol Jos\u00e9 Mar\u00eda Aznar entr\u00f3 en otra de las muchas pol\u00e9micas en la que ha metido en diversos sectores de la sociedad el presidente Andr\u00e9s Manuel L\u00f3pez Obrador, al se\u00f1alar que no pedir\u00e1 perd\u00f3n por las atrocidades que los conquistadores cometieron en nuestro pa\u00eds y enumer\u00f3 los hechos contempor\u00e1neos que permiten consolidar el perfil actual de Am\u00e9rica Latina. A su regreso de la regi\u00f3n yaqui, donde estuvo acompa\u00f1ado del ex candidato presidencial Cuauht\u00e9moc C\u00e1rdenas, el presidente L\u00f3pez Obrador se mostr\u00f3 satisfecho de haber pedido perd\u00f3n a los yaquis v\u00edctimas del gobierno porfirista en la cual se cometieron muchos atropellos a los derechos humanos. Se ignora cu\u00e1l ser\u00e1 el destino de nuestra y la historia de la conquista en M\u00e9xico y en Am\u00e9rica, pero lo que s\u00ed es una realidad es que el debate sigue abierto\u2026 Tambi\u00e9n contin\u00faa la pol\u00e9mica sobre la aplicaci\u00f3n de las vacunas a los menores de edad, que aun cuando en algunos pa\u00edses est\u00e1n en marcha, en M\u00e9xico todav\u00eda vamos muy atr\u00e1s, pero que es necesaria su aplicaci\u00f3n una vez que en las escuelas del pa\u00eds se han reactivado las clases presenciales. Es importante atender la demanda de vacunas no s\u00f3lo en menores de edad, sino en la aplicaci\u00f3n para los diversos sectores de la sociedad pues estamos lejos de alcanzar la inmunidad de reba\u00f1o que es a lo que le apostaron los cient\u00edficos conductores del programa de vacunaci\u00f3n nacional. El \u00fanico instrumento comprobado como eficaz para combatir la pandemia es la vacunaci\u00f3n masiva y no se debe reparar en la adquisici\u00f3n de las mismas; sobre todo ahora que escasean otro tipo de medicamentos que demanda la poblaci\u00f3n infantil y que en algunas entidades los tienen embodegados con otros fines. El gobierno federal debe ser severo en el cumplimiento de los programas tendientes a garantizar la salud de la poblaci\u00f3n en general y dar preferencia a la adquisici\u00f3n de medicamentos para la pandemia y para otro tipo de comorbilidades\u2026<\/p>\n<p><u><a href=\"mailto:asorianocarrasco@yahoo.com\" target=\"_blank\" rel=\"noopener noreferrer\"><em>asorianocarrasco@yahoo.com<\/em><\/a><br \/>\n<em><a href=\"https:\/\/revistabrecha.com\" target=\"_blank\" rel=\"noopener noreferrer\">www.revistabrecha.com<\/a><br \/>\n<a href=\"https:\/\/twitter.com\/brecharevista\" target=\"_blank\" rel=\"noopener noreferrer\">@BrechaRevista<\/a><\/em><\/u><\/p>\n","protected":false},"excerpt":{"rendered":"<p><span style=\"color: #005497;\"><strong>\u00c1ngel Soriano<\/strong><\/span><\/p>\n","protected":false},"author":3,"featured_media":0,"comment_status":"open","ping_status":"open","sticky":false,"template":"","format":"standard","meta":{"_monsterinsights_skip_tracking":false,"_monsterinsights_sitenote_active":false,"_monsterinsights_sitenote_note":"","_monsterinsights_sitenote_category":0,"footnotes":""},"categories":[135],"tags":[85,86,43674],"class_list":["post-522490","post","type-post","status-publish","format-standard","hentry","category-angel-soriano-opinion","tag-angel-soriano","tag-desde-el-portal","tag-opinion"],"_links":{"self":[{"href":"https:\/\/www.diarioimagen.net\/index.php?rest_route=\/wp\/v2\/posts\/522490","targetHints":{"allow":["GET"]}}],"collection":[{"href":"https:\/\/www.diarioimagen.net\/index.php?rest_route=\/wp\/v2\/posts"}],"about":[{"href":"https:\/\/www.diarioimagen.net\/index.php?rest_route=\/wp\/v2\/types\/post"}],"author":[{"embeddable":true,"href":"https:\/\/www.diarioimagen.net\/index.php?rest_route=\/wp\/v2\/users\/3"}],"replies":[{"embeddable":true,"href":"https:\/\/www.diarioimagen.net\/index.php?rest_route=%2Fwp%2Fv2%2Fcomments&post=522490"}],"version-history":[{"count":0,"href":"https:\/\/www.diarioimagen.net\/index.php?rest_route=\/wp\/v2\/posts\/522490\/revisions"}],"wp:attachment":[{"href":"https:\/\/www.diarioimagen.net\/index.php?rest_route=%2Fwp%2Fv2%2Fmedia&parent=522490"}],"wp:term":[{"taxonomy":"category","embeddable":true,"href":"https:\/\/www.diarioimagen.net\/index.php?rest_route=%2Fwp%2Fv2%2Fcategories&post=522490"},{"taxonomy":"post_tag","embeddable":true,"href":"https:\/\/www.diarioimagen.net\/index.php?rest_route=%2Fwp%2Fv2%2Ftags&post=522490"}],"curies":[{"name":"wp","href":"https:\/\/api.w.org\/{rel}","templated":true}]}}