{"id":522491,"date":"2021-10-01T00:05:09","date_gmt":"2021-10-01T05:05:09","guid":{"rendered":"https:\/\/www.diarioimagen.net\/?p=522491"},"modified":"2021-10-01T05:42:52","modified_gmt":"2021-10-01T10:42:52","slug":"colombia-y-mexico-abismo","status":"publish","type":"post","link":"https:\/\/www.diarioimagen.net\/?p=522491","title":{"rendered":"Colombia y M\u00e9xico: abismo"},"content":{"rendered":"<h2>Perfil de M\u00e9xico<\/h2>\n<h5>Armando R\u00edos Ruiz<\/h5>\n<p>&nbsp;<\/p>\n<p>Entre las pol\u00edticas concebidas por los encargados de combatir el gigantesco problema de narcotr\u00e1fico que persiste en Colombia desde tiempo inmemorial y en M\u00e9xico, mucho m\u00e1s reciente en el mismo camino, hay un abismo insondable.<\/p>\n<p>Hace algunos a\u00f1os tuve el gusto de conocer al llamado zar antisecuestro en Colombia, Alberto Villamizar, en un restaurante de Washington, quien nos hablaba (a un grupo de amigos), del fen\u00f3meno y de su combate, nada f\u00e1cil, pero con \u00e9xito gracias al empe\u00f1o de algunos gobernantes y en el que tardaron m\u00e1s de 30 a\u00f1os en hacerle la vida posible a la poblaci\u00f3n. No obstante, la lucha contin\u00faa.<\/p>\n<p>De acuerdo con algunos historiadores, el narcotr\u00e1fico visto como un negocio de trascendencia universal, que ha generado miles y miles de millones de d\u00f3lares, inici\u00f3 en el mundo en la segunda mitad del siglo antepasado. Un ingl\u00e9s se encarg\u00f3 de sacar el opio de China y de iniciar su venta en muchos otros pa\u00edses. El siglo pasado tuvieron que ver con el trasiego clandestino, personajes reconocidos de la pol\u00edtica estadounidense, como Henry Kissinger, entre muchos otros.<\/p>\n<p>As\u00ed lo revela el libro denominado <em>Narcotr\u00e1fico, S.A. La nueva guerra del opio,<\/em> de Lyndon H. LaRouche y su equipo de valientes investigadores, que tuvieron que enfrentar durante a\u00f1os, toda una andanada de amenazas provenientes tanto del bajo mundo como de su contraste, el pol\u00edtico, inmerso en las mismas pr\u00e1cticas deleznables. Inexplicablemente salvaron sus vidas, no obstante el implacable asedio.<\/p>\n<p>Otros que se han encargado del asunto, aseguran que el narcotr\u00e1fico alcanz\u00f3 su mayor auge en el pa\u00eds sudamericano, con el asesinato de Rodrigo Lara Bonilla, ministro de Justicia, consumado el 30 de abril de 1984, ordenado por Pablo Escobar Gaviria, l\u00edder del C\u00e1rtel de Medell\u00edn, entonces suplente en la C\u00e1mara de Representantes.<\/p>\n<p>En M\u00e9xico ya se dec\u00eda que nuestro pa\u00eds se <em>colombianizaba<\/em> a pasos gigantes, al grado de que poco despu\u00e9s, los mismos colombianos reconocieron que los mexicanos se hab\u00edan convertido en sus jefes y que sus c\u00e1rteles trabajaban para ellos. Hoy en d\u00eda, sin duda, el pa\u00eds azteca est\u00e1 convertido en uno de los principales de Am\u00e9rica Latina.<\/p>\n<p>En sus tiempos de Presidente, Trump nos se\u00f1al\u00f3 como la fuente de casi toda la hero\u00edna y la metanfetamina confiscada en el pa\u00eds del norte.<\/p>\n<p>Hoy, el fiscal General de Colombia, Francisco Barbosa Delgado, ha considerado que \u201clas estructuras criminales no pueden combatirse solamente en los niveles bajos de la cadena. \u201cSon los capos, porque adem\u00e1s hay que mandar un mensaje desde el punto m\u00e1s alto de la cadena diciendo que es posible romper las estructuras con los capos y con los bienes de extinci\u00f3n\u2026\u201d<\/p>\n<p>En su manera de ver el problema, \u201cal criminal se le debe perseguir, detener, sancionar, quitarle los bienes y no promover la reconciliaci\u00f3n con el narco. \u00bfA qu\u00e9 suena? Obviamente a un disentir profundo con las pol\u00edticas que se siguen en M\u00e9xico a partir de la actual administraci\u00f3n. Son conceptos vertidos en un gobierno que ha observado seguramente m\u00e1s experiencia que cualquiera otro en el tema.<\/p>\n<p>En los tiempos de Felipe Calder\u00f3n trajeron a un colombiano experimentado, para que diera sus mejores consejos y de esa forma ahorrarnos lo que a ese pa\u00eds le cost\u00f3 apaciguarlo para bien de sus habitantes. No lo aprovecharon. S\u00f3lo vino a pasear, a pesar de su intenci\u00f3n de poner en pr\u00e1ctica sus conocimientos.<\/p>\n<p>En estos tiempos, aqu\u00ed se ha urdido una estrategia, que m\u00e1s que parecer seria, es una burla a todos los mexicanos, incluidas las turbas de los que no creen m\u00e1s que a su Presidente: \u201cAbrazos, no balazos\u201d. S\u00f3lo provoca risa en otros pa\u00edses que tienen como tarea acabar con el problema de manera seria, frontal.<\/p>\n<p>Pero la estrategia es la estrategia y rendir\u00e1 frutos, seg\u00fan su inventor. No cambiar\u00e1 un mil\u00edmetro. Para emular puedo decir que COMO ANTES, las cosas siguen iguales, pero no es cierto. Han empeorado visible y alarmantemente.<\/p>\n<p>Los comerciantes de la droga ser\u00e1n respetados. Tambi\u00e9n aprovechados. Ha ocurrido desde que quien esto escribe tiene memoria.<\/p>\n<p><a href=\"mailto:ariosruiz@gmail.com\" target=\"_blank\" rel=\"noopener noreferrer\"><em>ariosruiz@gmail.com<\/em><\/a><\/p>\n","protected":false},"excerpt":{"rendered":"<p><span style=\"color: #005497;\"><strong>Armando R\u00edos Ruiz<\/strong><\/span><\/p>\n","protected":false},"author":3,"featured_media":0,"comment_status":"open","ping_status":"open","sticky":false,"template":"","format":"standard","meta":{"_monsterinsights_skip_tracking":false,"_monsterinsights_sitenote_active":false,"_monsterinsights_sitenote_note":"","_monsterinsights_sitenote_category":0,"footnotes":""},"categories":[88405],"tags":[88407,43674,91193],"class_list":["post-522491","post","type-post","status-publish","format-standard","hentry","category-armando-rios-ruiz","tag-armando-rios-ruiz","tag-opinion","tag-perfil-de-mexico"],"_links":{"self":[{"href":"https:\/\/www.diarioimagen.net\/index.php?rest_route=\/wp\/v2\/posts\/522491","targetHints":{"allow":["GET"]}}],"collection":[{"href":"https:\/\/www.diarioimagen.net\/index.php?rest_route=\/wp\/v2\/posts"}],"about":[{"href":"https:\/\/www.diarioimagen.net\/index.php?rest_route=\/wp\/v2\/types\/post"}],"author":[{"embeddable":true,"href":"https:\/\/www.diarioimagen.net\/index.php?rest_route=\/wp\/v2\/users\/3"}],"replies":[{"embeddable":true,"href":"https:\/\/www.diarioimagen.net\/index.php?rest_route=%2Fwp%2Fv2%2Fcomments&post=522491"}],"version-history":[{"count":0,"href":"https:\/\/www.diarioimagen.net\/index.php?rest_route=\/wp\/v2\/posts\/522491\/revisions"}],"wp:attachment":[{"href":"https:\/\/www.diarioimagen.net\/index.php?rest_route=%2Fwp%2Fv2%2Fmedia&parent=522491"}],"wp:term":[{"taxonomy":"category","embeddable":true,"href":"https:\/\/www.diarioimagen.net\/index.php?rest_route=%2Fwp%2Fv2%2Fcategories&post=522491"},{"taxonomy":"post_tag","embeddable":true,"href":"https:\/\/www.diarioimagen.net\/index.php?rest_route=%2Fwp%2Fv2%2Ftags&post=522491"}],"curies":[{"name":"wp","href":"https:\/\/api.w.org\/{rel}","templated":true}]}}