{"id":522507,"date":"2021-10-01T00:10:02","date_gmt":"2021-10-01T05:10:02","guid":{"rendered":"https:\/\/www.diarioimagen.net\/?p=522507"},"modified":"2021-10-04T04:05:33","modified_gmt":"2021-10-04T09:05:33","slug":"precisiones-de-margarita-zavala","status":"publish","type":"post","link":"https:\/\/www.diarioimagen.net\/?p=522507","title":{"rendered":"Precisiones de Margarita Zavala\u00a0"},"content":{"rendered":"<h2>De frente y de perfil<\/h2>\n<h5>Ram\u00f3n Zurita Sahag\u00fan<\/h5>\n<p>&nbsp;<\/p>\n<p>Siempre se ha cuestionado el por qu\u00e9 Margarita Zavala se neg\u00f3 a participar en tantos eventos en los que anunci\u00f3 concurrir\u00eda y, a final de cuentas, se retractaba y rechazaba su participaci\u00f3n.<\/p>\n<p>Se dijo que eran titubeos y desconfianza hacia recibir el rechazo ciudadano o de sus compa\u00f1eros militantes en el caso de la dirigencia nacional del partido y su eventual registro como aspirante a la candidatura presidencial.<\/p>\n<p>Es la misma Margarita que decidi\u00f3 participar como candidata uninominal y recibi\u00f3 la votaci\u00f3n m\u00e1s copiosa de los 300 candidatos a diputados federales que hubo en el pa\u00eds.<\/p>\n<p>La propia Margarita Zavala nos cuenta esta historia a prop\u00f3sito de una columna en la que destacamos que se renov\u00f3 para esta nueva aventura pol\u00edtica y narra c\u00f3mo fueron esos episodios del pasado.<\/p>\n<p>\u201cEn 2015 ped\u00ed ser candidata por la v\u00eda plurinominal y por mayor\u00eda relativa. Como el PAN de la Ciudad de M\u00e9xico me dijo que ya ten\u00eda todo arreglado, que no hab\u00eda espacio en las candidaturas de mayor\u00eda, que era mejor que pidiera una plurinominal porque era m\u00e1s f\u00e1cil que ah\u00ed s\u00ed me aprobaran; entonces, ped\u00ed la plurinominal y consegu\u00ed mis firmas, me prometieron apoyarme, pero le dieron a Cecilia Romero el espacio para el <em>yunque<\/em> y que el tercer lugar era para un personaje de Puebla que se llamaba Eukid (Casta\u00f1\u00f3n).\u00a0\u00a0(Gustavo) Madero me dijo un d\u00eda antes que \u201cno estaba en el \u00e1nimo del equipo\u201d y que no pod\u00eda ser por ninguna v\u00eda candidata.<\/p>\n<p>\u201cAl d\u00eda siguiente, Ricardo (Anaya) me pidi\u00f3 que me retirara porque no cre\u00eda que pod\u00eda ganar. Le dije que me sosten\u00eda porque varios me hab\u00edan dicho que me apoyaban. Como\u00a0sabes, no fui aceptada en las listas, claro que la votaci\u00f3n estuvo llena de vicios (a cada uno le dieron un plum\u00f3n diferente para votar, no se tachaba un nombre, sino que se ten\u00eda que escribir el candidato, y antes de iniciar tuvieron una junta previa para comentar los acuerdos). Ped\u00ed intervenir para dirigir un mensaje al CEN y me\u00a0lo\u00a0negaron.<\/p>\n<p>\u201cCuando volv\u00ed a\u00a0hablar con Ricardo (Anaya), me dijo que \u00e9l opinaba que no deber\u00eda ser candidata por mayor\u00eda porque me iban a gritar y eso no ayudar\u00eda al partido. En la ciudad de M\u00e9xico no hab\u00eda candidato por Iztapalapa, se lo ped\u00ed a Madero y me dijo que no, que ya hab\u00eda jugado por la v\u00eda plurinominal, y ya.<\/p>\n<p>\u201cEs decir, nunca se me ofreci\u00f3 una candidatura por mayor\u00eda relativa ni para el 2015. (Aclaro, m\u00e1s adelante, que tampoco para 2018, me dijo Diego de manera muy clara: no hay nada para ti ni para tu equipo).<\/p>\n<p>La historia no la cont\u00e9 en 2015 para no hacerle da\u00f1o al partido y porque tampoco quer\u00eda contar la manera en que me hab\u00eda tratado el PAN. En 2016 apoy\u00e9 m\u00e1s a las campa\u00f1as que el propio\u00a0jefe nacional y prohibieron que se pagaran\u00a0mis boletos de avi\u00f3n (as\u00ed de rid\u00edculo). Para el 2017 el trato fue entre rid\u00edculo y humillante, hasta que me sal\u00ed de un lugar donde ya no estaba. Tampoco narr\u00e9 mis pl\u00e1ticas con Ricardo (Anaya) y las rutas que propusimos, ni mucho menos lo resuelto por el grupo de Ricardo y Madero y que fue comunicado por Diego Fern\u00e1ndez de Cevallos. As\u00ed es que no tuve otra ruta que salirme de donde ya no estaba adentro,\u00a0me inici\u00e9 una ruta de mar adentro que no ha terminado, quiz\u00e1s\u201d.<\/p>\n<p>Esta narrativa me la hizo la propia Margarita Zavala G\u00f3mez del Campo que, tal vez, se tope nuevamente con Ricardo Anaya en la disputa presidencial, si es que el queretano supera los embates del aparato judicial.<\/p>\n<p style=\"text-align: center;\"><strong>*****\u00a0<\/strong><\/p>\n<p>Listas las Comisiones de la C\u00e1mara de Diputados, para que los presidentes asuman funciones. Destacan algunos legisladores que encabezar\u00e1n dichas comisiones: Manuel Gonz\u00e1lez continuar\u00e1 como presidente de Energ\u00eda; Erasmo Gonz\u00e1lez Robledo, Presupuesto y Cuenta P\u00fablica, se trata de dos diputados que fueron reelectos. Juan Ramiro Robledo presidir\u00e1 Puntos Constitucionales, Rub\u00e9n Gregorio Mu\u00f1oz, Recursos Hidr\u00e1ulicos; Alejandro Moreno C\u00e1rdenas, Gobernaci\u00f3n y Gabriela Sodi, Grupos Vulnerables. Asoma tambi\u00e9n el nombre de Carlos Ortiz Tejeda (conocido hacedor de discursos) como presidente de la Comisi\u00f3n de Cultura y Cinematograf\u00eda.<\/p>\n<p><a href=\"mailto:ramonzurita44@hotmail.com\" target=\"_blank\" rel=\"noopener noreferrer\"><em>ramonzurita44@hotmail.com<\/em><\/a><\/p>\n","protected":false},"excerpt":{"rendered":"<p><span style=\"color: #005497;\"><strong>Ram\u00f3n Zurita Sahag\u00fan<\/strong><\/span><br \/>\n<br \/>\nSiempre se ha cuestionado el por qu\u00e9 Margarita Zavala se neg\u00f3 a participar en tantos eventos en los que anunci\u00f3 concurrir\u00eda y, a final de cuentas, se retractaba y rechazaba su participaci\u00f3n.\u00a0<\/p>\n","protected":false},"author":3,"featured_media":0,"comment_status":"open","ping_status":"open","sticky":false,"template":"","format":"standard","meta":{"_monsterinsights_skip_tracking":false,"_monsterinsights_sitenote_active":false,"_monsterinsights_sitenote_note":"","_monsterinsights_sitenote_category":0,"footnotes":""},"categories":[234],"tags":[304,43674,43687],"class_list":["post-522507","post","type-post","status-publish","format-standard","hentry","category-ramon-zurita-sahagun","tag-de-frente-y-de-perfil","tag-opinion","tag-ramon-zurita-sahagun"],"_links":{"self":[{"href":"https:\/\/www.diarioimagen.net\/index.php?rest_route=\/wp\/v2\/posts\/522507","targetHints":{"allow":["GET"]}}],"collection":[{"href":"https:\/\/www.diarioimagen.net\/index.php?rest_route=\/wp\/v2\/posts"}],"about":[{"href":"https:\/\/www.diarioimagen.net\/index.php?rest_route=\/wp\/v2\/types\/post"}],"author":[{"embeddable":true,"href":"https:\/\/www.diarioimagen.net\/index.php?rest_route=\/wp\/v2\/users\/3"}],"replies":[{"embeddable":true,"href":"https:\/\/www.diarioimagen.net\/index.php?rest_route=%2Fwp%2Fv2%2Fcomments&post=522507"}],"version-history":[{"count":0,"href":"https:\/\/www.diarioimagen.net\/index.php?rest_route=\/wp\/v2\/posts\/522507\/revisions"}],"wp:attachment":[{"href":"https:\/\/www.diarioimagen.net\/index.php?rest_route=%2Fwp%2Fv2%2Fmedia&parent=522507"}],"wp:term":[{"taxonomy":"category","embeddable":true,"href":"https:\/\/www.diarioimagen.net\/index.php?rest_route=%2Fwp%2Fv2%2Fcategories&post=522507"},{"taxonomy":"post_tag","embeddable":true,"href":"https:\/\/www.diarioimagen.net\/index.php?rest_route=%2Fwp%2Fv2%2Ftags&post=522507"}],"curies":[{"name":"wp","href":"https:\/\/api.w.org\/{rel}","templated":true}]}}