{"id":522508,"date":"2021-10-01T00:12:04","date_gmt":"2021-10-01T05:12:04","guid":{"rendered":"https:\/\/www.diarioimagen.net\/?p=522508"},"modified":"2021-10-01T05:57:35","modified_gmt":"2021-10-01T10:57:35","slug":"sheinbaum-dice-si-a-monreal","status":"publish","type":"post","link":"https:\/\/www.diarioimagen.net\/?p=522508","title":{"rendered":"Sheinbaum dice s\u00ed a Monreal"},"content":{"rendered":"<h2>Tras la puerta del poder<\/h2>\n<h5>Roberto Vizca\u00edno<\/h5>\n<p>&nbsp;<\/p>\n<ul>\n<li><strong><em>S\u00ed, a encuentro de precandidatos de Morena con AMLO<\/em><\/strong><\/li>\n<\/ul>\n<p>&nbsp;<\/p>\n<p>Luego de que <strong>Ricardo Monreal<\/strong> consider\u00f3 necesaria una reuni\u00f3n de los cuatro precandidatos de Morena dentro de la sucesi\u00f3n de <strong>Andr\u00e9s Manuel L\u00f3pez Obrador<\/strong> (\u00e9l mismo, <strong>Marcelo Ebrard<\/strong>, <strong>Claudia Sheinbaum <\/strong>y <strong>Ad\u00e1n Augusto L\u00f3pez<\/strong>, incluido el propio Presidente), la jefa de Gobierno acept\u00f3 que ese encuentro fortalecer\u00eda la unidad dentro de Morena.<\/p>\n<p>A pregunta expresa, la jefa de Gobierno de la CDMX dijo:<\/p>\n<p>\u201cS\u00ed, s\u00ed puede haber (ese encuentro); pero repito, ah\u00ed&#8230; digamos, <strong>tocando los temas que tienen que ver con el partido y lo que viene<\/strong> (la b\u00fasqueda de todos ellos por la candidatura de Morena a la presidencia), me parece que es muy importante la unidad porque estamos en el proceso de consolidaci\u00f3n de la Cuarta Transformaci\u00f3n y, ah\u00ed, es muy importante la unidad de todos y todas en este proceso, y el apoyo al Presidente de la Rep\u00fablica\u201d.<\/p>\n<p>Al igual que ahora <strong>Claudia Sheinbaum,<\/strong> el mi\u00e9rcoles, <strong>Monreal<\/strong> dijo:<\/p>\n<p>\u201c(Los aspirantes a suceder a <strong>AMLO<\/strong> en Morena) No podemos aislarnos y <strong>tampoco podemos confrontarnos. Y hay que incluir al Presidente.<\/strong> <strong>No hay que dejarlo fuera<\/strong>. No, no, no&#8230; porque lo reconocemos como un aut\u00e9ntico dirigente y como un aut\u00e9ntico estadista que le est\u00e1 dando al pa\u00eds un cambio&#8230; espero que pronto nos reunamos porque lo que tenemos que hacer es profundizar el proceso democr\u00e1tico que vive el pa\u00eds y que se mantenga Morena en el Poder p\u00fablico en el 24. Ojal\u00e1 y lo logremos&#8230; si no, habr\u00e1 riesgos\u201d, advirti\u00f3.<\/p>\n<p style=\"text-align: center;\"><strong>Monreal a estudiantes<\/strong><\/p>\n<p>En un largo encuentro virtual con estudiantes de la UNAM-FES Acatl\u00e1n el presidente de la Junta de Coordinaci\u00f3n Pol\u00edtica y de la mayor\u00eda de Morena en el Senado les recomend\u00f3 a \u00e9stos terminar sus estudios de maestr\u00eda y doctorado antes de trabajar o dedicarse a la pol\u00edtica. Reconoci\u00f3 ante ellos que el mundo ha cambiado sustancialmente y que de los j\u00f3venes depender\u00e1n las nuevas formas de relaci\u00f3n social, laboral y pol\u00edticas.<\/p>\n<p>Consider\u00f3 que M\u00e9xico est\u00e1 ante una enorme oportunidad dentro de la confrontaci\u00f3n de Estados Unidos con China por la supremac\u00eda comercial y que ellos se deber\u00e1n preparar para ello.<\/p>\n<p>\u201cC\u00f3mo sustituimos a China, para convertirnos en un socio comercial fuerte con Estados Unidos y Canad\u00e1. Ese es el tema de fondo: capacitaci\u00f3n, adiestramiento, libertad sindical, apertura, todo esto; prepararnos para la competitividad, porque M\u00e9xico es un pa\u00eds atractivo a las inversiones y lo \u00fanico que tenemos que cuidar es Estado de Derecho, seguridad jur\u00eddica en las inversiones.<\/p>\n<p>\u201cEstado de Derecho y seguridad jur\u00eddica, que es lo que los inversionistas siempre piden en el momento de generar inversiones en nuestro pa\u00eds. Entonces, creo que lo podemos hacer y lo podemos se\u00f1alar\u201d, dijo.<\/p>\n<p>Revel\u00f3 que los momentos m\u00e1s dif\u00edciles que ha vivido en estos 3 a\u00f1os han sido la negociaci\u00f3n de la creaci\u00f3n de la Guardia Nacional y cuando surgi\u00f3 el asunto de los micr\u00f3fonos en oficinas del PAN, que luego expertos de la Fiscal\u00eda determinaron que no eran micr\u00f3fonos para espiar a nadie.<\/p>\n<p>En cuanto a la exigencia de cinco senadores para que se les reconozca como una nueva fracci\u00f3n, indic\u00f3 que no procede legalmente, pero que \u00e9l buscar\u00e1 encontrar una f\u00f3rmula para que se les acepte bajo otra figura.<\/p>\n<p>En lo pol\u00edtico dijo que este grupo podr\u00eda balcanizar al Senado.<\/p>\n<p style=\"text-align: center;\"><strong>Revire<\/strong><\/p>\n<p>La senadora panista <strong>Kenia L\u00f3pez Rabad\u00e1n<\/strong> -quien el mi\u00e9rcoles le dio tremenda revolcada desde la tribuna del Senado al gobierno de <strong>AMLO<\/strong>&#8211; le revir\u00f3 ayer al secretario de Gobernaci\u00f3n, <strong>Ad\u00e1n Augusto L\u00f3pez,<\/strong> que los morenistas ciertamente podr\u00edan \u201cno aceptar regalos\u201d, porque lo cierto es que reciben \u201csobres con un mont\u00f3n de billetes\u201d.<\/p>\n<p>Y v\u00eda su cuenta de Twitter la legisladora mostr\u00f3 las fotos ya ampliamente conocidas de los hermanos del presidente <strong>L\u00f3pez Obrador<\/strong> recibiendo de <strong>David Le\u00f3n <\/strong>bolsas de dinero en efectivo, im\u00e1genes -afirm\u00f3- que marcar\u00e1n a este gobierno para siempre.<\/p>\n<p>\u00a1<strong><em>Zzzzuuuuccckkkkk<\/em><\/strong>!, dir\u00eda <em>Batman<\/em>.<\/p>\n<p><em><a href=\"mailto:rvizcainoa@gmail.com\" target=\"_blank\" rel=\"noopener noreferrer\">rvizcainoa@gmail.com<\/a><br \/>\n<a href=\"http:\/\/endirecto.mx\" target=\"_blank\" rel=\"noopener noreferrer\">www.endirecto.mx<\/a><br \/>\n<a href=\"https:\/\/twitter.com\/_rvizcaino\" target=\"_blank\" rel=\"noopener noreferrer\">@_RVizcaino<\/a><br \/>\n<a href=\"https:\/\/www.facebook.com\/rvizcainoa\" target=\"_blank\" rel=\"noopener noreferrer\">facebook.com\/rvizcainoa<\/a><\/em><\/p>\n","protected":false},"excerpt":{"rendered":"<p><span style=\"color: #005497;\"><strong>Roberto Vizca\u00edno<\/strong><\/span><br \/>\n<br \/>\nLuego de que <strong>Ricardo Monreal<\/strong> consider\u00f3 necesaria una reuni\u00f3n de los cuatro precandidatos de Morena dentro de la sucesi\u00f3n de <strong>Andr\u00e9s Manuel L\u00f3pez Obrador<\/strong> (\u00e9l mismo, <strong>Marcelo Ebrard<\/strong>, <strong>Claudia Sheinbaum <\/strong>y <strong>Ad\u00e1n Augusto L\u00f3pez<\/strong>, incluido el propio Presidente), la jefa de Gobierno acept\u00f3 que ese encuentro fortalecer\u00eda la unidad dentro de Morena.<\/p>\n","protected":false},"author":3,"featured_media":0,"comment_status":"open","ping_status":"open","sticky":false,"template":"","format":"standard","meta":{"_monsterinsights_skip_tracking":false,"_monsterinsights_sitenote_active":false,"_monsterinsights_sitenote_note":"","_monsterinsights_sitenote_category":0,"footnotes":""},"categories":[136],"tags":[43674,93,94],"class_list":["post-522508","post","type-post","status-publish","format-standard","hentry","category-roberto-vizcaino-opinion","tag-opinion","tag-roberto-vizcaino","tag-tras-la-puerta-del-poder"],"_links":{"self":[{"href":"https:\/\/www.diarioimagen.net\/index.php?rest_route=\/wp\/v2\/posts\/522508","targetHints":{"allow":["GET"]}}],"collection":[{"href":"https:\/\/www.diarioimagen.net\/index.php?rest_route=\/wp\/v2\/posts"}],"about":[{"href":"https:\/\/www.diarioimagen.net\/index.php?rest_route=\/wp\/v2\/types\/post"}],"author":[{"embeddable":true,"href":"https:\/\/www.diarioimagen.net\/index.php?rest_route=\/wp\/v2\/users\/3"}],"replies":[{"embeddable":true,"href":"https:\/\/www.diarioimagen.net\/index.php?rest_route=%2Fwp%2Fv2%2Fcomments&post=522508"}],"version-history":[{"count":0,"href":"https:\/\/www.diarioimagen.net\/index.php?rest_route=\/wp\/v2\/posts\/522508\/revisions"}],"wp:attachment":[{"href":"https:\/\/www.diarioimagen.net\/index.php?rest_route=%2Fwp%2Fv2%2Fmedia&parent=522508"}],"wp:term":[{"taxonomy":"category","embeddable":true,"href":"https:\/\/www.diarioimagen.net\/index.php?rest_route=%2Fwp%2Fv2%2Fcategories&post=522508"},{"taxonomy":"post_tag","embeddable":true,"href":"https:\/\/www.diarioimagen.net\/index.php?rest_route=%2Fwp%2Fv2%2Ftags&post=522508"}],"curies":[{"name":"wp","href":"https:\/\/api.w.org\/{rel}","templated":true}]}}