{"id":522634,"date":"2021-10-04T00:01:00","date_gmt":"2021-10-04T05:01:00","guid":{"rendered":"https:\/\/www.diarioimagen.net\/?p=522634"},"modified":"2021-10-04T03:43:39","modified_gmt":"2021-10-04T08:43:39","slug":"matriarcado-en-mexico","status":"publish","type":"post","link":"https:\/\/www.diarioimagen.net\/?p=522634","title":{"rendered":"Matriarcado en M\u00e9xico"},"content":{"rendered":"<h2>De pe a pa<\/h2>\n<h5>Alberto Vieyra G.<\/h5>\n<p>&nbsp;<\/p>\n<p>En \u00e9pocas inmemoriales, la humanidad fue gobernada por el matriarcado, es decir, por las mujeres, quienes eleg\u00edan qui\u00e9nes ser\u00edan los padres de sus hijos. Era la mujer la que lideraba las tribus.<\/p>\n<p>La era del matriarcado terminar\u00eda con una revoluci\u00f3n silenciosa en la que no hubo muertos, heridos, ni desaparecidos, simplemente que cuando las tribus n\u00f3madas decidieron sedentarizarse para cultivar alimentos y poseer animales y propiedad territorial, se invertir\u00edan los papeles y el hombre se convertir\u00eda en el jefe de familia o famulus, que quiere decir \u201cfamilia de un solo hombre\u201d.<\/p>\n<p>En M\u00e9xico, la era del matriarcado no est\u00e1 muy distante. Algunos documentos establecen que Atotoztli fue heredera y ejerci\u00f3 el cargo, seg\u00fan las investigaciones historiogr\u00e1ficas recientes.<\/p>\n<p>En el \u201cC\u00f3dice Ram\u00edrez\u201d se establece que\u00a0Moctezuma I gobern\u00f3 junto a su hija,\u00a0de 1440 a 1469.<\/p>\n<p>\u201cRelaci\u00f3n de Genealog\u00eda\u201d dice que, a la muerte de su padre,\u00a0Atotoztli que quiere decir \u201cp\u00e1jaro del agua\u201d, gobern\u00f3 cuatro a\u00f1os\u00a0(1469-1473) y luego fue sucedida por uno de sus hijos.<\/p>\n<p>Y \u201cOrigen de los mexicanos\u201d relata que la mujer gobern\u00f3 con su esposo entre 1470 y 1482. Fray Toribio de Benavente, Motolinia, en\u00a0Historia de los Indios de la Nueva Espa\u00f1a, dice que la mujer gobern\u00f3 entre 1469 y 1481, y Francisco L\u00f3pez de G\u00f3mara escribi\u00f3 que \u201cAxay\u00e1catl fue rey, despu\u00e9s de su madre\u201d, y a \u00e9ste le sucedi\u00f3 su hermano Tizoc y a \u00e9ste tambi\u00e9n le suceder\u00eda su hermano Ahuitzotl. Esto quiere decir, que sus 3 hijos de Atotoztli fueron gobernantes en la cultura azteca. \u00bfPor qu\u00e9 hago historia? Mire usted:<\/p>\n<p>La semana pasada, se produjo en la Ciudad de M\u00e9xico la Claudia se\u00f1al en la que el presidente Andr\u00e9s Manuel L\u00f3pez Obrador le levant\u00f3 la mano a una mujer en se\u00f1al de triunfo y de futurismo pol\u00edtico-electoral y ello podr\u00eda dar lugar a que en M\u00e9xico retorne a la era del matriarcado, pues a todas luces est\u00e1 claro que la gran preferida de AMLO para las elecciones presidenciales del 2024 es Claudia Sheinbaum Pardo, hija de padres jud\u00edos. La Claudia se\u00f1al produjo una revoluci\u00f3n dentro de las filas morenistas y el desasosiego produjo que los medianamente ortodoxos como Ricardo Monreal se movieran inmediatamente para decir \u201caqu\u00ed toy\u201d.<\/p>\n<p>Los grupos de la oligarqu\u00eda pol\u00edtica hac\u00eda el interior de Morena comenzar\u00edan a darse duro y hasta por debajo del agua, le est\u00e1n circulado al canciller Marcelo Ebrard un inconfesable asuntito que podr\u00eda traerle serias dificultades pol\u00edticas, igual que su papel protag\u00f3nico en el macabro accidente de la L\u00ednea 12 del Metro, que curiosamente tambi\u00e9n involucra a la Jefa de Gobierno capitalino.<\/p>\n<p>Si nos atenemos a que en la oposici\u00f3n no han crecido pol\u00edticamente con estatura de presidenciales para 2024, estar\u00edamos ante un escenario en el que Claudia Sheinbaum, quien tambi\u00e9n arrastra el macabro asunto del Colegio R\u00e9bsamen, donde se produjeron casi 30 muertos, estar\u00eda en primer\u00edsimo lugar para que el dedo sagrado de Palacio Nacional la elija para encabezar una nueva era de matriarcado pol\u00edtico en M\u00e9xico.<\/p>\n<p>En el PAN, por ejemplo, solamente hay una figura que ha cobrado notoriedad porque le sali\u00f3 muy respond\u00f3n a AMLO y se llama Ricardo Anaya, pero el alto mando panista ha dado una largu\u00edsima lista de presidenciables en los que en honor a la verdad parecen estar muy ojones para ser palomas, en esa larga lista no aparecen el ex gobernador de Chihuahua, Javier Corral Jurado, quien enfrenta a un esc\u00e1ndalo pol\u00edtico que lo exhibe como un vil raterillo y a su familia de vivir a costa del erario de los chihuahuenses. Ambos, Ricardo Anaya y Javier Corral, son enemigos de AMLO y \u00e9ste utilizar\u00e1 todo el poder del Estado para evitar que le disputen el poder a su partido.<\/p>\n<p>Por el PRI, no se ve a nadie con estatura de presidenciable y lo malo es que ese partido parece estar descabezado y sin jefe de jefes, por lo cual se vislumbra que Morena lleg\u00f3 para quedarse otros 6 a\u00f1os, a menos que ocurra un milagro de aqu\u00ed a 2023.<\/p>\n<p><a href=\"mailto:info@agenciamn.com\" target=\"_blank\" rel=\"noopener noreferrer\"><em>info@agenciamn.com<\/em><\/a><\/p>\n","protected":false},"excerpt":{"rendered":"<p><span style=\"color: #005497;\"><strong>Alberto Vieyra G.<\/strong><\/span><\/p>\n","protected":false},"author":3,"featured_media":0,"comment_status":"open","ping_status":"open","sticky":false,"template":"","format":"standard","meta":{"_monsterinsights_skip_tracking":false,"_monsterinsights_sitenote_active":false,"_monsterinsights_sitenote_note":"","_monsterinsights_sitenote_category":0,"footnotes":""},"categories":[4596],"tags":[43697,4597,43674],"class_list":["post-522634","post","type-post","status-publish","format-standard","hentry","category-alberto-vieyra-g","tag-alberto-vieyra-g","tag-de-pe-a-pa","tag-opinion"],"_links":{"self":[{"href":"https:\/\/www.diarioimagen.net\/index.php?rest_route=\/wp\/v2\/posts\/522634","targetHints":{"allow":["GET"]}}],"collection":[{"href":"https:\/\/www.diarioimagen.net\/index.php?rest_route=\/wp\/v2\/posts"}],"about":[{"href":"https:\/\/www.diarioimagen.net\/index.php?rest_route=\/wp\/v2\/types\/post"}],"author":[{"embeddable":true,"href":"https:\/\/www.diarioimagen.net\/index.php?rest_route=\/wp\/v2\/users\/3"}],"replies":[{"embeddable":true,"href":"https:\/\/www.diarioimagen.net\/index.php?rest_route=%2Fwp%2Fv2%2Fcomments&post=522634"}],"version-history":[{"count":0,"href":"https:\/\/www.diarioimagen.net\/index.php?rest_route=\/wp\/v2\/posts\/522634\/revisions"}],"wp:attachment":[{"href":"https:\/\/www.diarioimagen.net\/index.php?rest_route=%2Fwp%2Fv2%2Fmedia&parent=522634"}],"wp:term":[{"taxonomy":"category","embeddable":true,"href":"https:\/\/www.diarioimagen.net\/index.php?rest_route=%2Fwp%2Fv2%2Fcategories&post=522634"},{"taxonomy":"post_tag","embeddable":true,"href":"https:\/\/www.diarioimagen.net\/index.php?rest_route=%2Fwp%2Fv2%2Ftags&post=522634"}],"curies":[{"name":"wp","href":"https:\/\/api.w.org\/{rel}","templated":true}]}}