{"id":522635,"date":"2021-10-04T00:04:28","date_gmt":"2021-10-04T05:04:28","guid":{"rendered":"https:\/\/www.diarioimagen.net\/?p=522635"},"modified":"2021-10-04T03:46:37","modified_gmt":"2021-10-04T08:46:37","slug":"reforma-electrica-y-los-recursos-del-estado","status":"publish","type":"post","link":"https:\/\/www.diarioimagen.net\/?p=522635","title":{"rendered":"Reforma el\u00e9ctrica y los recursos del Estado"},"content":{"rendered":"<h2>Desde el portal<\/h2>\n<h5>\u00c1ngel Soriano<\/h5>\n<p>&nbsp;<\/p>\n<p>Por fin los vastos recursos humanos, financieros y legales son utilizados en actividades productivas: del uso de la fuerza con fines represivos como -\u201c el 2 de Octubre no se olvida\u201d-, a la construcci\u00f3n de obras fara\u00f3nicas hasta la administraci\u00f3n de aduanas y auxilio a la poblaci\u00f3n en casos de desastre, del manejo de recursos p\u00fablicos a trav\u00e9s de la banca oficial para disminuir costos, son algunas acciones.<\/p>\n<p>El presidente Andr\u00e9s Manuel L\u00f3pez Obrador impulsa ahora el rescate de la CFE y elimina las concesiones privadas para la generaci\u00f3n de energ\u00eda el\u00e9ctrica, concesiones en manos de empresarios locales asociados a extranjeros que s\u00f3lo esquilmaban el erario y debilitaban a la empresa estatal para obtener mayor lucro en detrimento de la poblaci\u00f3n.<\/p>\n<p>No s\u00f3lo esto es importante. Conviene destacar que la inmensidad de recursos del Estado y de las remesas provenientes de los h\u00e9roes vivientes en la Uni\u00f3n Americana, ahora se canalizar\u00e1n a trav\u00e9s de Bienestar. Las colosales utilidades que obten\u00edan los banqueros privados ahora ser\u00e1n reducidas, habr\u00e1 competencia y se le quitar\u00e1n esos recursos.<\/p>\n<p>Igual que en la comercializaci\u00f3n del gas. Sobran testimonios de los abusos de las compa\u00f1\u00edas gaseras en complicidad con las mismas autoridades de la Profeco porque antes (y todav\u00eda ahora) estaban confabuladas para esquilmar a la poblaci\u00f3n. Lo mismo que los investigadores y los integrantes de los organismos aut\u00f3nomos. Ahora el Estado asumir\u00e1 una funci\u00f3n de regulador de los abusos.<\/p>\n<p style=\"text-align: center;\"><strong>Turbulencias<br \/>\nReligen a Marko Cort\u00e9s en el PAN<\/strong><\/p>\n<p>Finalmente, fue reelecto Marko Cort\u00e9s en la dirigencia nacional del PAN y para ello cont\u00f3 con la experimentada gu\u00eda del veterano panista Gonzalo Altamirano Dimas quien llev\u00f3 a buen puerto la renovaci\u00f3n de la dirigencia y en la cual no hab\u00eda figuras para ocupar el liderazgo del a\u00fan principal partido opositor en nuestro pa\u00eds\u2026 Y la jefa de Gobierno, Claudia Sheinbaum, s\u00ed tendr\u00e1 que lidiar con 9 de los 16 alcaldes electos de la oposici\u00f3n. Ya hubo un enfrentamiento en el cual la alcaldesa de \u00c1lvaro Obreg\u00f3n (PAN-PRI-PRD), L\u00eda Lim\u00f3n, se llev\u00f3 la peor parte. Apenas dej\u00f3 la demarcaci\u00f3n el alcalde sustituto Alberto Esteva (que se sumar\u00e1 a la docena de aspirantes a la gubernatura de Oaxaca) y hubo un derrumbe en la minada zona. Y es que la alcaldesa titular y ahora gobernadora de Campeche, Layda Sansores y su suplente dejaron la alcald\u00eda prendida, literalmente, con alfileres\u2026 Mientras el Congreso de Oaxaca exhort\u00f3 al cabildo de la ciudad de Oaxaca a resolver el problema de la basura, los trabajadores de limpia amenazan con estrangular la ciudad este lunes si es que no hay soluci\u00f3n a sus demandas de instrumentos de trabajo para cumplir con sus funciones\u2026 En el gobierno del estado se enfrenta tambi\u00e9n la misma crisis financiera: la Fiscal\u00eda de Justicia, adem\u00e1s de la omisi\u00f3n e irresponsabilidad de su titular, tampoco tiene (y tampoco voluntad) para la gasolina para perseguir a la delincuencia\u2026 El ex gobernador de Morelos, el perredista Graco Ram\u00edrez, que se la pasa tabasque\u00f1amente, empieza ya a preocuparse luego que el presidente Andr\u00e9s Manuel L\u00f3pez Obrador anunci\u00f3 que la FGR investiga acciones de corrupci\u00f3n durante su administraci\u00f3n, en tanto que al actual mandatario, Cuauht\u00e9moc Blanco -con el que Graco tuvo o tiene diferencias desde que el futbolista era alcalde de Cuernavaca-, pr\u00e1cticamente fue exonerado de las acusaciones de corrupci\u00f3n y de lavado de dinero tanto \u00e9l como su familia y sus m\u00e1s cercanos colaboradores\u2026 Los ex perredistas, entre ellos el senador Miguel \u00c1ngel Mancera, podr\u00edan ser llamados a cuentas en breve, una vez que se integren las respectivas carpetas de investigaci\u00f3n\u2026<\/p>\n<p><u><a href=\"mailto:asorianocarrasco@yahoo.com\" target=\"_blank\" rel=\"noopener noreferrer\"><em>asorianocarrasco@yahoo.com<\/em><\/a><br \/>\n<em><a href=\"https:\/\/revistabrecha.com\" target=\"_blank\" rel=\"noopener noreferrer\">www.revistabrecha.com<\/a><br \/>\n<a href=\"https:\/\/twitter.com\/brecharevista\" target=\"_blank\" rel=\"noopener noreferrer\">@BrechaRevista<\/a><\/em><\/u><\/p>\n","protected":false},"excerpt":{"rendered":"<p><span style=\"color: #005497;\"><strong>\u00c1ngel Soriano<\/strong><\/span><\/p>\n","protected":false},"author":3,"featured_media":0,"comment_status":"open","ping_status":"open","sticky":false,"template":"","format":"standard","meta":{"_monsterinsights_skip_tracking":false,"_monsterinsights_sitenote_active":false,"_monsterinsights_sitenote_note":"","_monsterinsights_sitenote_category":0,"footnotes":""},"categories":[135],"tags":[85,86,43674],"class_list":["post-522635","post","type-post","status-publish","format-standard","hentry","category-angel-soriano-opinion","tag-angel-soriano","tag-desde-el-portal","tag-opinion"],"_links":{"self":[{"href":"https:\/\/www.diarioimagen.net\/index.php?rest_route=\/wp\/v2\/posts\/522635","targetHints":{"allow":["GET"]}}],"collection":[{"href":"https:\/\/www.diarioimagen.net\/index.php?rest_route=\/wp\/v2\/posts"}],"about":[{"href":"https:\/\/www.diarioimagen.net\/index.php?rest_route=\/wp\/v2\/types\/post"}],"author":[{"embeddable":true,"href":"https:\/\/www.diarioimagen.net\/index.php?rest_route=\/wp\/v2\/users\/3"}],"replies":[{"embeddable":true,"href":"https:\/\/www.diarioimagen.net\/index.php?rest_route=%2Fwp%2Fv2%2Fcomments&post=522635"}],"version-history":[{"count":0,"href":"https:\/\/www.diarioimagen.net\/index.php?rest_route=\/wp\/v2\/posts\/522635\/revisions"}],"wp:attachment":[{"href":"https:\/\/www.diarioimagen.net\/index.php?rest_route=%2Fwp%2Fv2%2Fmedia&parent=522635"}],"wp:term":[{"taxonomy":"category","embeddable":true,"href":"https:\/\/www.diarioimagen.net\/index.php?rest_route=%2Fwp%2Fv2%2Fcategories&post=522635"},{"taxonomy":"post_tag","embeddable":true,"href":"https:\/\/www.diarioimagen.net\/index.php?rest_route=%2Fwp%2Fv2%2Ftags&post=522635"}],"curies":[{"name":"wp","href":"https:\/\/api.w.org\/{rel}","templated":true}]}}