{"id":522640,"date":"2021-10-04T00:08:47","date_gmt":"2021-10-04T05:08:47","guid":{"rendered":"https:\/\/www.diarioimagen.net\/?p=522640"},"modified":"2021-10-04T03:49:48","modified_gmt":"2021-10-04T08:49:48","slug":"otra-comision-de-la-verdad","status":"publish","type":"post","link":"https:\/\/www.diarioimagen.net\/?p=522640","title":{"rendered":"Otra Comisi\u00f3n de la Verdad"},"content":{"rendered":"<h2>Punto por punto<\/h2>\n<h5>Augusto Corro<\/h5>\n<p>&nbsp;<\/p>\n<p>Las autoridades anunciaron la creaci\u00f3n de la Comisi\u00f3n por el Acceso a la Verdad, el Esclarecimiento y el impulso de la Justicia de las Violaciones Graves a los Derechos Humanos Cometidos entre los a\u00f1os 1965 y 1990.<\/p>\n<p>En los a\u00f1os mencionados los gobiernos se encargaron de reprimir cualquier intento de inconformidad. Se trat\u00f3 de dictaduras escondidas tras las cortinas de supuestas democracias.<\/p>\n<p>Quienes se rebelaron contra los hombres del poder eran perseguidos y reprimidos con violencia. Para eso, el estado contaba con importantes oficinas de espionaje, como la llamada Direcci\u00f3n Federal de Seguridad.<\/p>\n<p>Se trat\u00f3 de la principal polic\u00eda pol\u00edtica de los gobiernos del Partido Revolucionario Institucional (PRI). Jug\u00f3 un papel muy importante en el periodo de la \u201cguerra sucia\u201d. Es importante la creaci\u00f3n de la citada Comisi\u00f3n de la Verdad anunciada por Alejandro Encinas, subsecretario de Derechos Humanos de la Secretar\u00eda de Gobernaci\u00f3n, que tiene cinco mecanismos:<\/p>\n<p>Primero. Para la verdad y el esclarecimiento hist\u00f3rico<\/p>\n<p>Segundo. Para el impulso a la justicia.<\/p>\n<p>Tercero. Plan de b\u00fasqueda de v\u00edctimas desaparecidas.<\/p>\n<p>Cuarto. Plan de reparaci\u00f3n y compensaci\u00f3n.<\/p>\n<p>Quinto. Acciones para la no repetici\u00f3n.<\/p>\n<p>Ojal\u00e1 que la intenci\u00f3n de hacer justicia a las v\u00edctimas no acabe en discursos demag\u00f3gicos, como acostumbran a hacerlo los gobiernos de todas las \u00e9pocas.\u00a0 Que ning\u00fan responsable quede sin sanci\u00f3n legal, como dijo el propio Alejandro Encinas.<\/p>\n<p style=\"text-align: center;\"><strong>2 de octubre<\/strong><\/p>\n<p>Alrededor de cinco mil personas participaron en la marcha para conmemorar el 53 aniversario de la masacre del 2 de octubre de Tlatelolco.<\/p>\n<p>Tambi\u00e9n estuvieron en la manifestaci\u00f3n los normalistas de Ayotzinapa.<\/p>\n<p>En el caso de Tlatelolco los responsables de represi\u00f3n nunca fueron llevados ante la justicia. Por ejemplo, Luis Echeverr\u00eda Alvarez, que no s\u00f3lo estuvo involucrado en los cr\u00edmenes del 68, sino tambi\u00e9n en la matanza de estudiantes del 71, nunca piso la c\u00e1rcel.<\/p>\n<p>Los encargados de la represi\u00f3n gubernamental tampoco fueron castigados. Uno de esos sujetos, Jos\u00e9 Antonio Zorrilla, encargado de la Direcci\u00f3n Federal de Seguridad, s\u00ed fue enviado a prisi\u00f3n; pero por la muerte del periodista Manuel Buend\u00eda.<\/p>\n<p>La masacre de Tlatelolco volver\u00e1, pues, a ser tema de discusi\u00f3n y p\u00e1rele de contar. Lo que pas\u00f3 aquel 2 de octubre del 68 todo mundo lo conoce, sin profundizar en la investigaci\u00f3n.\u00a0 Los l\u00edderes del Movimiento Estudiantil de 1968, as\u00ed como los padres de estudiantes de Ayotzinapa dijeron que se tienen que abrir los archivos de la Secretar\u00eda de la Defensa Nacional (Sedena), para \u201cdescuartelar la verdad y hacer justicia ya\u201d.<\/p>\n<p style=\"text-align: center;\"><strong>Los \u201cdestapes\u201d<\/strong><\/p>\n<p>Dos partidos pol\u00edticos ya \u201cdestaparon\u201d a sus presidenciables.<\/p>\n<p>El primero estuvo a cargo del presidente L\u00f3pez Obrador. Dio a conocer la lista de precandidatos presidenciales, entre los que sobresalieron la jefa del Gobierno capitalino, Claudia Sheinbaum, y el titular de Relaciones Exteriores, Marcelo Ebrard.<\/p>\n<p>Cabe se\u00f1alar que el senador Ricardo Monreal no fue mencionado en el destape prematura, pero no hab\u00eda necesidad de hacerlo, pues el legislador dijo que participar\u00e1 en la contienda.<\/p>\n<p>La actitud de Monreal sacudi\u00f3 a su partido Movimiento Regeneraci\u00f3n Nacional (Morena) que en materia de divisi\u00f3n interna s\u00f3lo basta con moverlo un poco, pues ya existen suficientes grupos en espera de agudizar las pugnas.<\/p>\n<p>\u00bfSobrevira Monreal a los pleitos?<\/p>\n<p>Por otra parte, en la reelecci\u00f3n de Marko Cort\u00e9s, como presidente de Acci\u00f3n Nacional, el dirigente aprovech\u00f3 la oportunidad para destapar a los que supone que tienen las posibilidades de competir como candidatos en las pr\u00f3ximas competencias presidenciales.<\/p>\n<p>Cit\u00f3 a los actuales gobernadores panistas de Chihuahua, Mar\u00eda Eugenia Campos; de Yucat\u00e1n, Mauricio Vila; de Guanajuato, Diego Sinhue Rodr\u00edguez; de Tamaulipas, Francisco Javier Garc\u00eda Cabeza de Vaca, y el mandatario saliente de Quer\u00e9taro, Francisco Dom\u00ednguez.<\/p>\n<p>Tambi\u00e9n sum\u00f3 a la lista al vicepresidente de la C\u00e1mara de Diputados, Santiago Creel, y al titular de la Comisi\u00f3n de Transparencia de San L\u00e1zaro, Juan Carlos Romero Hicks, y a Ricardo Anaya Cort\u00e9s, dijo, es un perseguido pol\u00edtico del actual gobierno federal.<\/p>\n<p>Ahora les falta al Revolucionario Institucional (PRI) y al Partido de la Revoluci\u00f3n Democr\u00e1tica (PRD) dar a conocer las listas de sus posibles candidatos.<\/p>\n<p>\u00bfUsted qu\u00e9 opina amable lector?<\/p>\n<p><a href=\"mailto:aco2742@hotmail.com\" target=\"_blank\" rel=\"noopener noreferrer\"><em>aco2742@hotmail.com<\/em><\/a><\/p>\n","protected":false},"excerpt":{"rendered":"<p><span style=\"color: #005497;\"><strong>Augusto Corro<\/strong><\/span><\/p>\n","protected":false},"author":3,"featured_media":0,"comment_status":"open","ping_status":"open","sticky":false,"template":"","format":"standard","meta":{"_monsterinsights_skip_tracking":false,"_monsterinsights_sitenote_active":false,"_monsterinsights_sitenote_note":"","_monsterinsights_sitenote_category":0,"footnotes":""},"categories":[157],"tags":[43686,43674,11515],"class_list":["post-522640","post","type-post","status-publish","format-standard","hentry","category-augusto-corro","tag-augusto-corro","tag-opinion","tag-punto-por-punto"],"_links":{"self":[{"href":"https:\/\/www.diarioimagen.net\/index.php?rest_route=\/wp\/v2\/posts\/522640","targetHints":{"allow":["GET"]}}],"collection":[{"href":"https:\/\/www.diarioimagen.net\/index.php?rest_route=\/wp\/v2\/posts"}],"about":[{"href":"https:\/\/www.diarioimagen.net\/index.php?rest_route=\/wp\/v2\/types\/post"}],"author":[{"embeddable":true,"href":"https:\/\/www.diarioimagen.net\/index.php?rest_route=\/wp\/v2\/users\/3"}],"replies":[{"embeddable":true,"href":"https:\/\/www.diarioimagen.net\/index.php?rest_route=%2Fwp%2Fv2%2Fcomments&post=522640"}],"version-history":[{"count":0,"href":"https:\/\/www.diarioimagen.net\/index.php?rest_route=\/wp\/v2\/posts\/522640\/revisions"}],"wp:attachment":[{"href":"https:\/\/www.diarioimagen.net\/index.php?rest_route=%2Fwp%2Fv2%2Fmedia&parent=522640"}],"wp:term":[{"taxonomy":"category","embeddable":true,"href":"https:\/\/www.diarioimagen.net\/index.php?rest_route=%2Fwp%2Fv2%2Fcategories&post=522640"},{"taxonomy":"post_tag","embeddable":true,"href":"https:\/\/www.diarioimagen.net\/index.php?rest_route=%2Fwp%2Fv2%2Ftags&post=522640"}],"curies":[{"name":"wp","href":"https:\/\/api.w.org\/{rel}","templated":true}]}}