{"id":522642,"date":"2021-10-04T00:03:34","date_gmt":"2021-10-04T05:03:34","guid":{"rendered":"https:\/\/www.diarioimagen.net\/?p=522642"},"modified":"2021-10-05T02:42:32","modified_gmt":"2021-10-05T07:42:32","slug":"fgr-lenta-con-lozoya-agil-contra-cientificos","status":"publish","type":"post","link":"https:\/\/www.diarioimagen.net\/?p=522642","title":{"rendered":"FGR, lenta con Lozoya, \u00e1gil contra cient\u00edficos"},"content":{"rendered":"<h2>Espacio Electoral<\/h2>\n<h5>Eleazar Flores<strong>\u00a0<\/strong><\/h5>\n<p>&nbsp;<\/p>\n<p><strong>O SORDA-.<\/strong> As\u00ed se quiera ocultar, ni para ayudar a la Fiscal\u00eda General de la Rep\u00fablica del cuestionado \u201ccient\u00edfico\u201d Alejandro Gertz Manero, pues es evidente su lentitud con Lozoya al que le avala ya tres posposiciones, \u00e1gil contra los intelectuales y sorda ante reclamos del <em>jefe<\/em> Diego. Por partes.<\/p>\n<p><strong>R\u00c1PIDA Y FURIOSA-.<\/strong> El caso de cient\u00edficos, intelectuales y creativos becados por el Conacyt acusados hasta de crimen organizado, asunto ventilado en pocas semanas en los medios, pero para la Fiscal\u00eda General de la Rep\u00fablica urge pues ya ha replanteado hasta en tres ocasiones las denuncias.<\/p>\n<p>Esto, debido a que en la primera y segunda denuncias, \u00e9stas fueron \u201cbateadas\u201d por un juez pero como hay inter\u00e9s may\u00fasculo de castigar, \u00bfqui\u00e9n sabe por parte de qui\u00e9n?, la Fiscal\u00eda va en su tercera intentona por enjuiciar a mujeres y hombres de ciencia, no obstante la defensa inmediata del propio rector de la UNAM.<\/p>\n<p>Junto con\u00a0 esa defensa de la m\u00e1xima casa de estudios del pa\u00eds, han surgido m\u00e1s voces y obviamente hasta de los medios de comunicaci\u00f3n, a los que seguramente, por lo mismo,\u00a0 los integrantes de la Cuarta Transformaci\u00f3n los han de tildar de fif\u00eds, conservadores, chairos y muchas linduras m\u00e1s.<\/p>\n<p><strong>LENTITUD CON LOZOYA-. <\/strong>Contrastante, el dinamismo para denunciar a la intelectualidad hasta por tercera ocasi\u00f3n, con la lentitud del caso Emilio Lozoya Austin, quien bien cuidadito y alimentadito en su \u201chumilde\u201d casa, ha solicitado una tercera o cuarta posposici\u00f3n para ventilar su juicio y, faltaba m\u00e1s, al cliente lo que pida.<\/p>\n<p>\u00bfD\u00f3nde est\u00e1 la impoluta actuaci\u00f3n de Gertz Manero?<\/p>\n<p><strong>SORDERA-.<\/strong> Al que de plano la Fiscal\u00eda General de la Rep\u00fablica ni oye ni responde, es al <em>jefe<\/em> Diego. Fern\u00e1ndez de Cevallos, quien demand\u00f3 al Presidente de la Rep\u00fablica, Andr\u00e9s Manuel L\u00f3pez Obrador, por\u00a0 acusaciones que \u00e9ste hizo en contra del queretano.<\/p>\n<p>Claro y preciso, Diego Fern\u00e1ndez de Cevallos demand\u00f3 al tabasque\u00f1o ante la PGR emplaz\u00e1ndolo a comparecer ante la dependencia para probar sus dichos o retractarse.<\/p>\n<p>Cada fin de mes, Fern\u00e1ndez de Cevallos ha acudido a la Fiscal\u00eda General de la Rep\u00fablica con documentos en mano para ver el avance de su caso, pero ni\u00a0 funcionarios menores de la dependencia se han dignado responder ni verbalmente, menos por escrito al demandante de audiencia y justicia.<\/p>\n<p>Quiz\u00e1 la sordera de la FGR no deber\u00eda extra\u00f1arnos, pero s\u00ed el inexplicable silencio de muchos medios de comunicaci\u00f3n, que solamente se ocuparon el d\u00eda en que el <em>jefe<\/em> Diego meti\u00f3 su demanda contra el <em>peje<\/em> a finales de julio, pero\u00a0 de ah\u00ed en adelante, ni una l\u00ednea m\u00e1s.<\/p>\n<p>\u00bfQu\u00e9 nos pasa?, preguntar\u00eda el mil usos H\u00e9ctor Su\u00e1rez.<\/p>\n<p><em><a href=\"mailto:elefa44@gmail.com\" target=\"_blank\" rel=\"noopener noreferrer\">elefa44@gmail.com<\/a><\/em><\/p>\n","protected":false},"excerpt":{"rendered":"<p><span style=\"color: #005497;\"><strong>Eleazar Flores<\/strong><\/span><\/p>\n","protected":false},"author":3,"featured_media":0,"comment_status":"open","ping_status":"open","sticky":false,"template":"","format":"standard","meta":{"_monsterinsights_skip_tracking":false,"_monsterinsights_sitenote_active":false,"_monsterinsights_sitenote_note":"","_monsterinsights_sitenote_category":0,"footnotes":""},"categories":[81743],"tags":[81744,81776,43674],"class_list":["post-522642","post","type-post","status-publish","format-standard","hentry","category-eleazar-flores","tag-eleazar-flores","tag-espacio-electoral","tag-opinion"],"_links":{"self":[{"href":"https:\/\/www.diarioimagen.net\/index.php?rest_route=\/wp\/v2\/posts\/522642","targetHints":{"allow":["GET"]}}],"collection":[{"href":"https:\/\/www.diarioimagen.net\/index.php?rest_route=\/wp\/v2\/posts"}],"about":[{"href":"https:\/\/www.diarioimagen.net\/index.php?rest_route=\/wp\/v2\/types\/post"}],"author":[{"embeddable":true,"href":"https:\/\/www.diarioimagen.net\/index.php?rest_route=\/wp\/v2\/users\/3"}],"replies":[{"embeddable":true,"href":"https:\/\/www.diarioimagen.net\/index.php?rest_route=%2Fwp%2Fv2%2Fcomments&post=522642"}],"version-history":[{"count":0,"href":"https:\/\/www.diarioimagen.net\/index.php?rest_route=\/wp\/v2\/posts\/522642\/revisions"}],"wp:attachment":[{"href":"https:\/\/www.diarioimagen.net\/index.php?rest_route=%2Fwp%2Fv2%2Fmedia&parent=522642"}],"wp:term":[{"taxonomy":"category","embeddable":true,"href":"https:\/\/www.diarioimagen.net\/index.php?rest_route=%2Fwp%2Fv2%2Fcategories&post=522642"},{"taxonomy":"post_tag","embeddable":true,"href":"https:\/\/www.diarioimagen.net\/index.php?rest_route=%2Fwp%2Fv2%2Ftags&post=522642"}],"curies":[{"name":"wp","href":"https:\/\/api.w.org\/{rel}","templated":true}]}}