{"id":522644,"date":"2021-10-04T00:11:51","date_gmt":"2021-10-04T05:11:51","guid":{"rendered":"https:\/\/www.diarioimagen.net\/?p=522644"},"modified":"2021-10-06T05:36:55","modified_gmt":"2021-10-06T10:36:55","slug":"plata-o-plomo-en-la-cofepris","status":"publish","type":"post","link":"https:\/\/www.diarioimagen.net\/?p=522644","title":{"rendered":"\u201cPlata o plomo\u201d, en la Cofepris"},"content":{"rendered":"<h2>\u00cdndice pol\u00edtico<\/h2>\n<h5>Francisco Rodr\u00edguez<\/h5>\n<p><em>\u00a0<\/em><\/p>\n<ul>\n<li><strong><em>Marinos ocupan sus instalaciones<\/em><\/strong><\/li>\n<li><strong><em>Acci\u00f3n conjunta con la DEA<\/em><\/strong><\/li>\n<\/ul>\n<p>&nbsp;<\/p>\n<p>Los tent\u00e1culos del\u00a0<strong>narcotr\u00e1fico <\/strong>abrazan y estrujan al gobierno federal.<\/p>\n<p>Avance cada vez mayor y m\u00e1s din\u00e1mico&#8230;\u00a0 &#8230; ante la\u00a0<strong>inacci\u00f3n de los\u00a0<em>cuatroteros<\/em><\/strong>, s\u00f3lo dedicados al reparto de abrazos.<\/p>\n<p>Por eso hubo de\u00a0<strong>intervenir la DEA<\/strong>\u00a0<em>gringa.<\/em><\/p>\n<p>Por eso el viernes m\u00e1s reciente\u00a0<strong>marinos de la Armada de M\u00e9xico tomaron las instalaciones de la Cofepris<\/strong>.<\/p>\n<p>S\u00ed, de la Comisi\u00f3n Federal para la Protecci\u00f3n contra Riesgos Sanita rios,\u00a0<strong>bajo la f\u00e9rula del charlat\u00e1n parlanch\u00edn Hugo L\u00f3pez-Gatell.<\/strong><\/p>\n<p>Al mismo tiempo que en Estados Unidos agentes antidrogas confiscaban\u00a0<strong>1 mill\u00f3n 800 mil p\u00edldoras mezcladas con el opioide sint\u00e9tico fentanilo<\/strong>, fabricadas en M\u00e9xico y que se vender\u00edan a trav\u00e9s de la internet.<\/p>\n<p>Conforme a un reporte del diario\u00a0<em>Wall Street Journal<\/em>\u00a0tambi\u00e9n habr\u00edan\u00a0<strong>arrestado a m\u00e1s de 800 personas<\/strong>\u00a0en territorio estadounidense.<\/p>\n<p>Aqu\u00ed no hubo ning\u00fan detenido, pese a que hubo\u00a0\u201d<strong>piquetes\u201d de uniformados<\/strong>\u00a0en todos y cada uno de los pisos de la dependencia, de acuerdo con testigos que ese d\u00eda llevaban a cabo la\u00a0<strong>engorrosa, muchas veces corrupta y al parecer in\u00fatil tramitolog\u00eda<\/strong>.<\/p>\n<p>Aparentemente,\u00a0<strong>s\u00f3lo hubo despidos fulminantes<\/strong>\u00a0en las \u00e1reas relacionadas con medicamentos controlados y regulaci\u00f3n de estupefacientes.<\/p>\n<p>Fuentes dentro de Cofepris se\u00f1alan que la primeritita en ser puesta de patitas en la calle fue la comisionada de Autorizaci\u00f3n Sanitaria,\u00a0<strong>Am\u00e9rica Orellana<\/strong>, seguida por\u00a0<strong>Maribel Bernal Sald\u00edvar<\/strong>, directora de Autorizaciones de Comercio Internacional y Publicidad, y de\u00a0<strong>Lamberto Osorio<\/strong>, subdirector de Importaciones y Exportaciones,\u00a0 Y toditititos los integrantes de la\u00a0<strong>Comisi\u00f3n de Operaci\u00f3n Sanitaria<\/strong>.<\/p>\n<p>La se\u00f1orita Orellana es qu\u00edmica farmacobi\u00f3loga, maestra en Salud P\u00fablica y doctora en Administraci\u00f3n P\u00fablica. Antes de su nombramiento en la Cofepris, a la que\u00a0<strong>lleg\u00f3 de la mano de L\u00f3pez-Gatell<\/strong>, se desempe\u00f1aba como directora de Calidad y Proyectos Especiales en el Instituto de Salud para el Bienestar (Insabi).<\/p>\n<p>Un acto nunca visto.<\/p>\n<p>La toma de instalaciones del gobierno federal por parte\u00a0<strong>de la Marina Armada, que es a la que m\u00e1s confianza le tiene la DEA.<\/strong><\/p>\n<p>\u00bfPlata o plomo?<\/p>\n<p>\u00bfO abierta complicidad?<\/p>\n<p>\u00bfUsted qu\u00e9 cree?<\/p>\n<p style=\"text-align: center;\"><strong>Y no, no se olvida&#8230;<\/strong><\/p>\n<p>Cuatro fueron los pasos que en la segunda mitad del siglo anterior dimos los mexicanos para\u00a0<strong>avanzar a la categor\u00eda de sociedad y dejar de ser \u201cpueblo\u201d<\/strong>, cual aparec\u00edamos despectivamente en la vieja oratoria de los \u201cgrillos\u201d y gobernantes pri\u00edstas.<\/p>\n<p>El primero de esos pasos, sin duda, fue el de la\u00a0<strong>conciencia pol\u00edtica<\/strong>. Y arranc\u00f3 a partir del\u00a0<strong>2 de octubre de 1968<\/strong>, cuando la fuerza represora del aparato estatal fue brutalmente lanzada en contra de los j\u00f3venes que entonces comenzaban a vivir en carne propia \u2013a partir de un pleito estudiantil sofocado a golpes, en las vecindades de una escuela privada y otra oficial cercanas a La Ciudadela capitalina\u2013 del\u00a0<strong>agotamiento del modelo del desarrollo estabilizador<\/strong>\u00a0y, por ende, del inicio del ensanchamiento de la brecha que separa a los pobres de los ricos.<\/p>\n<p>Se viv\u00eda entonces el\u00a0<strong>encarcelamiento de l\u00edderes sociales<\/strong>, la represi\u00f3n de la que hab\u00edan sido\u00a0<strong>v\u00edctimas los m\u00e9dicos y, antes, los ferrocarrileros.<\/strong>\u00a0Los de\u00a0<strong>Valent\u00edn Campa, Demetrio Vallejo<\/strong>, y hasta el de\u00a0<strong>Siqueiros<\/strong>\u00a0eran nombres proscritos. Los delitos de\u00a0<strong>disoluci\u00f3n social e incitaci\u00f3n a la rebeli\u00f3n\u00a0<\/strong>de aplicaban en contra de cualquiera que se atreviera a disentir, a hablar, a escribir, incluso a pintar.<\/p>\n<p>En 1976, con\u00a0<strong>la primera devaluaci\u00f3n del peso tras d\u00e9cadas de estabilidad cambiaria con respecto al d\u00f3lar<\/strong>, adquirimos conciencia de la fragilidad econ\u00f3mica. Y en 1985, merced al\u00a0<strong>terremoto del 19 de septiembre<\/strong>, adquirimos conciencia de nuestro poder pol\u00edtico como conjunto social, que nos impuls\u00f3 para que en 1997 y en el 2000\u00a0<strong>expuls\u00e1ramos al PRI<\/strong>\u00a0de los cargos legislativos y del Ejecutivo Federal, respectivamente.<\/p>\n<p>Cuatro momentos, a partir del 2 de octubre de 1968.<\/p>\n<p>Por eso\u00a0<strong>no se olvida<\/strong>.<\/p>\n<p>No se debe olvidar.<\/p>\n<p style=\"text-align: center;\"><strong>Indicios<\/strong><\/p>\n<p>\u00bfSabe usted por qu\u00e9 a los\u00a0<strong>pol\u00edticos pri\u00edstas<\/strong>\u00a0se les llama\u00a0<strong>dinosaurios<\/strong>? No. No es por su longevidad. Ni s\u00f3lo porque pertenezcan a\u00a0<strong>\u00e9pocas remotas, ya superadas por la sociedad<\/strong>. Obedece a que a cualquier edad, j\u00f3venes, maduros o viejos, tienen la\u00a0<strong>cola larga<\/strong>\u00a0que les pueden pisar y porque han desarrollado un cuello tambi\u00e9n largo, largo, largo de tanto\u00a0<strong>inclinarse ante el poderoso<\/strong>\u00a0en turno. Lo vemos ahora, cuando\u00a0<strong>Alejandro\u00a0<em>Alito<\/em>\u00a0Moreno<\/strong>, dirigente del\u00a0<strong>partidito<\/strong>, y\u00a0<strong>uno de los execrables Moreira<\/strong>\u00a0-de cuyo nombre nunca me acuerdo- est\u00e1n a punto de<strong>darle la espalda<\/strong>\u00a0a sus\u00a0<strong>socios de campa\u00f1a, PAN y PRD,\u00a0<\/strong>para sumarse a\u00a0<strong>Morena<\/strong>\u00a0y aprobar la\u00a0<strong>contrarreforma el\u00e9ctrica<\/strong>\u00a0 propuesta por Andr\u00e9s Manuel L\u00f3pez Obrador. Ambos, el campechano y el coahuilense,\u00a0<strong>tienen la cola y el cuello muy largos<\/strong>. + + + Le comentaba en la anterior entrega de esta columna que\u00a0cada ocasi\u00f3n en la que\u00a0<strong>Andr\u00e9s Manuel L\u00f3pez Obrador<\/strong>\u00a0lanza vivas y\u00a0<strong>porras a su regenta\u00a0<\/strong>en Ciudad de M\u00e9xico,\u00a0<strong>Claudia Sheinbaum<\/strong>, le provoca un da\u00f1o enorme. La m\u00e1s reciente fue la respuesta de sus contrincantes\u00a0<strong>filtrando la <\/strong><strong>multimillonaria beca del Conacyt<\/strong> \u2014m\u00e1s de cinco millones de pesos\u2014 a su hija Mariana Imaz. + + + \u00a1Feliz inicio de semana! Y como siempre, buenas gracias y muchos, \u00a1muchos d\u00edas!<\/p>\n<p><em><u><a href=\"http:\/\/www.indicepolitico.com\" target=\"_blank\" rel=\"noopener noreferrer\">www.indicepolitico.com<\/a><\/u><u><br \/>\n<\/u><a href=\"mailto:indicepolitico@gmail.com\" target=\"_blank\" rel=\"noopener noreferrer\">indicepolitico@gmail.com<\/a><\/em><br \/>\n<em><a href=\"https:\/\/twitter.com\/indicepolitico?lang=es\" target=\"_blank\" rel=\"noopener noreferrer\">@IndicePolitico<\/a><\/em><br \/>\n<em><u><a href=\"https:\/\/twitter.com\/pacorodriguez\" target=\"_blank\" rel=\"noopener noreferrer\">@pacorodriguez<\/a><\/u><\/em><\/p>\n","protected":false},"excerpt":{"rendered":"<p><span style=\"color: #005497;\"><strong>Francisco Rodr\u00edguez<\/strong><\/span><br \/>\n<br \/>\nLos tent\u00e1culos del <strong>narcotr\u00e1fico <\/strong>abrazan y estrujan al gobierno federal.<\/p>\n","protected":false},"author":3,"featured_media":0,"comment_status":"open","ping_status":"open","sticky":false,"template":"","format":"standard","meta":{"_monsterinsights_skip_tracking":false,"_monsterinsights_sitenote_active":false,"_monsterinsights_sitenote_note":"","_monsterinsights_sitenote_category":0,"footnotes":""},"categories":[549],"tags":[43689,550,43674],"class_list":["post-522644","post","type-post","status-publish","format-standard","hentry","category-francisco-rodriguez","tag-francisco-rodriguez","tag-indice-politico","tag-opinion"],"_links":{"self":[{"href":"https:\/\/www.diarioimagen.net\/index.php?rest_route=\/wp\/v2\/posts\/522644","targetHints":{"allow":["GET"]}}],"collection":[{"href":"https:\/\/www.diarioimagen.net\/index.php?rest_route=\/wp\/v2\/posts"}],"about":[{"href":"https:\/\/www.diarioimagen.net\/index.php?rest_route=\/wp\/v2\/types\/post"}],"author":[{"embeddable":true,"href":"https:\/\/www.diarioimagen.net\/index.php?rest_route=\/wp\/v2\/users\/3"}],"replies":[{"embeddable":true,"href":"https:\/\/www.diarioimagen.net\/index.php?rest_route=%2Fwp%2Fv2%2Fcomments&post=522644"}],"version-history":[{"count":0,"href":"https:\/\/www.diarioimagen.net\/index.php?rest_route=\/wp\/v2\/posts\/522644\/revisions"}],"wp:attachment":[{"href":"https:\/\/www.diarioimagen.net\/index.php?rest_route=%2Fwp%2Fv2%2Fmedia&parent=522644"}],"wp:term":[{"taxonomy":"category","embeddable":true,"href":"https:\/\/www.diarioimagen.net\/index.php?rest_route=%2Fwp%2Fv2%2Fcategories&post=522644"},{"taxonomy":"post_tag","embeddable":true,"href":"https:\/\/www.diarioimagen.net\/index.php?rest_route=%2Fwp%2Fv2%2Ftags&post=522644"}],"curies":[{"name":"wp","href":"https:\/\/api.w.org\/{rel}","templated":true}]}}