{"id":522761,"date":"2021-10-05T00:03:32","date_gmt":"2021-10-05T05:03:32","guid":{"rendered":"https:\/\/www.diarioimagen.net\/?p=522761"},"modified":"2021-10-05T10:09:15","modified_gmt":"2021-10-05T15:09:15","slug":"el-pan-huixquilucan-cierra-filas-en-torno-a-la-candidatura-de-unidad-de-anuar-azar","status":"publish","type":"post","link":"https:\/\/www.diarioimagen.net\/?p=522761","title":{"rendered":"El PAN Huixquilucan cierra filas en torno a la candidatura de unidad de Anuar Azar"},"content":{"rendered":"<p>&nbsp;<\/p>\n<ul>\n<li><strong><em>Rumbo a la renovaci\u00f3n del CDE en Edomex<\/em><\/strong><\/li>\n<\/ul>\n<p>&nbsp;<\/p>\n<div id=\"attachment_522884\" style=\"width: 470px\" class=\"wp-caption aligncenter\"><a href=\"https:\/\/www.diarioimagen.net\/?attachment_id=522884\" rel=\"attachment wp-att-522884\"><img loading=\"lazy\" decoding=\"async\" aria-describedby=\"caption-attachment-522884\" class=\"size-full wp-image-522884\" src=\"https:\/\/www.diarioimagen.net\/wp-content\/uploads\/2021\/10\/huix-1-1.jpg\" alt=\"\" width=\"460\" height=\"270\" \/><\/a><p id=\"caption-attachment-522884\" class=\"wp-caption-text\">La alcaldesa electa Romina Contreras de Vargas recibi\u00f3 a Anuar Azar y a Teresa Ginez en Huixquilucan, con el fin de respaldar el proyecto pol\u00edtico que ambos lideran.<\/p><\/div>\n<p>&nbsp;<\/p>\n<p><strong>Huixquilucan, Estado de M\u00e9xico<\/strong>.- Integrantes del Partido Acci\u00f3n Nacional (PAN) en Huixquilucan cerraron filas este domingo a favor de la f\u00f3rmula conformada por Anuar Azar Figueroa y Mar\u00eda Teresa Ginez Serrano, para integrar la nueva dirigencia del Comit\u00e9 Directivo Estatal (CDE) de este instituto pol\u00edtico en el Estado de M\u00e9xico.<\/p>\n<p>Encabezados por la alcaldesa electa, Romina Contreras de Vargas, el panismo de Huixquilucan recibi\u00f3 a Anuar Azar y a Teresa Ginez en este municipio, con el fin de respaldar el proyecto pol\u00edtico de unidad que ambos lideran y avanzar en los trabajos de renovaci\u00f3n de este instituto pol\u00edtico, cuya nueva dirigencia tendr\u00e1 a su cargo la organizaci\u00f3n de los comicios electorales de 2023, en donde se elegir\u00e1 al nuevo gobernador mexiquense.<\/p>\n<p>Ante cerca de mil militantes, Romina Contreras destac\u00f3 la experiencia de ambos panistas y asegur\u00f3 que, una vez que asuman la presidencia y secretar\u00eda general del partido, respectivamente, realizar\u00e1n un extraordinario trabajo para mantener la unidad en este instituto pol\u00edtico y hacer que el panismo siga avanzando en el Estado de M\u00e9xico, como sucedi\u00f3 el pasado 06 de junio, cuando se recuper\u00f3 al llamado \u201ccorredor azul\u201d del Valle de M\u00e9xico.<\/p>\n<p>\u201cAnuar Azar y Teresa Ginez tienen la visi\u00f3n que necesita Acci\u00f3n Nacional y M\u00e9xico, para conformar un partido honesto, con valores y de transformaci\u00f3n, con ideas nuevas y frescas. Cuentan con nuestro apoyo, Huixquilucan estar\u00e1 con ustedes y vamos a trabajar de la mano para renovar el Comit\u00e9 Estatal\u201d, destac\u00f3 la alcaldesa electa, tras refrendar su compromiso de trabajar para mantener a los gobiernos panistas como el de este municipio, entre los mejores evaluados de todo el pa\u00eds.<\/p>\n<p>En este acto, Anuar Azar asumi\u00f3 el compromiso de mantener la unidad al interior del panismo mexiquense, pues afirm\u00f3 que se trabajar\u00e1 sin descanso para que, con coalici\u00f3n o sin ella, el PAN del Estado de M\u00e9xico siga avanzando y obtenga el triunfo en la pr\u00f3xima elecci\u00f3n de 2023, donde se renovar\u00e1 la gubernatura de este estado, de la mano con el coordinador de los diputados locales, Enrique Vargas del Villar.<\/p>\n<p>\u201cTambi\u00e9n tenemos un compromiso muy importante para el 2024 y desde aqu\u00ed, desde Huixquilucan, el gobierno mejor calificado por los ciudadanos en el Estado de M\u00e9xico y de los mejores a nivel nacional, le abro la puerta a todos y todas los panistas, el PAN estar\u00e1 abierto para trabajar y construir. Nosotros vamos a proponer y abrir el partido a la sociedad, por lo que me comprometo a poner el coraz\u00f3n, a poner mi experiencia y capacidad y a trabajar con toda la fuerza de Acci\u00f3n Nacional\u201d, apunt\u00f3.<\/p>\n<p>En el evento estuvieron presentes la alcaldesa de Jilotzingo, Evelyn May\u00e9n Gonz\u00e1lez; el diputado local por el Distrito 17, Luis Narcizo Fierro Cima; la candidata a secretaria general del PAN, Mar\u00eda Teresa Ginez; el presidente del Comit\u00e9 Municipal, Le\u00f3n Gonz\u00e1lez, as\u00ed como integrantes de la planilla y del cabildo electo de Huixquilucan.<\/p>\n","protected":false},"excerpt":{"rendered":"<p>Integrantes del Partido Acci\u00f3n Nacional (PAN) en Huixquilucan cerraron filas este domingo a favor de la f\u00f3rmula conformada por Anuar Azar Figueroa y Mar\u00eda Teresa Ginez Serrano, para integrar la nueva dirigencia del Comit\u00e9 Directivo Estatal (CDE) de este instituto pol\u00edtico en el Estado de M\u00e9xico.<\/p>\n","protected":false},"author":3,"featured_media":522884,"comment_status":"open","ping_status":"open","sticky":false,"template":"","format":"standard","meta":{"_monsterinsights_skip_tracking":false,"_monsterinsights_sitenote_active":false,"_monsterinsights_sitenote_note":"","_monsterinsights_sitenote_category":0,"footnotes":""},"categories":[5],"tags":[43675,1097,91],"class_list":["post-522761","post","type-post","status-publish","format-standard","has-post-thumbnail","hentry","category-estado-de-mexico","tag-estado-de-mexico","tag-huixquilucan","tag-pan"],"_links":{"self":[{"href":"https:\/\/www.diarioimagen.net\/index.php?rest_route=\/wp\/v2\/posts\/522761","targetHints":{"allow":["GET"]}}],"collection":[{"href":"https:\/\/www.diarioimagen.net\/index.php?rest_route=\/wp\/v2\/posts"}],"about":[{"href":"https:\/\/www.diarioimagen.net\/index.php?rest_route=\/wp\/v2\/types\/post"}],"author":[{"embeddable":true,"href":"https:\/\/www.diarioimagen.net\/index.php?rest_route=\/wp\/v2\/users\/3"}],"replies":[{"embeddable":true,"href":"https:\/\/www.diarioimagen.net\/index.php?rest_route=%2Fwp%2Fv2%2Fcomments&post=522761"}],"version-history":[{"count":0,"href":"https:\/\/www.diarioimagen.net\/index.php?rest_route=\/wp\/v2\/posts\/522761\/revisions"}],"wp:featuredmedia":[{"embeddable":true,"href":"https:\/\/www.diarioimagen.net\/index.php?rest_route=\/wp\/v2\/media\/522884"}],"wp:attachment":[{"href":"https:\/\/www.diarioimagen.net\/index.php?rest_route=%2Fwp%2Fv2%2Fmedia&parent=522761"}],"wp:term":[{"taxonomy":"category","embeddable":true,"href":"https:\/\/www.diarioimagen.net\/index.php?rest_route=%2Fwp%2Fv2%2Fcategories&post=522761"},{"taxonomy":"post_tag","embeddable":true,"href":"https:\/\/www.diarioimagen.net\/index.php?rest_route=%2Fwp%2Fv2%2Ftags&post=522761"}],"curies":[{"name":"wp","href":"https:\/\/api.w.org\/{rel}","templated":true}]}}