{"id":522793,"date":"2021-10-05T00:03:14","date_gmt":"2021-10-05T05:03:14","guid":{"rendered":"https:\/\/www.diarioimagen.net\/?p=522793"},"modified":"2021-10-06T05:32:58","modified_gmt":"2021-10-06T10:32:58","slug":"la-reforma-electrica-electrocutaria-al-pri","status":"publish","type":"post","link":"https:\/\/www.diarioimagen.net\/?p=522793","title":{"rendered":"La reforma el\u00e9ctrica electrocutar\u00eda al PRI"},"content":{"rendered":"<h2>Espacio Electoral<\/h2>\n<h5>Eleazar Flores<strong>\u00a0<\/strong><\/h5>\n<p>&nbsp;<\/p>\n<p><strong>TRICOLOR ABARATADO-.<\/strong> Para\u00a0 analistas y polit\u00f3logos serios no ser\u00eda novedad que a cambio de algunas importantes Comisiones Legislativas reci\u00e9n asignadas, la fracci\u00f3n tricolor ya se sienta amada por Morena y su due\u00f1o.<\/p>\n<p>Confirmar\u00eda, adem\u00e1s, la versi\u00f3n ventilada cuando Alejandro Moreno peleaba y gan\u00f3 la presidencia del tricolor, en el sentido de que era \u201cel candidato de AMLO\u201d.<\/p>\n<p>\u00bfVale la afrenta apoyar a Morena a cambio de la Jucopo y unas Comisiones?<\/p>\n<p>Desde su llegada a la presidencia, <em>Alito<\/em> evidenci\u00f3 su fuerte incapacidad conciliadora con la salida del tricolor de la yucateca Ivonne Ortega, activo fuerte que perdi\u00f3 ante el campechano y est\u00e9 lejos de \u201cjalarla\u201d, la dej\u00f3 ir, inici\u00e1ndose as\u00ed una larga lista de deserciones que debilitan a\u00fan m\u00e1s al PRI.<\/p>\n<p>Esa fuerte debilidad tricolor se evidencia en las pasadas elecciones\u00a0 ganando s\u00f3lo 71 diputaciones federales, cero gubernaturas y algunas alcald\u00edas importantes, confirmado as\u00ed su horroroso tercer lugar, abajo del PAN.<\/p>\n<p><strong>REFORMA EL\u00c9CTRICA-.<\/strong> Luego de derribar la construcci\u00f3n del nuevo aeropuerto en Texcoco y borrar la reforma educativa, el padre de la Cuarta Transformaci\u00f3n promueve, promete y seguramente sacar\u00e1 adelante su nueva reforma el\u00e9ctrica, asunto prioritario para \u00e9l en este su\u00a0 segundo trienio.<\/p>\n<p>Dos d\u00edas despu\u00e9s de confirmarse que Morena perdi\u00f3 la mayor\u00eda calificada en el Poder Legislativo, lo que dificultar\u00eda reformas constitucionales como lo requiere la iniciativa el\u00e9ctrica, el mandatario ventil\u00f3 la posibilidad que \u201cpodr\u00eda ayudarnos el PRI\u201d, como buen conocedor de su paisano sure\u00f1o.<\/p>\n<p><strong>PAN-PRD, FIRMES, PRI, VELEIDOSO-.<\/strong> Tan pronto anunci\u00f3 el gobierno el env\u00edo de su iniciativa el\u00e9ctrica al poder Legislativo, panistas y perredistas externaron su oposici\u00f3n al documento, calific\u00e1ndolo de anacr\u00f3nico y proclive a la estatizaci\u00f3n al limitar la participaci\u00f3n del sector privado.<\/p>\n<p>En este mismo tenor se pronunci\u00f3 el sector privado generador de empleos. El PRI, sin embargo, extra\u00f1\u00f3 la endeble y confusa postura del dirigente tricolor, Alejandro Moreno C\u00e1rdenas, quien anunci\u00f3 la celebraci\u00f3n de consultas p\u00fablicas para poder escuchar a todos los sectores involucrados en este importante tema.<\/p>\n<p>Volviendo al sentir de analistas y polit\u00f3logos serios, creen que la dirigencia y concretamente la fracci\u00f3n tricolor legislativa, pagan muy caro a Morena el que al PRI le hayan dado adem\u00e1s de la Junta de Coordinaci\u00f3n Pol\u00edtica, Jucopo, presidir algunas Comisiones importantes adem\u00e1s de la presidencia.<\/p>\n<p>La celebraci\u00f3n de consultas p\u00fablicas, ya se sabe c\u00f3mo las hace el PRI, seguramente ser\u00e1n inducidas desde la dirigencia nacional con la finalidad de que en los comit\u00e9s directivos estatales se mantenga esa postura\u2026 \u00bfaprobatoria?.<\/p>\n<p>Esta postura con un tufo de apoyo a Morena, seguramente aumentar\u00e1 la inconformidad de la militancia tricolor -si es que a\u00fan la hay-, contra sus dirigentes que casi todos dobletean salarios, en el partido y en el Legislativo, \u00bfo no <em>Alito<\/em>?<\/p>\n<p><em><a href=\"mailto:elefa44@gmail.com\" target=\"_blank\" rel=\"noopener noreferrer\">elefa44@gmail.com<\/a><\/em><\/p>\n","protected":false},"excerpt":{"rendered":"<p><span style=\"color: #005497;\"><strong>Eleazar Flores<\/strong><\/span><\/p>\n","protected":false},"author":3,"featured_media":0,"comment_status":"open","ping_status":"open","sticky":false,"template":"","format":"standard","meta":{"_monsterinsights_skip_tracking":false,"_monsterinsights_sitenote_active":false,"_monsterinsights_sitenote_note":"","_monsterinsights_sitenote_category":0,"footnotes":""},"categories":[81743],"tags":[81744,81776,43674],"class_list":["post-522793","post","type-post","status-publish","format-standard","hentry","category-eleazar-flores","tag-eleazar-flores","tag-espacio-electoral","tag-opinion"],"_links":{"self":[{"href":"https:\/\/www.diarioimagen.net\/index.php?rest_route=\/wp\/v2\/posts\/522793","targetHints":{"allow":["GET"]}}],"collection":[{"href":"https:\/\/www.diarioimagen.net\/index.php?rest_route=\/wp\/v2\/posts"}],"about":[{"href":"https:\/\/www.diarioimagen.net\/index.php?rest_route=\/wp\/v2\/types\/post"}],"author":[{"embeddable":true,"href":"https:\/\/www.diarioimagen.net\/index.php?rest_route=\/wp\/v2\/users\/3"}],"replies":[{"embeddable":true,"href":"https:\/\/www.diarioimagen.net\/index.php?rest_route=%2Fwp%2Fv2%2Fcomments&post=522793"}],"version-history":[{"count":0,"href":"https:\/\/www.diarioimagen.net\/index.php?rest_route=\/wp\/v2\/posts\/522793\/revisions"}],"wp:attachment":[{"href":"https:\/\/www.diarioimagen.net\/index.php?rest_route=%2Fwp%2Fv2%2Fmedia&parent=522793"}],"wp:term":[{"taxonomy":"category","embeddable":true,"href":"https:\/\/www.diarioimagen.net\/index.php?rest_route=%2Fwp%2Fv2%2Fcategories&post=522793"},{"taxonomy":"post_tag","embeddable":true,"href":"https:\/\/www.diarioimagen.net\/index.php?rest_route=%2Fwp%2Fv2%2Ftags&post=522793"}],"curies":[{"name":"wp","href":"https:\/\/api.w.org\/{rel}","templated":true}]}}